{"id":17186,"date":"2026-09-04T13:07:17","date_gmt":"2026-09-04T18:07:17","guid":{"rendered":"https:\/\/prensapaisa.com\/?p=17186"},"modified":"2026-09-04T13:07:18","modified_gmt":"2026-09-04T18:07:18","slug":"capturado-cuando-cobraba-una-extorsion-a-un-empresario-en-medellin","status":"publish","type":"post","link":"https:\/\/prensapaisa.com\/index.php\/2026\/09\/04\/capturado-cuando-cobraba-una-extorsion-a-un-empresario-en-medellin\/","title":{"rendered":"Capturado cuando cobraba una extorsi\u00f3n a un empresario en Medell\u00edn"},"content":{"rendered":"\n<p class=\"wp-block-paragraph\">El presunto extorsionista fue sorprendido durante una entrega de dinero en inmediaciones del centro comercial Florida<br>Medell\u00edn. Una entrega de dinero que habr\u00eda sido pactada entre un empresario y un presunto extorsionista termin\u00f3 con la captura del se\u00f1alado responsable, en inmediaciones del centro comercial Florida, en Medell\u00edn.<\/p>\n\n\n\n<p class=\"wp-block-paragraph\">Seg\u00fan la informaci\u00f3n conocida, el empresario habr\u00eda sido v\u00edctima de exigencias econ\u00f3micas, por lo que las autoridades coordinaron un operativo para realizar la entrega controlada del dinero.<\/p>\n\n\n\n<p class=\"wp-block-paragraph\">En el momento en que el hombre lleg\u00f3 a recibir la suma acordada, agentes encubiertos intervinieron y procedieron a capturarlo.<br>Al detenido le fueron le\u00eddos sus derechos y se le inform\u00f3 que quedaba capturado por el presunto delito de extorsi\u00f3n.<\/p>\n\n\n\n<p class=\"wp-block-paragraph\">Posteriormente fue trasladado y qued\u00f3 a disposici\u00f3n de las autoridades competentes.<\/p>\n\n\n\n<p class=\"wp-block-paragraph\">El procedimiento busca establecer las circunstancias en las que se habr\u00eda producido la exigencia de dinero y determinar si el capturado estar\u00eda relacionado con otros hechos similares.<\/p>\n\n\n\n<p class=\"wp-block-paragraph\">El caso qued\u00f3 en manos de la Fiscal\u00eda y ser\u00e1 la justicia la encargada de definir la responsabilidad del se\u00f1alado<\/p>\n\n\n\n<figure class=\"wp-block-gallery has-nested-images columns-default is-cropped wp-block-gallery-1 is-layout-flex wp-block-gallery-is-layout-flex\">\n<figure class=\"wp-block-image size-large\"><img fetchpriority=\"high\" decoding=\"async\" width=\"910\" height=\"1024\" data-id=\"17187\" src=\"https:\/\/prensapaisa.com\/wp-content\/uploads\/2026\/09\/793436607_1807891167329179_8511657578958894333_n-910x1024.jpg\" alt=\"\" class=\"wp-image-17187\" srcset=\"https:\/\/prensapaisa.com\/wp-content\/uploads\/2026\/09\/793436607_1807891167329179_8511657578958894333_n-910x1024.jpg 910w, https:\/\/prensapaisa.com\/wp-content\/uploads\/2026\/09\/793436607_1807891167329179_8511657578958894333_n-267x300.jpg 267w, https:\/\/prensapaisa.com\/wp-content\/uploads\/2026\/09\/793436607_1807891167329179_8511657578958894333_n-768x864.jpg 768w, https:\/\/prensapaisa.com\/wp-content\/uploads\/2026\/09\/793436607_1807891167329179_8511657578958894333_n-585x658.jpg 585w, https:\/\/prensapaisa.com\/wp-content\/uploads\/2026\/09\/793436607_1807891167329179_8511657578958894333_n-1170x1317.jpg 1170w, https:\/\/prensapaisa.com\/wp-content\/uploads\/2026\/09\/793436607_1807891167329179_8511657578958894333_n.jpg 1290w\" sizes=\"(max-width: 910px) 100vw, 910px\" \/><\/figure>\n\n\n\n<figure class=\"wp-block-image size-large\"><img decoding=\"async\" width=\"1024\" height=\"1014\" data-id=\"17189\" src=\"https:\/\/prensapaisa.com\/wp-content\/uploads\/2026\/09\/795486810_1624593072575014_714188685204836092_n-1024x1014.jpg\" alt=\"\" class=\"wp-image-17189\" srcset=\"https:\/\/prensapaisa.com\/wp-content\/uploads\/2026\/09\/795486810_1624593072575014_714188685204836092_n-1024x1014.jpg 1024w, https:\/\/prensapaisa.com\/wp-content\/uploads\/2026\/09\/795486810_1624593072575014_714188685204836092_n-150x150.jpg 150w, https:\/\/prensapaisa.com\/wp-content\/uploads\/2026\/09\/795486810_1624593072575014_714188685204836092_n-300x297.jpg 300w, https:\/\/prensapaisa.com\/wp-content\/uploads\/2026\/09\/795486810_1624593072575014_714188685204836092_n-767x760.jpg 767w, https:\/\/prensapaisa.com\/wp-content\/uploads\/2026\/09\/795486810_1624593072575014_714188685204836092_n-1170x1159.jpg 1170w, https:\/\/prensapaisa.com\/wp-content\/uploads\/2026\/09\/795486810_1624593072575014_714188685204836092_n-585x580.jpg 585w, https:\/\/prensapaisa.com\/wp-content\/uploads\/2026\/09\/795486810_1624593072575014_714188685204836092_n.jpg 1290w\" sizes=\"(max-width: 1024px) 100vw, 1024px\" \/><\/figure>\n\n\n\n<figure class=\"wp-block-image size-large\"><img decoding=\"async\" width=\"1024\" height=\"590\" data-id=\"17188\" src=\"https:\/\/prensapaisa.com\/wp-content\/uploads\/2026\/09\/790880707_1961812107843187_3267894332864588180_n-1024x590.jpg\" alt=\"\" class=\"wp-image-17188\" srcset=\"https:\/\/prensapaisa.com\/wp-content\/uploads\/2026\/09\/790880707_1961812107843187_3267894332864588180_n-1024x590.jpg 1024w, https:\/\/prensapaisa.com\/wp-content\/uploads\/2026\/09\/790880707_1961812107843187_3267894332864588180_n-300x173.jpg 300w, https:\/\/prensapaisa.com\/wp-content\/uploads\/2026\/09\/790880707_1961812107843187_3267894332864588180_n-767x442.jpg 767w, https:\/\/prensapaisa.com\/wp-content\/uploads\/2026\/09\/790880707_1961812107843187_3267894332864588180_n-1170x674.jpg 1170w, https:\/\/prensapaisa.com\/wp-content\/uploads\/2026\/09\/790880707_1961812107843187_3267894332864588180_n-1536x885.jpg 1536w, https:\/\/prensapaisa.com\/wp-content\/uploads\/2026\/09\/790880707_1961812107843187_3267894332864588180_n-585x337.jpg 585w, https:\/\/prensapaisa.com\/wp-content\/uploads\/2026\/09\/790880707_1961812107843187_3267894332864588180_n.jpg 1869w\" sizes=\"(max-width: 1024px) 100vw, 1024px\" \/><\/figure>\n<\/figure>\n","protected":false},"excerpt":{"rendered":"<p>El presunto extorsionista fue sorprendido durante una entrega de dinero en inmediaciones del centro comercial FloridaMedell\u00edn. Una entrega de dinero que habr\u00eda sido pactada entre un empresario y un presunto&hellip;<\/p>\n","protected":false},"author":1,"featured_media":17189,"comment_status":"closed","ping_status":"open","sticky":false,"template":"","format":"standard","meta":{"footnotes":""},"categories":[49,50,48,1],"tags":[],"class_list":["post-17186","post","type-post","status-publish","format-standard","has-post-thumbnail","hentry","category-capturas","category-denuncias","category-hurtos","category-noticias"],"yoast_head":"<!-- This site is optimized with the Yoast SEO plugin v28.4 - https:\/\/yoast.com\/product\/yoast-seo-wordpress\/ -->\n<title>Capturado cuando cobraba una extorsi\u00f3n a un empresario en Medell\u00edn - PRENSA PAISA<\/title>\n<meta name=\"robots\" content=\"index, follow, max-snippet:-1, max-image-preview:large, max-video-preview:-1\" \/>\n<link rel=\"canonical\" href=\"https:\/\/prensapaisa.com\/index.php\/2026\/09\/04\/capturado-cuando-cobraba-una-extorsion-a-un-empresario-en-medellin\/\" \/>\n<meta property=\"og:locale\" content=\"es_ES\" \/>\n<meta property=\"og:type\" content=\"article\" \/>\n<meta property=\"og:title\" content=\"Capturado cuando cobraba una extorsi\u00f3n a un empresario en Medell\u00edn - PRENSA PAISA\" \/>\n<meta property=\"og:description\" content=\"El presunto extorsionista fue sorprendido durante una entrega de dinero en inmediaciones del centro comercial FloridaMedell\u00edn. Una entrega de dinero que habr\u00eda sido pactada entre un empresario y un presunto&hellip;\" \/>\n<meta property=\"og:url\" content=\"https:\/\/prensapaisa.com\/index.php\/2026\/09\/04\/capturado-cuando-cobraba-una-extorsion-a-un-empresario-en-medellin\/\" \/>\n<meta property=\"og:site_name\" content=\"PRENSA PAISA\" \/>\n<meta property=\"article:published_time\" content=\"2026-09-04T18:07:17+00:00\" \/>\n<meta property=\"article:modified_time\" content=\"2026-09-04T18:07:18+00:00\" \/>\n<meta property=\"og:image\" content=\"https:\/\/prensapaisa.com\/wp-content\/uploads\/2026\/09\/795486810_1624593072575014_714188685204836092_n.jpg\" \/>\n\t<meta property=\"og:image:width\" content=\"1290\" \/>\n\t<meta property=\"og:image:height\" content=\"1278\" \/>\n\t<meta property=\"og:image:type\" content=\"image\/jpeg\" \/>\n<meta name=\"author\" content=\"noticias@prensapaisa.com\" \/>\n<meta name=\"twitter:card\" content=\"summary_large_image\" \/>\n<meta name=\"twitter:label1\" content=\"Escrito por\" \/>\n\t<meta name=\"twitter:data1\" content=\"noticias@prensapaisa.com\" \/>\n\t<meta name=\"twitter:label2\" content=\"Tiempo de lectura\" \/>\n\t<meta name=\"twitter:data2\" content=\"2 minutos\" \/>\n<script type=\"application\/ld+json\" class=\"yoast-schema-graph\">{\"@context\":\"https:\\\/\\\/schema.org\",\"@graph\":[{\"@type\":\"Article\",\"@id\":\"https:\\\/\\\/prensapaisa.com\\\/index.php\\\/2026\\\/09\\\/04\\\/capturado-cuando-cobraba-una-extorsion-a-un-empresario-en-medellin\\\/#article\",\"isPartOf\":{\"@id\":\"https:\\\/\\\/prensapaisa.com\\\/index.php\\\/2026\\\/09\\\/04\\\/capturado-cuando-cobraba-una-extorsion-a-un-empresario-en-medellin\\\/\"},\"author\":{\"name\":\"noticias@prensapaisa.com\",\"@id\":\"https:\\\/\\\/prensapaisa.com\\\/#\\\/schema\\\/person\\\/c5899b8b285dbcd70faec88a7c1579f6\"},\"headline\":\"Capturado cuando cobraba una extorsi\u00f3n a un empresario en Medell\u00edn\",\"datePublished\":\"2026-09-04T18:07:17+00:00\",\"dateModified\":\"2026-09-04T18:07:18+00:00\",\"mainEntityOfPage\":{\"@id\":\"https:\\\/\\\/prensapaisa.com\\\/index.php\\\/2026\\\/09\\\/04\\\/capturado-cuando-cobraba-una-extorsion-a-un-empresario-en-medellin\\\/\"},\"wordCount\":199,\"publisher\":{\"@id\":\"https:\\\/\\\/prensapaisa.com\\\/#organization\"},\"image\":{\"@id\":\"https:\\\/\\\/prensapaisa.com\\\/index.php\\\/2026\\\/09\\\/04\\\/capturado-cuando-cobraba-una-extorsion-a-un-empresario-en-medellin\\\/#primaryimage\"},\"thumbnailUrl\":\"https:\\\/\\\/prensapaisa.com\\\/wp-content\\\/uploads\\\/2026\\\/09\\\/795486810_1624593072575014_714188685204836092_n.jpg\",\"articleSection\":[\"Capturas\",\"Denuncias\",\"Hurtos\",\"Noticias\"],\"inLanguage\":\"es-CO\"},{\"@type\":\"WebPage\",\"@id\":\"https:\\\/\\\/prensapaisa.com\\\/index.php\\\/2026\\\/09\\\/04\\\/capturado-cuando-cobraba-una-extorsion-a-un-empresario-en-medellin\\\/\",\"url\":\"https:\\\/\\\/prensapaisa.com\\\/index.php\\\/2026\\\/09\\\/04\\\/capturado-cuando-cobraba-una-extorsion-a-un-empresario-en-medellin\\\/\",\"name\":\"Capturado cuando cobraba una extorsi\u00f3n a un empresario en Medell\u00edn - PRENSA PAISA\",\"isPartOf\":{\"@id\":\"https:\\\/\\\/prensapaisa.com\\\/#website\"},\"primaryImageOfPage\":{\"@id\":\"https:\\\/\\\/prensapaisa.com\\\/index.php\\\/2026\\\/09\\\/04\\\/capturado-cuando-cobraba-una-extorsion-a-un-empresario-en-medellin\\\/#primaryimage\"},\"image\":{\"@id\":\"https:\\\/\\\/prensapaisa.com\\\/index.php\\\/2026\\\/09\\\/04\\\/capturado-cuando-cobraba-una-extorsion-a-un-empresario-en-medellin\\\/#primaryimage\"},\"thumbnailUrl\":\"https:\\\/\\\/prensapaisa.com\\\/wp-content\\\/uploads\\\/2026\\\/09\\\/795486810_1624593072575014_714188685204836092_n.jpg\",\"datePublished\":\"2026-09-04T18:07:17+00:00\",\"dateModified\":\"2026-09-04T18:07:18+00:00\",\"breadcrumb\":{\"@id\":\"https:\\\/\\\/prensapaisa.com\\\/index.php\\\/2026\\\/09\\\/04\\\/capturado-cuando-cobraba-una-extorsion-a-un-empresario-en-medellin\\\/#breadcrumb\"},\"inLanguage\":\"es-CO\",\"potentialAction\":[{\"@type\":\"ReadAction\",\"target\":[\"https:\\\/\\\/prensapaisa.com\\\/index.php\\\/2026\\\/09\\\/04\\\/capturado-cuando-cobraba-una-extorsion-a-un-empresario-en-medellin\\\/\"]}]},{\"@type\":\"ImageObject\",\"inLanguage\":\"es-CO\",\"@id\":\"https:\\\/\\\/prensapaisa.com\\\/index.php\\\/2026\\\/09\\\/04\\\/capturado-cuando-cobraba-una-extorsion-a-un-empresario-en-medellin\\\/#primaryimage\",\"url\":\"https:\\\/\\\/prensapaisa.com\\\/wp-content\\\/uploads\\\/2026\\\/09\\\/795486810_1624593072575014_714188685204836092_n.jpg\",\"contentUrl\":\"https:\\\/\\\/prensapaisa.com\\\/wp-content\\\/uploads\\\/2026\\\/09\\\/795486810_1624593072575014_714188685204836092_n.jpg\",\"width\":1290,\"height\":1278},{\"@type\":\"BreadcrumbList\",\"@id\":\"https:\\\/\\\/prensapaisa.com\\\/index.php\\\/2026\\\/09\\\/04\\\/capturado-cuando-cobraba-una-extorsion-a-un-empresario-en-medellin\\\/#breadcrumb\",\"itemListElement\":[{\"@type\":\"ListItem\",\"position\":1,\"name\":\"Inicio\",\"item\":\"https:\\\/\\\/prensapaisa.com\\\/\"},{\"@type\":\"ListItem\",\"position\":2,\"name\":\"Capturado cuando cobraba una extorsi\u00f3n a un empresario en Medell\u00edn\"}]},{\"@type\":\"WebSite\",\"@id\":\"https:\\\/\\\/prensapaisa.com\\\/#website\",\"url\":\"https:\\\/\\\/prensapaisa.com\\\/\",\"name\":\"PRENSA PAISA\",\"description\":\"Prensa Paisa la Original | Noticias de Medell\u00edn, Antioquia\",\"publisher\":{\"@id\":\"https:\\\/\\\/prensapaisa.com\\\/#organization\"},\"potentialAction\":[{\"@type\":\"SearchAction\",\"target\":{\"@type\":\"EntryPoint\",\"urlTemplate\":\"https:\\\/\\\/prensapaisa.com\\\/?s={search_term_string}\"},\"query-input\":{\"@type\":\"PropertyValueSpecification\",\"valueRequired\":true,\"valueName\":\"search_term_string\"}}],\"inLanguage\":\"es-CO\"},{\"@type\":\"Organization\",\"@id\":\"https:\\\/\\\/prensapaisa.com\\\/#organization\",\"name\":\"PRENSA PAISA\",\"url\":\"https:\\\/\\\/prensapaisa.com\\\/\",\"logo\":{\"@type\":\"ImageObject\",\"inLanguage\":\"es-CO\",\"@id\":\"https:\\\/\\\/prensapaisa.com\\\/#\\\/schema\\\/logo\\\/image\\\/\",\"url\":\"https:\\\/\\\/prensapaisa.com\\\/wp-content\\\/uploads\\\/2022\\\/05\\\/cropped-cropped-prensa.png\",\"contentUrl\":\"https:\\\/\\\/prensapaisa.com\\\/wp-content\\\/uploads\\\/2022\\\/05\\\/cropped-cropped-prensa.png\",\"width\":784,\"height\":524,\"caption\":\"PRENSA PAISA\"},\"image\":{\"@id\":\"https:\\\/\\\/prensapaisa.com\\\/#\\\/schema\\\/logo\\\/image\\\/\"}},{\"@type\":\"Person\",\"@id\":\"https:\\\/\\\/prensapaisa.com\\\/#\\\/schema\\\/person\\\/c5899b8b285dbcd70faec88a7c1579f6\",\"name\":\"noticias@prensapaisa.com\",\"image\":{\"@type\":\"ImageObject\",\"inLanguage\":\"es-CO\",\"@id\":\"https:\\\/\\\/secure.gravatar.com\\\/avatar\\\/ca2b49c1df14b84557c567431f045ea69c8ea5da2da50309fd4de9b811da0433?s=96&d=mm&r=g\",\"url\":\"https:\\\/\\\/secure.gravatar.com\\\/avatar\\\/ca2b49c1df14b84557c567431f045ea69c8ea5da2da50309fd4de9b811da0433?s=96&d=mm&r=g\",\"contentUrl\":\"https:\\\/\\\/secure.gravatar.com\\\/avatar\\\/ca2b49c1df14b84557c567431f045ea69c8ea5da2da50309fd4de9b811da0433?s=96&d=mm&r=g\",\"caption\":\"noticias@prensapaisa.com\"},\"sameAs\":[\"http:\\\/\\\/prensapaisa.com\"],\"url\":\"https:\\\/\\\/prensapaisa.com\\\/index.php\\\/author\\\/prensapaisagmail-com\\\/\"}]}<\/script>\n<!-- \/ Yoast SEO plugin. -->","yoast_head_json":{"title":"Capturado cuando cobraba una extorsi\u00f3n a un empresario en Medell\u00edn - PRENSA PAISA","robots":{"index":"index","follow":"follow","max-snippet":"max-snippet:-1","max-image-preview":"max-image-preview:large","max-video-preview":"max-video-preview:-1"},"canonical":"https:\/\/prensapaisa.com\/index.php\/2026\/09\/04\/capturado-cuando-cobraba-una-extorsion-a-un-empresario-en-medellin\/","og_locale":"es_ES","og_type":"article","og_title":"Capturado cuando cobraba una extorsi\u00f3n a un empresario en Medell\u00edn - PRENSA PAISA","og_description":"El presunto extorsionista fue sorprendido durante una entrega de dinero en inmediaciones del centro comercial FloridaMedell\u00edn. Una entrega de dinero que habr\u00eda sido pactada entre un empresario y un presunto&hellip;","og_url":"https:\/\/prensapaisa.com\/index.php\/2026\/09\/04\/capturado-cuando-cobraba-una-extorsion-a-un-empresario-en-medellin\/","og_site_name":"PRENSA PAISA","article_published_time":"2026-09-04T18:07:17+00:00","article_modified_time":"2026-09-04T18:07:18+00:00","og_image":[{"width":1290,"height":1278,"url":"https:\/\/prensapaisa.com\/wp-content\/uploads\/2026\/09\/795486810_1624593072575014_714188685204836092_n.jpg","type":"image\/jpeg"}],"author":"noticias@prensapaisa.com","twitter_card":"summary_large_image","twitter_misc":{"Escrito por":"noticias@prensapaisa.com","Tiempo de lectura":"2 minutos"},"schema":{"@context":"https:\/\/schema.org","@graph":[{"@type":"Article","@id":"https:\/\/prensapaisa.com\/index.php\/2026\/09\/04\/capturado-cuando-cobraba-una-extorsion-a-un-empresario-en-medellin\/#article","isPartOf":{"@id":"https:\/\/prensapaisa.com\/index.php\/2026\/09\/04\/capturado-cuando-cobraba-una-extorsion-a-un-empresario-en-medellin\/"},"author":{"name":"noticias@prensapaisa.com","@id":"https:\/\/prensapaisa.com\/#\/schema\/person\/c5899b8b285dbcd70faec88a7c1579f6"},"headline":"Capturado cuando cobraba una extorsi\u00f3n a un empresario en Medell\u00edn","datePublished":"2026-09-04T18:07:17+00:00","dateModified":"2026-09-04T18:07:18+00:00","mainEntityOfPage":{"@id":"https:\/\/prensapaisa.com\/index.php\/2026\/09\/04\/capturado-cuando-cobraba-una-extorsion-a-un-empresario-en-medellin\/"},"wordCount":199,"publisher":{"@id":"https:\/\/prensapaisa.com\/#organization"},"image":{"@id":"https:\/\/prensapaisa.com\/index.php\/2026\/09\/04\/capturado-cuando-cobraba-una-extorsion-a-un-empresario-en-medellin\/#primaryimage"},"thumbnailUrl":"https:\/\/prensapaisa.com\/wp-content\/uploads\/2026\/09\/795486810_1624593072575014_714188685204836092_n.jpg","articleSection":["Capturas","Denuncias","Hurtos","Noticias"],"inLanguage":"es-CO"},{"@type":"WebPage","@id":"https:\/\/prensapaisa.com\/index.php\/2026\/09\/04\/capturado-cuando-cobraba-una-extorsion-a-un-empresario-en-medellin\/","url":"https:\/\/prensapaisa.com\/index.php\/2026\/09\/04\/capturado-cuando-cobraba-una-extorsion-a-un-empresario-en-medellin\/","name":"Capturado cuando cobraba una extorsi\u00f3n a un empresario en Medell\u00edn - PRENSA PAISA","isPartOf":{"@id":"https:\/\/prensapaisa.com\/#website"},"primaryImageOfPage":{"@id":"https:\/\/prensapaisa.com\/index.php\/2026\/09\/04\/capturado-cuando-cobraba-una-extorsion-a-un-empresario-en-medellin\/#primaryimage"},"image":{"@id":"https:\/\/prensapaisa.com\/index.php\/2026\/09\/04\/capturado-cuando-cobraba-una-extorsion-a-un-empresario-en-medellin\/#primaryimage"},"thumbnailUrl":"https:\/\/prensapaisa.com\/wp-content\/uploads\/2026\/09\/795486810_1624593072575014_714188685204836092_n.jpg","datePublished":"2026-09-04T18:07:17+00:00","dateModified":"2026-09-04T18:07:18+00:00","breadcrumb":{"@id":"https:\/\/prensapaisa.com\/index.php\/2026\/09\/04\/capturado-cuando-cobraba-una-extorsion-a-un-empresario-en-medellin\/#breadcrumb"},"inLanguage":"es-CO","potentialAction":[{"@type":"ReadAction","target":["https:\/\/prensapaisa.com\/index.php\/2026\/09\/04\/capturado-cuando-cobraba-una-extorsion-a-un-empresario-en-medellin\/"]}]},{"@type":"ImageObject","inLanguage":"es-CO","@id":"https:\/\/prensapaisa.com\/index.php\/2026\/09\/04\/capturado-cuando-cobraba-una-extorsion-a-un-empresario-en-medellin\/#primaryimage","url":"https:\/\/prensapaisa.com\/wp-content\/uploads\/2026\/09\/795486810_1624593072575014_714188685204836092_n.jpg","contentUrl":"https:\/\/prensapaisa.com\/wp-content\/uploads\/2026\/09\/795486810_1624593072575014_714188685204836092_n.jpg","width":1290,"height":1278},{"@type":"BreadcrumbList","@id":"https:\/\/prensapaisa.com\/index.php\/2026\/09\/04\/capturado-cuando-cobraba-una-extorsion-a-un-empresario-en-medellin\/#breadcrumb","itemListElement":[{"@type":"ListItem","position":1,"name":"Inicio","item":"https:\/\/prensapaisa.com\/"},{"@type":"ListItem","position":2,"name":"Capturado cuando cobraba una extorsi\u00f3n a un empresario en Medell\u00edn"}]},{"@type":"WebSite","@id":"https:\/\/prensapaisa.com\/#website","url":"https:\/\/prensapaisa.com\/","name":"PRENSA PAISA","description":"Prensa Paisa la Original | Noticias de Medell\u00edn, Antioquia","publisher":{"@id":"https:\/\/prensapaisa.com\/#organization"},"potentialAction":[{"@type":"SearchAction","target":{"@type":"EntryPoint","urlTemplate":"https:\/\/prensapaisa.com\/?s={search_term_string}"},"query-input":{"@type":"PropertyValueSpecification","valueRequired":true,"valueName":"search_term_string"}}],"inLanguage":"es-CO"},{"@type":"Organization","@id":"https:\/\/prensapaisa.com\/#organization","name":"PRENSA PAISA","url":"https:\/\/prensapaisa.com\/","logo":{"@type":"ImageObject","inLanguage":"es-CO","@id":"https:\/\/prensapaisa.com\/#\/schema\/logo\/image\/","url":"https:\/\/prensapaisa.com\/wp-content\/uploads\/2022\/05\/cropped-cropped-prensa.png","contentUrl":"https:\/\/prensapaisa.com\/wp-content\/uploads\/2022\/05\/cropped-cropped-prensa.png","width":784,"height":524,"caption":"PRENSA PAISA"},"image":{"@id":"https:\/\/prensapaisa.com\/#\/schema\/logo\/image\/"}},{"@type":"Person","@id":"https:\/\/prensapaisa.com\/#\/schema\/person\/c5899b8b285dbcd70faec88a7c1579f6","name":"noticias@prensapaisa.com","image":{"@type":"ImageObject","inLanguage":"es-CO","@id":"https:\/\/secure.gravatar.com\/avatar\/ca2b49c1df14b84557c567431f045ea69c8ea5da2da50309fd4de9b811da0433?s=96&d=mm&r=g","url":"https:\/\/secure.gravatar.com\/avatar\/ca2b49c1df14b84557c567431f045ea69c8ea5da2da50309fd4de9b811da0433?s=96&d=mm&r=g","contentUrl":"https:\/\/secure.gravatar.com\/avatar\/ca2b49c1df14b84557c567431f045ea69c8ea5da2da50309fd4de9b811da0433?s=96&d=mm&r=g","caption":"noticias@prensapaisa.com"},"sameAs":["http:\/\/prensapaisa.com"],"url":"https:\/\/prensapaisa.com\/index.php\/author\/prensapaisagmail-com\/"}]}},"_links":{"self":[{"href":"https:\/\/prensapaisa.com\/index.php\/wp-json\/wp\/v2\/posts\/17186","targetHints":{"allow":["GET"]}}],"collection":[{"href":"https:\/\/prensapaisa.com\/index.php\/wp-json\/wp\/v2\/posts"}],"about":[{"href":"https:\/\/prensapaisa.com\/index.php\/wp-json\/wp\/v2\/types\/post"}],"author":[{"embeddable":true,"href":"https:\/\/prensapaisa.com\/index.php\/wp-json\/wp\/v2\/users\/1"}],"replies":[{"embeddable":true,"href":"https:\/\/prensapaisa.com\/index.php\/wp-json\/wp\/v2\/comments?post=17186"}],"version-history":[{"count":1,"href":"https:\/\/prensapaisa.com\/index.php\/wp-json\/wp\/v2\/posts\/17186\/revisions"}],"predecessor-version":[{"id":17190,"href":"https:\/\/prensapaisa.com\/index.php\/wp-json\/wp\/v2\/posts\/17186\/revisions\/17190"}],"wp:featuredmedia":[{"embeddable":true,"href":"https:\/\/prensapaisa.com\/index.php\/wp-json\/wp\/v2\/media\/17189"}],"wp:attachment":[{"href":"https:\/\/prensapaisa.com\/index.php\/wp-json\/wp\/v2\/media?parent=17186"}],"wp:term":[{"taxonomy":"category","embeddable":true,"href":"https:\/\/prensapaisa.com\/index.php\/wp-json\/wp\/v2\/categories?post=17186"},{"taxonomy":"post_tag","embeddable":true,"href":"https:\/\/prensapaisa.com\/index.php\/wp-json\/wp\/v2\/tags?post=17186"}],"curies":[{"name":"wp","href":"https:\/\/api.w.org\/{rel}","templated":true}]}}