{"id":17180,"date":"2026-09-03T10:18:22","date_gmt":"2026-09-03T15:18:22","guid":{"rendered":"https:\/\/prensapaisa.com\/?p=17180"},"modified":"2026-09-03T10:18:23","modified_gmt":"2026-09-03T15:18:23","slug":"donde-hay-mas-gente-hay-mas-escobas-y-hay-que-barrer-mas-medellin-reforzo-el-barrido-en-varios-sectores","status":"publish","type":"post","link":"https:\/\/prensapaisa.com\/index.php\/2026\/09\/03\/donde-hay-mas-gente-hay-mas-escobas-y-hay-que-barrer-mas-medellin-reforzo-el-barrido-en-varios-sectores\/","title":{"rendered":"\u00a1Donde hay m\u00e1s gente, hay m\u00e1s escobas y hay que barrer m\u00e1s! Medell\u00edn reforz\u00f3 el barrido en varios sectores\u2026"},"content":{"rendered":"\n<p class=\"wp-block-paragraph\"><a href=\"https:\/\/prensapaisa.com\/?fbclid=IwcGRvZgFleHRuA2FlbQIxMABicmlkETE2TXlpcEdQalFmU0FpVmFac3J0YwZhcHBfaWQQMjIyMDM5MTc4ODIwMDg5MgABHsqI_-xfstMUl7mirfNJq1rMtSu1uQkWjytv7kPJctheYCD67dScQLsJyaDY_aem_AE1yU5dlVnrGuTAxnKhgNw\" rel=\"noopener\" target=\"_blank\">Prensapaisa.com<\/a><\/p>\n\n\n\n<p class=\"wp-block-paragraph\">Medell\u00edn viene cambiando sus rutas de barrido para llevar el servicio a los sitios donde m\u00e1s se necesita y aumentar las pasadas en aquellos lugares donde el movimiento de gente deja, literalmente, m\u00e1s basura.<\/p>\n\n\n\n<p class=\"wp-block-paragraph\">Durante los primeros seis meses de 2026, el Distrito realiz\u00f3 33 ajustes al plan de barrido de Emvarias, luego de identificar sectores que necesitaban m\u00e1s atenci\u00f3n y recibir tambi\u00e9n solicitudes de los mismos ciudadanos.<\/p>\n\n\n\n<p class=\"wp-block-paragraph\">Y aunque para muchos puede parecer simplemente una escoba pasando por la calle, detr\u00e1s hay todo un recorrido para decidir d\u00f3nde hace falta limpiar m\u00e1s y con qu\u00e9 frecuencia.<\/p>\n\n\n\n<p class=\"wp-block-paragraph\">Uno de los cambios m\u00e1s importantes se dio en Villas de San Jos\u00e9, el Parque Infantil La Estrechura y La Bocana.<\/p>\n\n\n\n<p class=\"wp-block-paragraph\">Estos tres sectores no ten\u00edan servicio de barrido y ahora los operarios pasan dos veces por semana.<\/p>\n\n\n\n<p class=\"wp-block-paragraph\">En La Bocana, por ejemplo, los comerciantes aseguran que el cambio ya se nota.<\/p>\n\n\n\n<p class=\"wp-block-paragraph\">La ciudad tampoco se queda quieta los domingos. Por eso, en zonas comerciales, escenarios deportivos y lugares de recreaci\u00f3n se aument\u00f3 la frecuencia de limpieza, especialmente durante ese d\u00eda.<\/p>\n\n\n\n<p class=\"wp-block-paragraph\">\u00bfCu\u00e1l es la raz\u00f3n? Son espacios que reciben bastante movimiento y, cuando se va la gente, tambi\u00e9n pueden quedar botellas, empaques, papeles y todo tipo de residuos.<\/p>\n\n\n\n<p class=\"wp-block-paragraph\">Entre los lugares donde se hicieron ajustes aparecen Manila, Cerro Nutibara, Cancha Campo Amor, el parque de Cristo Rey y la Unidad Deportiva de Bel\u00e9n Rinc\u00f3n, entre otros.<\/p>\n\n\n\n<p class=\"wp-block-paragraph\">En 2025 se recorr\u00edan en promedio 155.826 kil\u00f3metros mensuales. Durante el primer semestre de 2026, esa cifra subi\u00f3 a 157.384 kil\u00f3metros al mes.<\/p>\n\n\n\n<p class=\"wp-block-paragraph\">Es decir, la escoba est\u00e1 llegando un poquito m\u00e1s lejos y con mayor frecuencia a varios puntos de Medell\u00edn.<\/p>\n\n\n\n<p class=\"wp-block-paragraph\">Los cambios pueden surgir porque el Distrito detecta una necesidad o porque la comunidad prende las alarmas y pide atenci\u00f3n.<\/p>\n\n\n\n<p class=\"wp-block-paragraph\">Cuando eso ocurre, funcionarios del Distrito y Emvarias hacen recorridos por la zona para mirar qu\u00e9 est\u00e1 pasando y decidir si se necesita crear una nueva ruta o aumentar las veces que pasan los operarios.<\/p>\n\n\n\n<p class=\"wp-block-paragraph\">Porque una cosa es clara: la ciudad puede poner la escoba, pero si nosotros seguimos tirando la basura donde no es, ni la escoba m\u00e1s r\u00e1pida alcanza.<\/p>\n\n\n\n<p class=\"wp-block-paragraph\">As\u00ed que la invitaci\u00f3n queda servida: que pase el barrendero, s\u00ed\u2026 pero que tambi\u00e9n pase la cultura ciudadana.<\/p>\n\n\n\n<figure class=\"wp-block-gallery has-nested-images columns-default is-cropped wp-block-gallery-1 is-layout-flex wp-block-gallery-is-layout-flex\">\n<figure class=\"wp-block-image size-large\"><img fetchpriority=\"high\" decoding=\"async\" width=\"1024\" height=\"576\" data-id=\"17183\" src=\"https:\/\/prensapaisa.com\/wp-content\/uploads\/2026\/09\/792717165_1119910610603925_7975275381450635356_n-1024x576.jpg\" alt=\"\" class=\"wp-image-17183\" srcset=\"https:\/\/prensapaisa.com\/wp-content\/uploads\/2026\/09\/792717165_1119910610603925_7975275381450635356_n-1024x576.jpg 1024w, https:\/\/prensapaisa.com\/wp-content\/uploads\/2026\/09\/792717165_1119910610603925_7975275381450635356_n-300x169.jpg 300w, https:\/\/prensapaisa.com\/wp-content\/uploads\/2026\/09\/792717165_1119910610603925_7975275381450635356_n-768x432.jpg 768w, https:\/\/prensapaisa.com\/wp-content\/uploads\/2026\/09\/792717165_1119910610603925_7975275381450635356_n-1170x658.jpg 1170w, https:\/\/prensapaisa.com\/wp-content\/uploads\/2026\/09\/792717165_1119910610603925_7975275381450635356_n-1536x864.jpg 1536w, https:\/\/prensapaisa.com\/wp-content\/uploads\/2026\/09\/792717165_1119910610603925_7975275381450635356_n-585x329.jpg 585w, https:\/\/prensapaisa.com\/wp-content\/uploads\/2026\/09\/792717165_1119910610603925_7975275381450635356_n.jpg 1600w\" sizes=\"(max-width: 1024px) 100vw, 1024px\" \/><\/figure>\n\n\n\n<figure class=\"wp-block-image size-large\"><img decoding=\"async\" width=\"1024\" height=\"576\" data-id=\"17184\" src=\"https:\/\/prensapaisa.com\/wp-content\/uploads\/2026\/09\/793720343_1119910587270594_8853125775348960764_n-1024x576.jpg\" alt=\"\" class=\"wp-image-17184\" srcset=\"https:\/\/prensapaisa.com\/wp-content\/uploads\/2026\/09\/793720343_1119910587270594_8853125775348960764_n-1024x576.jpg 1024w, https:\/\/prensapaisa.com\/wp-content\/uploads\/2026\/09\/793720343_1119910587270594_8853125775348960764_n-300x169.jpg 300w, https:\/\/prensapaisa.com\/wp-content\/uploads\/2026\/09\/793720343_1119910587270594_8853125775348960764_n-768x432.jpg 768w, https:\/\/prensapaisa.com\/wp-content\/uploads\/2026\/09\/793720343_1119910587270594_8853125775348960764_n-1170x658.jpg 1170w, https:\/\/prensapaisa.com\/wp-content\/uploads\/2026\/09\/793720343_1119910587270594_8853125775348960764_n-1536x864.jpg 1536w, https:\/\/prensapaisa.com\/wp-content\/uploads\/2026\/09\/793720343_1119910587270594_8853125775348960764_n-585x329.jpg 585w, https:\/\/prensapaisa.com\/wp-content\/uploads\/2026\/09\/793720343_1119910587270594_8853125775348960764_n.jpg 1600w\" sizes=\"(max-width: 1024px) 100vw, 1024px\" \/><\/figure>\n\n\n\n<figure class=\"wp-block-image size-large\"><img decoding=\"async\" width=\"1024\" height=\"576\" data-id=\"17182\" src=\"https:\/\/prensapaisa.com\/wp-content\/uploads\/2026\/09\/792717131_1119910633937256_4842975859959421503_n-1024x576.jpg\" alt=\"\" class=\"wp-image-17182\" srcset=\"https:\/\/prensapaisa.com\/wp-content\/uploads\/2026\/09\/792717131_1119910633937256_4842975859959421503_n-1024x576.jpg 1024w, https:\/\/prensapaisa.com\/wp-content\/uploads\/2026\/09\/792717131_1119910633937256_4842975859959421503_n-300x169.jpg 300w, https:\/\/prensapaisa.com\/wp-content\/uploads\/2026\/09\/792717131_1119910633937256_4842975859959421503_n-768x432.jpg 768w, https:\/\/prensapaisa.com\/wp-content\/uploads\/2026\/09\/792717131_1119910633937256_4842975859959421503_n-1170x658.jpg 1170w, https:\/\/prensapaisa.com\/wp-content\/uploads\/2026\/09\/792717131_1119910633937256_4842975859959421503_n-1536x864.jpg 1536w, https:\/\/prensapaisa.com\/wp-content\/uploads\/2026\/09\/792717131_1119910633937256_4842975859959421503_n-585x329.jpg 585w, https:\/\/prensapaisa.com\/wp-content\/uploads\/2026\/09\/792717131_1119910633937256_4842975859959421503_n.jpg 1600w\" sizes=\"(max-width: 1024px) 100vw, 1024px\" \/><\/figure>\n\n\n\n<figure class=\"wp-block-image size-large\"><img loading=\"lazy\" decoding=\"async\" width=\"1024\" height=\"684\" data-id=\"17181\" src=\"https:\/\/prensapaisa.com\/wp-content\/uploads\/2026\/09\/792910625_1119910550603931_7540995159535499191_n-1024x684.jpg\" alt=\"\" class=\"wp-image-17181\" srcset=\"https:\/\/prensapaisa.com\/wp-content\/uploads\/2026\/09\/792910625_1119910550603931_7540995159535499191_n-1024x684.jpg 1024w, https:\/\/prensapaisa.com\/wp-content\/uploads\/2026\/09\/792910625_1119910550603931_7540995159535499191_n-300x200.jpg 300w, https:\/\/prensapaisa.com\/wp-content\/uploads\/2026\/09\/792910625_1119910550603931_7540995159535499191_n-767x512.jpg 767w, https:\/\/prensapaisa.com\/wp-content\/uploads\/2026\/09\/792910625_1119910550603931_7540995159535499191_n-1536x1025.jpg 1536w, https:\/\/prensapaisa.com\/wp-content\/uploads\/2026\/09\/792910625_1119910550603931_7540995159535499191_n-585x390-1.jpg 585w, https:\/\/prensapaisa.com\/wp-content\/uploads\/2026\/09\/792910625_1119910550603931_7540995159535499191_n-1170x781.jpg 1170w, https:\/\/prensapaisa.com\/wp-content\/uploads\/2026\/09\/792910625_1119910550603931_7540995159535499191_n-263x175.jpg 263w, https:\/\/prensapaisa.com\/wp-content\/uploads\/2026\/09\/792910625_1119910550603931_7540995159535499191_n.jpg 1600w\" sizes=\"(max-width: 1024px) 100vw, 1024px\" \/><\/figure>\n<\/figure>\n","protected":false},"excerpt":{"rendered":"<p>Prensapaisa.com Medell\u00edn viene cambiando sus rutas de barrido para llevar el servicio a los sitios donde m\u00e1s se necesita y aumentar las pasadas en aquellos lugares donde el movimiento de&hellip;<\/p>\n","protected":false},"author":1,"featured_media":17181,"comment_status":"closed","ping_status":"open","sticky":false,"template":"","format":"standard","meta":{"footnotes":""},"categories":[1],"tags":[],"class_list":["post-17180","post","type-post","status-publish","format-standard","has-post-thumbnail","hentry","category-noticias"],"yoast_head":"<!-- This site is optimized with the Yoast SEO plugin v28.4 - https:\/\/yoast.com\/product\/yoast-seo-wordpress\/ -->\n<title>\u00a1Donde hay m\u00e1s gente, hay m\u00e1s escobas y hay que barrer m\u00e1s! Medell\u00edn reforz\u00f3 el barrido en varios sectores\u2026 - PRENSA PAISA<\/title>\n<meta name=\"robots\" content=\"index, follow, max-snippet:-1, max-image-preview:large, max-video-preview:-1\" \/>\n<link rel=\"canonical\" href=\"https:\/\/prensapaisa.com\/index.php\/2026\/09\/03\/donde-hay-mas-gente-hay-mas-escobas-y-hay-que-barrer-mas-medellin-reforzo-el-barrido-en-varios-sectores\/\" \/>\n<meta property=\"og:locale\" content=\"es_ES\" \/>\n<meta property=\"og:type\" content=\"article\" \/>\n<meta property=\"og:title\" content=\"\u00a1Donde hay m\u00e1s gente, hay m\u00e1s escobas y hay que barrer m\u00e1s! Medell\u00edn reforz\u00f3 el barrido en varios sectores\u2026 - PRENSA PAISA\" \/>\n<meta property=\"og:description\" content=\"Prensapaisa.com Medell\u00edn viene cambiando sus rutas de barrido para llevar el servicio a los sitios donde m\u00e1s se necesita y aumentar las pasadas en aquellos lugares donde el movimiento de&hellip;\" \/>\n<meta property=\"og:url\" content=\"https:\/\/prensapaisa.com\/index.php\/2026\/09\/03\/donde-hay-mas-gente-hay-mas-escobas-y-hay-que-barrer-mas-medellin-reforzo-el-barrido-en-varios-sectores\/\" \/>\n<meta property=\"og:site_name\" content=\"PRENSA PAISA\" \/>\n<meta property=\"article:published_time\" content=\"2026-09-03T15:18:22+00:00\" \/>\n<meta property=\"article:modified_time\" content=\"2026-09-03T15:18:23+00:00\" \/>\n<meta property=\"og:image\" content=\"https:\/\/prensapaisa.com\/wp-content\/uploads\/2026\/09\/792910625_1119910550603931_7540995159535499191_n.jpg\" \/>\n\t<meta property=\"og:image:width\" content=\"1600\" \/>\n\t<meta property=\"og:image:height\" content=\"1068\" \/>\n\t<meta property=\"og:image:type\" content=\"image\/jpeg\" \/>\n<meta name=\"author\" content=\"noticias@prensapaisa.com\" \/>\n<meta name=\"twitter:card\" content=\"summary_large_image\" \/>\n<meta name=\"twitter:label1\" content=\"Escrito por\" \/>\n\t<meta name=\"twitter:data1\" content=\"noticias@prensapaisa.com\" \/>\n\t<meta name=\"twitter:label2\" content=\"Tiempo de lectura\" \/>\n\t<meta name=\"twitter:data2\" content=\"3 minutos\" \/>\n<script type=\"application\/ld+json\" class=\"yoast-schema-graph\">{\"@context\":\"https:\\\/\\\/schema.org\",\"@graph\":[{\"@type\":\"Article\",\"@id\":\"https:\\\/\\\/prensapaisa.com\\\/index.php\\\/2026\\\/09\\\/03\\\/donde-hay-mas-gente-hay-mas-escobas-y-hay-que-barrer-mas-medellin-reforzo-el-barrido-en-varios-sectores\\\/#article\",\"isPartOf\":{\"@id\":\"https:\\\/\\\/prensapaisa.com\\\/index.php\\\/2026\\\/09\\\/03\\\/donde-hay-mas-gente-hay-mas-escobas-y-hay-que-barrer-mas-medellin-reforzo-el-barrido-en-varios-sectores\\\/\"},\"author\":{\"name\":\"noticias@prensapaisa.com\",\"@id\":\"https:\\\/\\\/prensapaisa.com\\\/#\\\/schema\\\/person\\\/c5899b8b285dbcd70faec88a7c1579f6\"},\"headline\":\"\u00a1Donde hay m\u00e1s gente, hay m\u00e1s escobas y hay que barrer m\u00e1s! Medell\u00edn reforz\u00f3 el barrido en varios sectores\u2026\",\"datePublished\":\"2026-09-03T15:18:22+00:00\",\"dateModified\":\"2026-09-03T15:18:23+00:00\",\"mainEntityOfPage\":{\"@id\":\"https:\\\/\\\/prensapaisa.com\\\/index.php\\\/2026\\\/09\\\/03\\\/donde-hay-mas-gente-hay-mas-escobas-y-hay-que-barrer-mas-medellin-reforzo-el-barrido-en-varios-sectores\\\/\"},\"wordCount\":422,\"publisher\":{\"@id\":\"https:\\\/\\\/prensapaisa.com\\\/#organization\"},\"image\":{\"@id\":\"https:\\\/\\\/prensapaisa.com\\\/index.php\\\/2026\\\/09\\\/03\\\/donde-hay-mas-gente-hay-mas-escobas-y-hay-que-barrer-mas-medellin-reforzo-el-barrido-en-varios-sectores\\\/#primaryimage\"},\"thumbnailUrl\":\"https:\\\/\\\/prensapaisa.com\\\/wp-content\\\/uploads\\\/2026\\\/09\\\/792910625_1119910550603931_7540995159535499191_n.jpg\",\"articleSection\":[\"Noticias\"],\"inLanguage\":\"es-CO\"},{\"@type\":\"WebPage\",\"@id\":\"https:\\\/\\\/prensapaisa.com\\\/index.php\\\/2026\\\/09\\\/03\\\/donde-hay-mas-gente-hay-mas-escobas-y-hay-que-barrer-mas-medellin-reforzo-el-barrido-en-varios-sectores\\\/\",\"url\":\"https:\\\/\\\/prensapaisa.com\\\/index.php\\\/2026\\\/09\\\/03\\\/donde-hay-mas-gente-hay-mas-escobas-y-hay-que-barrer-mas-medellin-reforzo-el-barrido-en-varios-sectores\\\/\",\"name\":\"\u00a1Donde hay m\u00e1s gente, hay m\u00e1s escobas y hay que barrer m\u00e1s! Medell\u00edn reforz\u00f3 el barrido en varios sectores\u2026 - PRENSA PAISA\",\"isPartOf\":{\"@id\":\"https:\\\/\\\/prensapaisa.com\\\/#website\"},\"primaryImageOfPage\":{\"@id\":\"https:\\\/\\\/prensapaisa.com\\\/index.php\\\/2026\\\/09\\\/03\\\/donde-hay-mas-gente-hay-mas-escobas-y-hay-que-barrer-mas-medellin-reforzo-el-barrido-en-varios-sectores\\\/#primaryimage\"},\"image\":{\"@id\":\"https:\\\/\\\/prensapaisa.com\\\/index.php\\\/2026\\\/09\\\/03\\\/donde-hay-mas-gente-hay-mas-escobas-y-hay-que-barrer-mas-medellin-reforzo-el-barrido-en-varios-sectores\\\/#primaryimage\"},\"thumbnailUrl\":\"https:\\\/\\\/prensapaisa.com\\\/wp-content\\\/uploads\\\/2026\\\/09\\\/792910625_1119910550603931_7540995159535499191_n.jpg\",\"datePublished\":\"2026-09-03T15:18:22+00:00\",\"dateModified\":\"2026-09-03T15:18:23+00:00\",\"breadcrumb\":{\"@id\":\"https:\\\/\\\/prensapaisa.com\\\/index.php\\\/2026\\\/09\\\/03\\\/donde-hay-mas-gente-hay-mas-escobas-y-hay-que-barrer-mas-medellin-reforzo-el-barrido-en-varios-sectores\\\/#breadcrumb\"},\"inLanguage\":\"es-CO\",\"potentialAction\":[{\"@type\":\"ReadAction\",\"target\":[\"https:\\\/\\\/prensapaisa.com\\\/index.php\\\/2026\\\/09\\\/03\\\/donde-hay-mas-gente-hay-mas-escobas-y-hay-que-barrer-mas-medellin-reforzo-el-barrido-en-varios-sectores\\\/\"]}]},{\"@type\":\"ImageObject\",\"inLanguage\":\"es-CO\",\"@id\":\"https:\\\/\\\/prensapaisa.com\\\/index.php\\\/2026\\\/09\\\/03\\\/donde-hay-mas-gente-hay-mas-escobas-y-hay-que-barrer-mas-medellin-reforzo-el-barrido-en-varios-sectores\\\/#primaryimage\",\"url\":\"https:\\\/\\\/prensapaisa.com\\\/wp-content\\\/uploads\\\/2026\\\/09\\\/792910625_1119910550603931_7540995159535499191_n.jpg\",\"contentUrl\":\"https:\\\/\\\/prensapaisa.com\\\/wp-content\\\/uploads\\\/2026\\\/09\\\/792910625_1119910550603931_7540995159535499191_n.jpg\",\"width\":1600,\"height\":1068},{\"@type\":\"BreadcrumbList\",\"@id\":\"https:\\\/\\\/prensapaisa.com\\\/index.php\\\/2026\\\/09\\\/03\\\/donde-hay-mas-gente-hay-mas-escobas-y-hay-que-barrer-mas-medellin-reforzo-el-barrido-en-varios-sectores\\\/#breadcrumb\",\"itemListElement\":[{\"@type\":\"ListItem\",\"position\":1,\"name\":\"Inicio\",\"item\":\"https:\\\/\\\/prensapaisa.com\\\/\"},{\"@type\":\"ListItem\",\"position\":2,\"name\":\"\u00a1Donde hay m\u00e1s gente, hay m\u00e1s escobas y hay que barrer m\u00e1s! Medell\u00edn reforz\u00f3 el barrido en varios sectores\u2026\"}]},{\"@type\":\"WebSite\",\"@id\":\"https:\\\/\\\/prensapaisa.com\\\/#website\",\"url\":\"https:\\\/\\\/prensapaisa.com\\\/\",\"name\":\"PRENSA PAISA\",\"description\":\"Prensa Paisa la Original | Noticias de Medell\u00edn, Antioquia\",\"publisher\":{\"@id\":\"https:\\\/\\\/prensapaisa.com\\\/#organization\"},\"potentialAction\":[{\"@type\":\"SearchAction\",\"target\":{\"@type\":\"EntryPoint\",\"urlTemplate\":\"https:\\\/\\\/prensapaisa.com\\\/?s={search_term_string}\"},\"query-input\":{\"@type\":\"PropertyValueSpecification\",\"valueRequired\":true,\"valueName\":\"search_term_string\"}}],\"inLanguage\":\"es-CO\"},{\"@type\":\"Organization\",\"@id\":\"https:\\\/\\\/prensapaisa.com\\\/#organization\",\"name\":\"PRENSA PAISA\",\"url\":\"https:\\\/\\\/prensapaisa.com\\\/\",\"logo\":{\"@type\":\"ImageObject\",\"inLanguage\":\"es-CO\",\"@id\":\"https:\\\/\\\/prensapaisa.com\\\/#\\\/schema\\\/logo\\\/image\\\/\",\"url\":\"https:\\\/\\\/prensapaisa.com\\\/wp-content\\\/uploads\\\/2022\\\/05\\\/cropped-cropped-prensa.png\",\"contentUrl\":\"https:\\\/\\\/prensapaisa.com\\\/wp-content\\\/uploads\\\/2022\\\/05\\\/cropped-cropped-prensa.png\",\"width\":784,\"height\":524,\"caption\":\"PRENSA PAISA\"},\"image\":{\"@id\":\"https:\\\/\\\/prensapaisa.com\\\/#\\\/schema\\\/logo\\\/image\\\/\"}},{\"@type\":\"Person\",\"@id\":\"https:\\\/\\\/prensapaisa.com\\\/#\\\/schema\\\/person\\\/c5899b8b285dbcd70faec88a7c1579f6\",\"name\":\"noticias@prensapaisa.com\",\"image\":{\"@type\":\"ImageObject\",\"inLanguage\":\"es-CO\",\"@id\":\"https:\\\/\\\/secure.gravatar.com\\\/avatar\\\/ca2b49c1df14b84557c567431f045ea69c8ea5da2da50309fd4de9b811da0433?s=96&d=mm&r=g\",\"url\":\"https:\\\/\\\/secure.gravatar.com\\\/avatar\\\/ca2b49c1df14b84557c567431f045ea69c8ea5da2da50309fd4de9b811da0433?s=96&d=mm&r=g\",\"contentUrl\":\"https:\\\/\\\/secure.gravatar.com\\\/avatar\\\/ca2b49c1df14b84557c567431f045ea69c8ea5da2da50309fd4de9b811da0433?s=96&d=mm&r=g\",\"caption\":\"noticias@prensapaisa.com\"},\"sameAs\":[\"http:\\\/\\\/prensapaisa.com\"],\"url\":\"https:\\\/\\\/prensapaisa.com\\\/index.php\\\/author\\\/prensapaisagmail-com\\\/\"}]}<\/script>\n<!-- \/ Yoast SEO plugin. -->","yoast_head_json":{"title":"\u00a1Donde hay m\u00e1s gente, hay m\u00e1s escobas y hay que barrer m\u00e1s! Medell\u00edn reforz\u00f3 el barrido en varios sectores\u2026 - PRENSA PAISA","robots":{"index":"index","follow":"follow","max-snippet":"max-snippet:-1","max-image-preview":"max-image-preview:large","max-video-preview":"max-video-preview:-1"},"canonical":"https:\/\/prensapaisa.com\/index.php\/2026\/09\/03\/donde-hay-mas-gente-hay-mas-escobas-y-hay-que-barrer-mas-medellin-reforzo-el-barrido-en-varios-sectores\/","og_locale":"es_ES","og_type":"article","og_title":"\u00a1Donde hay m\u00e1s gente, hay m\u00e1s escobas y hay que barrer m\u00e1s! Medell\u00edn reforz\u00f3 el barrido en varios sectores\u2026 - PRENSA PAISA","og_description":"Prensapaisa.com Medell\u00edn viene cambiando sus rutas de barrido para llevar el servicio a los sitios donde m\u00e1s se necesita y aumentar las pasadas en aquellos lugares donde el movimiento de&hellip;","og_url":"https:\/\/prensapaisa.com\/index.php\/2026\/09\/03\/donde-hay-mas-gente-hay-mas-escobas-y-hay-que-barrer-mas-medellin-reforzo-el-barrido-en-varios-sectores\/","og_site_name":"PRENSA PAISA","article_published_time":"2026-09-03T15:18:22+00:00","article_modified_time":"2026-09-03T15:18:23+00:00","og_image":[{"width":1600,"height":1068,"url":"https:\/\/prensapaisa.com\/wp-content\/uploads\/2026\/09\/792910625_1119910550603931_7540995159535499191_n.jpg","type":"image\/jpeg"}],"author":"noticias@prensapaisa.com","twitter_card":"summary_large_image","twitter_misc":{"Escrito por":"noticias@prensapaisa.com","Tiempo de lectura":"3 minutos"},"schema":{"@context":"https:\/\/schema.org","@graph":[{"@type":"Article","@id":"https:\/\/prensapaisa.com\/index.php\/2026\/09\/03\/donde-hay-mas-gente-hay-mas-escobas-y-hay-que-barrer-mas-medellin-reforzo-el-barrido-en-varios-sectores\/#article","isPartOf":{"@id":"https:\/\/prensapaisa.com\/index.php\/2026\/09\/03\/donde-hay-mas-gente-hay-mas-escobas-y-hay-que-barrer-mas-medellin-reforzo-el-barrido-en-varios-sectores\/"},"author":{"name":"noticias@prensapaisa.com","@id":"https:\/\/prensapaisa.com\/#\/schema\/person\/c5899b8b285dbcd70faec88a7c1579f6"},"headline":"\u00a1Donde hay m\u00e1s gente, hay m\u00e1s escobas y hay que barrer m\u00e1s! Medell\u00edn reforz\u00f3 el barrido en varios sectores\u2026","datePublished":"2026-09-03T15:18:22+00:00","dateModified":"2026-09-03T15:18:23+00:00","mainEntityOfPage":{"@id":"https:\/\/prensapaisa.com\/index.php\/2026\/09\/03\/donde-hay-mas-gente-hay-mas-escobas-y-hay-que-barrer-mas-medellin-reforzo-el-barrido-en-varios-sectores\/"},"wordCount":422,"publisher":{"@id":"https:\/\/prensapaisa.com\/#organization"},"image":{"@id":"https:\/\/prensapaisa.com\/index.php\/2026\/09\/03\/donde-hay-mas-gente-hay-mas-escobas-y-hay-que-barrer-mas-medellin-reforzo-el-barrido-en-varios-sectores\/#primaryimage"},"thumbnailUrl":"https:\/\/prensapaisa.com\/wp-content\/uploads\/2026\/09\/792910625_1119910550603931_7540995159535499191_n.jpg","articleSection":["Noticias"],"inLanguage":"es-CO"},{"@type":"WebPage","@id":"https:\/\/prensapaisa.com\/index.php\/2026\/09\/03\/donde-hay-mas-gente-hay-mas-escobas-y-hay-que-barrer-mas-medellin-reforzo-el-barrido-en-varios-sectores\/","url":"https:\/\/prensapaisa.com\/index.php\/2026\/09\/03\/donde-hay-mas-gente-hay-mas-escobas-y-hay-que-barrer-mas-medellin-reforzo-el-barrido-en-varios-sectores\/","name":"\u00a1Donde hay m\u00e1s gente, hay m\u00e1s escobas y hay que barrer m\u00e1s! Medell\u00edn reforz\u00f3 el barrido en varios sectores\u2026 - PRENSA PAISA","isPartOf":{"@id":"https:\/\/prensapaisa.com\/#website"},"primaryImageOfPage":{"@id":"https:\/\/prensapaisa.com\/index.php\/2026\/09\/03\/donde-hay-mas-gente-hay-mas-escobas-y-hay-que-barrer-mas-medellin-reforzo-el-barrido-en-varios-sectores\/#primaryimage"},"image":{"@id":"https:\/\/prensapaisa.com\/index.php\/2026\/09\/03\/donde-hay-mas-gente-hay-mas-escobas-y-hay-que-barrer-mas-medellin-reforzo-el-barrido-en-varios-sectores\/#primaryimage"},"thumbnailUrl":"https:\/\/prensapaisa.com\/wp-content\/uploads\/2026\/09\/792910625_1119910550603931_7540995159535499191_n.jpg","datePublished":"2026-09-03T15:18:22+00:00","dateModified":"2026-09-03T15:18:23+00:00","breadcrumb":{"@id":"https:\/\/prensapaisa.com\/index.php\/2026\/09\/03\/donde-hay-mas-gente-hay-mas-escobas-y-hay-que-barrer-mas-medellin-reforzo-el-barrido-en-varios-sectores\/#breadcrumb"},"inLanguage":"es-CO","potentialAction":[{"@type":"ReadAction","target":["https:\/\/prensapaisa.com\/index.php\/2026\/09\/03\/donde-hay-mas-gente-hay-mas-escobas-y-hay-que-barrer-mas-medellin-reforzo-el-barrido-en-varios-sectores\/"]}]},{"@type":"ImageObject","inLanguage":"es-CO","@id":"https:\/\/prensapaisa.com\/index.php\/2026\/09\/03\/donde-hay-mas-gente-hay-mas-escobas-y-hay-que-barrer-mas-medellin-reforzo-el-barrido-en-varios-sectores\/#primaryimage","url":"https:\/\/prensapaisa.com\/wp-content\/uploads\/2026\/09\/792910625_1119910550603931_7540995159535499191_n.jpg","contentUrl":"https:\/\/prensapaisa.com\/wp-content\/uploads\/2026\/09\/792910625_1119910550603931_7540995159535499191_n.jpg","width":1600,"height":1068},{"@type":"BreadcrumbList","@id":"https:\/\/prensapaisa.com\/index.php\/2026\/09\/03\/donde-hay-mas-gente-hay-mas-escobas-y-hay-que-barrer-mas-medellin-reforzo-el-barrido-en-varios-sectores\/#breadcrumb","itemListElement":[{"@type":"ListItem","position":1,"name":"Inicio","item":"https:\/\/prensapaisa.com\/"},{"@type":"ListItem","position":2,"name":"\u00a1Donde hay m\u00e1s gente, hay m\u00e1s escobas y hay que barrer m\u00e1s! Medell\u00edn reforz\u00f3 el barrido en varios sectores\u2026"}]},{"@type":"WebSite","@id":"https:\/\/prensapaisa.com\/#website","url":"https:\/\/prensapaisa.com\/","name":"PRENSA PAISA","description":"Prensa Paisa la Original | Noticias de Medell\u00edn, Antioquia","publisher":{"@id":"https:\/\/prensapaisa.com\/#organization"},"potentialAction":[{"@type":"SearchAction","target":{"@type":"EntryPoint","urlTemplate":"https:\/\/prensapaisa.com\/?s={search_term_string}"},"query-input":{"@type":"PropertyValueSpecification","valueRequired":true,"valueName":"search_term_string"}}],"inLanguage":"es-CO"},{"@type":"Organization","@id":"https:\/\/prensapaisa.com\/#organization","name":"PRENSA PAISA","url":"https:\/\/prensapaisa.com\/","logo":{"@type":"ImageObject","inLanguage":"es-CO","@id":"https:\/\/prensapaisa.com\/#\/schema\/logo\/image\/","url":"https:\/\/prensapaisa.com\/wp-content\/uploads\/2022\/05\/cropped-cropped-prensa.png","contentUrl":"https:\/\/prensapaisa.com\/wp-content\/uploads\/2022\/05\/cropped-cropped-prensa.png","width":784,"height":524,"caption":"PRENSA PAISA"},"image":{"@id":"https:\/\/prensapaisa.com\/#\/schema\/logo\/image\/"}},{"@type":"Person","@id":"https:\/\/prensapaisa.com\/#\/schema\/person\/c5899b8b285dbcd70faec88a7c1579f6","name":"noticias@prensapaisa.com","image":{"@type":"ImageObject","inLanguage":"es-CO","@id":"https:\/\/secure.gravatar.com\/avatar\/ca2b49c1df14b84557c567431f045ea69c8ea5da2da50309fd4de9b811da0433?s=96&d=mm&r=g","url":"https:\/\/secure.gravatar.com\/avatar\/ca2b49c1df14b84557c567431f045ea69c8ea5da2da50309fd4de9b811da0433?s=96&d=mm&r=g","contentUrl":"https:\/\/secure.gravatar.com\/avatar\/ca2b49c1df14b84557c567431f045ea69c8ea5da2da50309fd4de9b811da0433?s=96&d=mm&r=g","caption":"noticias@prensapaisa.com"},"sameAs":["http:\/\/prensapaisa.com"],"url":"https:\/\/prensapaisa.com\/index.php\/author\/prensapaisagmail-com\/"}]}},"_links":{"self":[{"href":"https:\/\/prensapaisa.com\/index.php\/wp-json\/wp\/v2\/posts\/17180","targetHints":{"allow":["GET"]}}],"collection":[{"href":"https:\/\/prensapaisa.com\/index.php\/wp-json\/wp\/v2\/posts"}],"about":[{"href":"https:\/\/prensapaisa.com\/index.php\/wp-json\/wp\/v2\/types\/post"}],"author":[{"embeddable":true,"href":"https:\/\/prensapaisa.com\/index.php\/wp-json\/wp\/v2\/users\/1"}],"replies":[{"embeddable":true,"href":"https:\/\/prensapaisa.com\/index.php\/wp-json\/wp\/v2\/comments?post=17180"}],"version-history":[{"count":1,"href":"https:\/\/prensapaisa.com\/index.php\/wp-json\/wp\/v2\/posts\/17180\/revisions"}],"predecessor-version":[{"id":17185,"href":"https:\/\/prensapaisa.com\/index.php\/wp-json\/wp\/v2\/posts\/17180\/revisions\/17185"}],"wp:featuredmedia":[{"embeddable":true,"href":"https:\/\/prensapaisa.com\/index.php\/wp-json\/wp\/v2\/media\/17181"}],"wp:attachment":[{"href":"https:\/\/prensapaisa.com\/index.php\/wp-json\/wp\/v2\/media?parent=17180"}],"wp:term":[{"taxonomy":"category","embeddable":true,"href":"https:\/\/prensapaisa.com\/index.php\/wp-json\/wp\/v2\/categories?post=17180"},{"taxonomy":"post_tag","embeddable":true,"href":"https:\/\/prensapaisa.com\/index.php\/wp-json\/wp\/v2\/tags?post=17180"}],"curies":[{"name":"wp","href":"https:\/\/api.w.org\/{rel}","templated":true}]}}