{"id":17172,"date":"2026-09-03T10:03:13","date_gmt":"2026-09-03T15:03:13","guid":{"rendered":"https:\/\/prensapaisa.com\/?p=17172"},"modified":"2026-09-03T10:03:14","modified_gmt":"2026-09-03T15:03:14","slug":"nueva-carcel-de-medellin-ya-alcanza-el-35-de-construccion-y-empieza-a-tomar-forma-para-que-los-presos-paisas-paguen-sus-penas","status":"publish","type":"post","link":"https:\/\/prensapaisa.com\/index.php\/2026\/09\/03\/nueva-carcel-de-medellin-ya-alcanza-el-35-de-construccion-y-empieza-a-tomar-forma-para-que-los-presos-paisas-paguen-sus-penas\/","title":{"rendered":"Nueva c\u00e1rcel de Medell\u00edn ya alcanza el 35 % de construcci\u00f3n y empieza a tomar forma para que los presos Paisas paguen sus penas"},"content":{"rendered":"\n<p class=\"wp-block-paragraph\">Entre muros que comienzan a levantarse y pabellones que ya alcanzan varios niveles, Medell\u00edn empieza a darle forma a una nueva infraestructura penitenciaria que busca cambiar las condiciones en las que permanecen cientos de personas sindicadas.<\/p>\n\n\n\n<p class=\"wp-block-paragraph\">La C\u00e1rcel para Sindicados de Medell\u00edn, que se construye en el corregimiento de San Crist\u00f3bal, ya alcanza un 35 % de ejecuci\u00f3n f\u00edsica, avance que, seg\u00fan la Administraci\u00f3n Distrital, est\u00e1 por encima de lo programado.<\/p>\n\n\n\n<p class=\"wp-block-paragraph\">El proyecto representa una inversi\u00f3n de $675.000 millones y no se limita a levantar celdas. La apuesta contempla una infraestructura con espacios destinados al descanso, la atenci\u00f3n en salud, la alimentaci\u00f3n, la formaci\u00f3n y la resocializaci\u00f3n, adem\u00e1s de \u00e1reas que permitan mantener el contacto de los internos con sus familias.<\/p>\n\n\n\n<p class=\"wp-block-paragraph\">Uno de los cambios estar\u00e1 en los espacios destinados al alojamiento. La nueva infraestructura busca ofrecer mejores condiciones para dormir y descansar, con \u00e1reas dise\u00f1adas espec\u00edficamente para la permanencia de los sindicados.<\/p>\n\n\n\n<p class=\"wp-block-paragraph\">La idea es que quienes permanezcan all\u00ed cuenten con condiciones f\u00edsicas m\u00e1s adecuadas, mientras tienen acceso a servicios esenciales como sanidad, alimentaci\u00f3n y espacios de formaci\u00f3n.<\/p>\n\n\n\n<p class=\"wp-block-paragraph\">Y es que detr\u00e1s de cada persona privada de la libertad tambi\u00e9n existe una familia que espera. Por eso, el proyecto contempla espacios para las visitas familiares, buscando que el v\u00ednculo entre los internos y sus seres queridos pueda mantenerse durante su permanencia en el establecimiento.<\/p>\n\n\n\n<p class=\"wp-block-paragraph\">&#x1f4da; No todo ser\u00e1n barrotes: tambi\u00e9n habr\u00e1 formaci\u00f3n y resocializaci\u00f3n<br>La nueva infraestructura contar\u00e1 adem\u00e1s con un edificio destinado a formaci\u00f3n y capacitaci\u00f3n, pensado para desarrollar actividades que contribuyan a los procesos de resocializaci\u00f3n.<\/p>\n\n\n\n<p class=\"wp-block-paragraph\">La apuesta es que el establecimiento no sea solamente un lugar de custodia, sino que cuente con espacios donde las personas puedan participar en procesos de formaci\u00f3n, capacitaci\u00f3n y preparaci\u00f3n para su futuro.<\/p>\n\n\n\n<p class=\"wp-block-paragraph\">Tambi\u00e9n se construyen las \u00e1reas de sanidad y servicios generales, fundamentales para garantizar la atenci\u00f3n y el funcionamiento cotidiano del complejo.<\/p>\n\n\n\n<p class=\"wp-block-paragraph\">&#x1f477; 374 personas trabajan en la obra<br>Mientras la estructura crece, el proyecto tambi\u00e9n est\u00e1 generando empleo en la zona.<\/p>\n\n\n\n<p class=\"wp-block-paragraph\">Actualmente, 374 personas trabajan en la construcci\u00f3n de los pabellones, garitas, torres de vigilancia, guardia interna, sanidad y dem\u00e1s \u00e1reas.<\/p>\n\n\n\n<p class=\"wp-block-paragraph\">Del total, el 62 % corresponde a personal no calificado de la regi\u00f3n, el 25 % a personal calificado y el 8 % a mujeres.<br>&#x1f3d7;&#xfe0f; Los pabellones ya van por el tercer y cuarto nivel<br>Las obras avanzan en los pabellones 1, 2, 3, 4 y 5. Algunos ya alcanzan el tercer nivel y otros comienzan a avanzar hacia el cuarto.<br>Adem\u00e1s, la celda modelo ya est\u00e1 terminada, permitiendo observar c\u00f3mo ser\u00e1n las dem\u00e1s unidades de alojamiento.<\/p>\n\n\n\n<p class=\"wp-block-paragraph\">Tambi\u00e9n avanzan las torres de vigilancia, las garitas, la guardia interna, sanidad, servicios generales y las \u00e1reas de formaci\u00f3n y capacitaci\u00f3n.<\/p>\n\n\n\n<figure class=\"wp-block-gallery has-nested-images columns-default is-cropped wp-block-gallery-1 is-layout-flex wp-block-gallery-is-layout-flex\">\n<figure class=\"wp-block-image size-large\"><img fetchpriority=\"high\" decoding=\"async\" width=\"1024\" height=\"576\" data-id=\"17176\" src=\"https:\/\/prensapaisa.com\/wp-content\/uploads\/2026\/09\/795014521_1119884090606577_6425073756863074621_n-1024x576.jpg\" alt=\"\" class=\"wp-image-17176\" srcset=\"https:\/\/prensapaisa.com\/wp-content\/uploads\/2026\/09\/795014521_1119884090606577_6425073756863074621_n-1024x576.jpg 1024w, https:\/\/prensapaisa.com\/wp-content\/uploads\/2026\/09\/795014521_1119884090606577_6425073756863074621_n-300x169.jpg 300w, https:\/\/prensapaisa.com\/wp-content\/uploads\/2026\/09\/795014521_1119884090606577_6425073756863074621_n-768x432.jpg 768w, https:\/\/prensapaisa.com\/wp-content\/uploads\/2026\/09\/795014521_1119884090606577_6425073756863074621_n-1170x658.jpg 1170w, https:\/\/prensapaisa.com\/wp-content\/uploads\/2026\/09\/795014521_1119884090606577_6425073756863074621_n-1536x864.jpg 1536w, https:\/\/prensapaisa.com\/wp-content\/uploads\/2026\/09\/795014521_1119884090606577_6425073756863074621_n-585x329.jpg 585w, https:\/\/prensapaisa.com\/wp-content\/uploads\/2026\/09\/795014521_1119884090606577_6425073756863074621_n.jpg 1600w\" sizes=\"(max-width: 1024px) 100vw, 1024px\" \/><\/figure>\n\n\n\n<figure class=\"wp-block-image size-large\"><img decoding=\"async\" width=\"1024\" height=\"576\" data-id=\"17173\" src=\"https:\/\/prensapaisa.com\/wp-content\/uploads\/2026\/09\/792224736_1119884063939913_4640922670145922865_n-1024x576.jpg\" alt=\"\" class=\"wp-image-17173\" srcset=\"https:\/\/prensapaisa.com\/wp-content\/uploads\/2026\/09\/792224736_1119884063939913_4640922670145922865_n-1024x576.jpg 1024w, https:\/\/prensapaisa.com\/wp-content\/uploads\/2026\/09\/792224736_1119884063939913_4640922670145922865_n-300x169.jpg 300w, https:\/\/prensapaisa.com\/wp-content\/uploads\/2026\/09\/792224736_1119884063939913_4640922670145922865_n-768x432.jpg 768w, https:\/\/prensapaisa.com\/wp-content\/uploads\/2026\/09\/792224736_1119884063939913_4640922670145922865_n-1170x658.jpg 1170w, https:\/\/prensapaisa.com\/wp-content\/uploads\/2026\/09\/792224736_1119884063939913_4640922670145922865_n-585x329.jpg 585w, https:\/\/prensapaisa.com\/wp-content\/uploads\/2026\/09\/792224736_1119884063939913_4640922670145922865_n.jpg 1280w\" sizes=\"(max-width: 1024px) 100vw, 1024px\" \/><\/figure>\n\n\n\n<figure class=\"wp-block-image size-large\"><img decoding=\"async\" width=\"1024\" height=\"576\" data-id=\"17175\" src=\"https:\/\/prensapaisa.com\/wp-content\/uploads\/2026\/09\/792807173_1119884130606573_2512417025850795111_n-1024x576.jpg\" alt=\"\" class=\"wp-image-17175\" srcset=\"https:\/\/prensapaisa.com\/wp-content\/uploads\/2026\/09\/792807173_1119884130606573_2512417025850795111_n-1024x576.jpg 1024w, https:\/\/prensapaisa.com\/wp-content\/uploads\/2026\/09\/792807173_1119884130606573_2512417025850795111_n-300x169.jpg 300w, https:\/\/prensapaisa.com\/wp-content\/uploads\/2026\/09\/792807173_1119884130606573_2512417025850795111_n-768x432.jpg 768w, https:\/\/prensapaisa.com\/wp-content\/uploads\/2026\/09\/792807173_1119884130606573_2512417025850795111_n-1170x658.jpg 1170w, https:\/\/prensapaisa.com\/wp-content\/uploads\/2026\/09\/792807173_1119884130606573_2512417025850795111_n-1536x864.jpg 1536w, https:\/\/prensapaisa.com\/wp-content\/uploads\/2026\/09\/792807173_1119884130606573_2512417025850795111_n-585x329.jpg 585w, https:\/\/prensapaisa.com\/wp-content\/uploads\/2026\/09\/792807173_1119884130606573_2512417025850795111_n.jpg 1600w\" sizes=\"(max-width: 1024px) 100vw, 1024px\" \/><\/figure>\n\n\n\n<figure class=\"wp-block-image size-large\"><img loading=\"lazy\" decoding=\"async\" width=\"1024\" height=\"576\" data-id=\"17174\" src=\"https:\/\/prensapaisa.com\/wp-content\/uploads\/2026\/09\/792158084_1119884100606576_5011431030498124111_n-1024x576.jpg\" alt=\"\" class=\"wp-image-17174\" srcset=\"https:\/\/prensapaisa.com\/wp-content\/uploads\/2026\/09\/792158084_1119884100606576_5011431030498124111_n-1024x576.jpg 1024w, https:\/\/prensapaisa.com\/wp-content\/uploads\/2026\/09\/792158084_1119884100606576_5011431030498124111_n-300x169.jpg 300w, https:\/\/prensapaisa.com\/wp-content\/uploads\/2026\/09\/792158084_1119884100606576_5011431030498124111_n-768x432.jpg 768w, https:\/\/prensapaisa.com\/wp-content\/uploads\/2026\/09\/792158084_1119884100606576_5011431030498124111_n-1170x658.jpg 1170w, https:\/\/prensapaisa.com\/wp-content\/uploads\/2026\/09\/792158084_1119884100606576_5011431030498124111_n-585x329.jpg 585w, https:\/\/prensapaisa.com\/wp-content\/uploads\/2026\/09\/792158084_1119884100606576_5011431030498124111_n.jpg 1280w\" sizes=\"(max-width: 1024px) 100vw, 1024px\" \/><\/figure>\n\n\n\n<figure class=\"wp-block-image size-large\"><img loading=\"lazy\" decoding=\"async\" width=\"1024\" height=\"576\" data-id=\"17177\" src=\"https:\/\/prensapaisa.com\/wp-content\/uploads\/2026\/09\/793000806_1119884120606574_3609735897518566291_n-1024x576.jpg\" alt=\"\" class=\"wp-image-17177\" srcset=\"https:\/\/prensapaisa.com\/wp-content\/uploads\/2026\/09\/793000806_1119884120606574_3609735897518566291_n-1024x576.jpg 1024w, https:\/\/prensapaisa.com\/wp-content\/uploads\/2026\/09\/793000806_1119884120606574_3609735897518566291_n-300x169.jpg 300w, https:\/\/prensapaisa.com\/wp-content\/uploads\/2026\/09\/793000806_1119884120606574_3609735897518566291_n-768x432.jpg 768w, https:\/\/prensapaisa.com\/wp-content\/uploads\/2026\/09\/793000806_1119884120606574_3609735897518566291_n-1170x658.jpg 1170w, https:\/\/prensapaisa.com\/wp-content\/uploads\/2026\/09\/793000806_1119884120606574_3609735897518566291_n-1536x864.jpg 1536w, https:\/\/prensapaisa.com\/wp-content\/uploads\/2026\/09\/793000806_1119884120606574_3609735897518566291_n-585x329.jpg 585w, https:\/\/prensapaisa.com\/wp-content\/uploads\/2026\/09\/793000806_1119884120606574_3609735897518566291_n.jpg 1600w\" sizes=\"(max-width: 1024px) 100vw, 1024px\" \/><\/figure>\n\n\n\n<figure class=\"wp-block-image size-large\"><img loading=\"lazy\" decoding=\"async\" width=\"1024\" height=\"576\" data-id=\"17178\" src=\"https:\/\/prensapaisa.com\/wp-content\/uploads\/2026\/09\/792090173_1119884050606581_7279027383078601802_n-1024x576.jpg\" alt=\"\" class=\"wp-image-17178\" srcset=\"https:\/\/prensapaisa.com\/wp-content\/uploads\/2026\/09\/792090173_1119884050606581_7279027383078601802_n-1024x576.jpg 1024w, https:\/\/prensapaisa.com\/wp-content\/uploads\/2026\/09\/792090173_1119884050606581_7279027383078601802_n-300x169.jpg 300w, https:\/\/prensapaisa.com\/wp-content\/uploads\/2026\/09\/792090173_1119884050606581_7279027383078601802_n-768x432.jpg 768w, https:\/\/prensapaisa.com\/wp-content\/uploads\/2026\/09\/792090173_1119884050606581_7279027383078601802_n-1170x658.jpg 1170w, https:\/\/prensapaisa.com\/wp-content\/uploads\/2026\/09\/792090173_1119884050606581_7279027383078601802_n-1536x864.jpg 1536w, https:\/\/prensapaisa.com\/wp-content\/uploads\/2026\/09\/792090173_1119884050606581_7279027383078601802_n-585x329.jpg 585w, https:\/\/prensapaisa.com\/wp-content\/uploads\/2026\/09\/792090173_1119884050606581_7279027383078601802_n.jpg 1600w\" sizes=\"(max-width: 1024px) 100vw, 1024px\" \/><\/figure>\n<\/figure>\n","protected":false},"excerpt":{"rendered":"<p>Entre muros que comienzan a levantarse y pabellones que ya alcanzan varios niveles, Medell\u00edn empieza a darle forma a una nueva infraestructura penitenciaria que busca cambiar las condiciones en las&hellip;<\/p>\n","protected":false},"author":1,"featured_media":17178,"comment_status":"closed","ping_status":"open","sticky":false,"template":"","format":"standard","meta":{"footnotes":""},"categories":[1],"tags":[],"class_list":["post-17172","post","type-post","status-publish","format-standard","has-post-thumbnail","hentry","category-noticias"],"yoast_head":"<!-- This site is optimized with the Yoast SEO plugin v28.4 - https:\/\/yoast.com\/product\/yoast-seo-wordpress\/ -->\n<title>Nueva c\u00e1rcel de Medell\u00edn ya alcanza el 35 % de construcci\u00f3n y empieza a tomar forma para que los presos Paisas paguen sus penas - PRENSA PAISA<\/title>\n<meta name=\"robots\" content=\"index, follow, max-snippet:-1, max-image-preview:large, max-video-preview:-1\" \/>\n<link rel=\"canonical\" href=\"https:\/\/prensapaisa.com\/index.php\/2026\/09\/03\/nueva-carcel-de-medellin-ya-alcanza-el-35-de-construccion-y-empieza-a-tomar-forma-para-que-los-presos-paisas-paguen-sus-penas\/\" \/>\n<meta property=\"og:locale\" content=\"es_ES\" \/>\n<meta property=\"og:type\" content=\"article\" \/>\n<meta property=\"og:title\" content=\"Nueva c\u00e1rcel de Medell\u00edn ya alcanza el 35 % de construcci\u00f3n y empieza a tomar forma para que los presos Paisas paguen sus penas - PRENSA PAISA\" \/>\n<meta property=\"og:description\" content=\"Entre muros que comienzan a levantarse y pabellones que ya alcanzan varios niveles, Medell\u00edn empieza a darle forma a una nueva infraestructura penitenciaria que busca cambiar las condiciones en las&hellip;\" \/>\n<meta property=\"og:url\" content=\"https:\/\/prensapaisa.com\/index.php\/2026\/09\/03\/nueva-carcel-de-medellin-ya-alcanza-el-35-de-construccion-y-empieza-a-tomar-forma-para-que-los-presos-paisas-paguen-sus-penas\/\" \/>\n<meta property=\"og:site_name\" content=\"PRENSA PAISA\" \/>\n<meta property=\"article:published_time\" content=\"2026-09-03T15:03:13+00:00\" \/>\n<meta property=\"article:modified_time\" content=\"2026-09-03T15:03:14+00:00\" \/>\n<meta property=\"og:image\" content=\"https:\/\/prensapaisa.com\/wp-content\/uploads\/2026\/09\/792090173_1119884050606581_7279027383078601802_n.jpg\" \/>\n\t<meta property=\"og:image:width\" content=\"1600\" \/>\n\t<meta property=\"og:image:height\" content=\"900\" \/>\n\t<meta property=\"og:image:type\" content=\"image\/jpeg\" \/>\n<meta name=\"author\" content=\"noticias@prensapaisa.com\" \/>\n<meta name=\"twitter:card\" content=\"summary_large_image\" \/>\n<meta name=\"twitter:label1\" content=\"Escrito por\" \/>\n\t<meta name=\"twitter:data1\" content=\"noticias@prensapaisa.com\" \/>\n\t<meta name=\"twitter:label2\" content=\"Tiempo de lectura\" \/>\n\t<meta name=\"twitter:data2\" content=\"4 minutos\" \/>\n<script type=\"application\/ld+json\" class=\"yoast-schema-graph\">{\"@context\":\"https:\\\/\\\/schema.org\",\"@graph\":[{\"@type\":\"Article\",\"@id\":\"https:\\\/\\\/prensapaisa.com\\\/index.php\\\/2026\\\/09\\\/03\\\/nueva-carcel-de-medellin-ya-alcanza-el-35-de-construccion-y-empieza-a-tomar-forma-para-que-los-presos-paisas-paguen-sus-penas\\\/#article\",\"isPartOf\":{\"@id\":\"https:\\\/\\\/prensapaisa.com\\\/index.php\\\/2026\\\/09\\\/03\\\/nueva-carcel-de-medellin-ya-alcanza-el-35-de-construccion-y-empieza-a-tomar-forma-para-que-los-presos-paisas-paguen-sus-penas\\\/\"},\"author\":{\"name\":\"noticias@prensapaisa.com\",\"@id\":\"https:\\\/\\\/prensapaisa.com\\\/#\\\/schema\\\/person\\\/c5899b8b285dbcd70faec88a7c1579f6\"},\"headline\":\"Nueva c\u00e1rcel de Medell\u00edn ya alcanza el 35 % de construcci\u00f3n y empieza a tomar forma para que los presos Paisas paguen sus penas\",\"datePublished\":\"2026-09-03T15:03:13+00:00\",\"dateModified\":\"2026-09-03T15:03:14+00:00\",\"mainEntityOfPage\":{\"@id\":\"https:\\\/\\\/prensapaisa.com\\\/index.php\\\/2026\\\/09\\\/03\\\/nueva-carcel-de-medellin-ya-alcanza-el-35-de-construccion-y-empieza-a-tomar-forma-para-que-los-presos-paisas-paguen-sus-penas\\\/\"},\"wordCount\":512,\"publisher\":{\"@id\":\"https:\\\/\\\/prensapaisa.com\\\/#organization\"},\"image\":{\"@id\":\"https:\\\/\\\/prensapaisa.com\\\/index.php\\\/2026\\\/09\\\/03\\\/nueva-carcel-de-medellin-ya-alcanza-el-35-de-construccion-y-empieza-a-tomar-forma-para-que-los-presos-paisas-paguen-sus-penas\\\/#primaryimage\"},\"thumbnailUrl\":\"https:\\\/\\\/prensapaisa.com\\\/wp-content\\\/uploads\\\/2026\\\/09\\\/792090173_1119884050606581_7279027383078601802_n.jpg\",\"articleSection\":[\"Noticias\"],\"inLanguage\":\"es-CO\"},{\"@type\":\"WebPage\",\"@id\":\"https:\\\/\\\/prensapaisa.com\\\/index.php\\\/2026\\\/09\\\/03\\\/nueva-carcel-de-medellin-ya-alcanza-el-35-de-construccion-y-empieza-a-tomar-forma-para-que-los-presos-paisas-paguen-sus-penas\\\/\",\"url\":\"https:\\\/\\\/prensapaisa.com\\\/index.php\\\/2026\\\/09\\\/03\\\/nueva-carcel-de-medellin-ya-alcanza-el-35-de-construccion-y-empieza-a-tomar-forma-para-que-los-presos-paisas-paguen-sus-penas\\\/\",\"name\":\"Nueva c\u00e1rcel de Medell\u00edn ya alcanza el 35 % de construcci\u00f3n y empieza a tomar forma para que los presos Paisas paguen sus penas - PRENSA PAISA\",\"isPartOf\":{\"@id\":\"https:\\\/\\\/prensapaisa.com\\\/#website\"},\"primaryImageOfPage\":{\"@id\":\"https:\\\/\\\/prensapaisa.com\\\/index.php\\\/2026\\\/09\\\/03\\\/nueva-carcel-de-medellin-ya-alcanza-el-35-de-construccion-y-empieza-a-tomar-forma-para-que-los-presos-paisas-paguen-sus-penas\\\/#primaryimage\"},\"image\":{\"@id\":\"https:\\\/\\\/prensapaisa.com\\\/index.php\\\/2026\\\/09\\\/03\\\/nueva-carcel-de-medellin-ya-alcanza-el-35-de-construccion-y-empieza-a-tomar-forma-para-que-los-presos-paisas-paguen-sus-penas\\\/#primaryimage\"},\"thumbnailUrl\":\"https:\\\/\\\/prensapaisa.com\\\/wp-content\\\/uploads\\\/2026\\\/09\\\/792090173_1119884050606581_7279027383078601802_n.jpg\",\"datePublished\":\"2026-09-03T15:03:13+00:00\",\"dateModified\":\"2026-09-03T15:03:14+00:00\",\"breadcrumb\":{\"@id\":\"https:\\\/\\\/prensapaisa.com\\\/index.php\\\/2026\\\/09\\\/03\\\/nueva-carcel-de-medellin-ya-alcanza-el-35-de-construccion-y-empieza-a-tomar-forma-para-que-los-presos-paisas-paguen-sus-penas\\\/#breadcrumb\"},\"inLanguage\":\"es-CO\",\"potentialAction\":[{\"@type\":\"ReadAction\",\"target\":[\"https:\\\/\\\/prensapaisa.com\\\/index.php\\\/2026\\\/09\\\/03\\\/nueva-carcel-de-medellin-ya-alcanza-el-35-de-construccion-y-empieza-a-tomar-forma-para-que-los-presos-paisas-paguen-sus-penas\\\/\"]}]},{\"@type\":\"ImageObject\",\"inLanguage\":\"es-CO\",\"@id\":\"https:\\\/\\\/prensapaisa.com\\\/index.php\\\/2026\\\/09\\\/03\\\/nueva-carcel-de-medellin-ya-alcanza-el-35-de-construccion-y-empieza-a-tomar-forma-para-que-los-presos-paisas-paguen-sus-penas\\\/#primaryimage\",\"url\":\"https:\\\/\\\/prensapaisa.com\\\/wp-content\\\/uploads\\\/2026\\\/09\\\/792090173_1119884050606581_7279027383078601802_n.jpg\",\"contentUrl\":\"https:\\\/\\\/prensapaisa.com\\\/wp-content\\\/uploads\\\/2026\\\/09\\\/792090173_1119884050606581_7279027383078601802_n.jpg\",\"width\":1600,\"height\":900},{\"@type\":\"BreadcrumbList\",\"@id\":\"https:\\\/\\\/prensapaisa.com\\\/index.php\\\/2026\\\/09\\\/03\\\/nueva-carcel-de-medellin-ya-alcanza-el-35-de-construccion-y-empieza-a-tomar-forma-para-que-los-presos-paisas-paguen-sus-penas\\\/#breadcrumb\",\"itemListElement\":[{\"@type\":\"ListItem\",\"position\":1,\"name\":\"Inicio\",\"item\":\"https:\\\/\\\/prensapaisa.com\\\/\"},{\"@type\":\"ListItem\",\"position\":2,\"name\":\"Nueva c\u00e1rcel de Medell\u00edn ya alcanza el 35 % de construcci\u00f3n y empieza a tomar forma para que los presos Paisas paguen sus penas\"}]},{\"@type\":\"WebSite\",\"@id\":\"https:\\\/\\\/prensapaisa.com\\\/#website\",\"url\":\"https:\\\/\\\/prensapaisa.com\\\/\",\"name\":\"PRENSA PAISA\",\"description\":\"Prensa Paisa la Original | Noticias de Medell\u00edn, Antioquia\",\"publisher\":{\"@id\":\"https:\\\/\\\/prensapaisa.com\\\/#organization\"},\"potentialAction\":[{\"@type\":\"SearchAction\",\"target\":{\"@type\":\"EntryPoint\",\"urlTemplate\":\"https:\\\/\\\/prensapaisa.com\\\/?s={search_term_string}\"},\"query-input\":{\"@type\":\"PropertyValueSpecification\",\"valueRequired\":true,\"valueName\":\"search_term_string\"}}],\"inLanguage\":\"es-CO\"},{\"@type\":\"Organization\",\"@id\":\"https:\\\/\\\/prensapaisa.com\\\/#organization\",\"name\":\"PRENSA PAISA\",\"url\":\"https:\\\/\\\/prensapaisa.com\\\/\",\"logo\":{\"@type\":\"ImageObject\",\"inLanguage\":\"es-CO\",\"@id\":\"https:\\\/\\\/prensapaisa.com\\\/#\\\/schema\\\/logo\\\/image\\\/\",\"url\":\"https:\\\/\\\/prensapaisa.com\\\/wp-content\\\/uploads\\\/2022\\\/05\\\/cropped-cropped-prensa.png\",\"contentUrl\":\"https:\\\/\\\/prensapaisa.com\\\/wp-content\\\/uploads\\\/2022\\\/05\\\/cropped-cropped-prensa.png\",\"width\":784,\"height\":524,\"caption\":\"PRENSA PAISA\"},\"image\":{\"@id\":\"https:\\\/\\\/prensapaisa.com\\\/#\\\/schema\\\/logo\\\/image\\\/\"}},{\"@type\":\"Person\",\"@id\":\"https:\\\/\\\/prensapaisa.com\\\/#\\\/schema\\\/person\\\/c5899b8b285dbcd70faec88a7c1579f6\",\"name\":\"noticias@prensapaisa.com\",\"image\":{\"@type\":\"ImageObject\",\"inLanguage\":\"es-CO\",\"@id\":\"https:\\\/\\\/secure.gravatar.com\\\/avatar\\\/ca2b49c1df14b84557c567431f045ea69c8ea5da2da50309fd4de9b811da0433?s=96&d=mm&r=g\",\"url\":\"https:\\\/\\\/secure.gravatar.com\\\/avatar\\\/ca2b49c1df14b84557c567431f045ea69c8ea5da2da50309fd4de9b811da0433?s=96&d=mm&r=g\",\"contentUrl\":\"https:\\\/\\\/secure.gravatar.com\\\/avatar\\\/ca2b49c1df14b84557c567431f045ea69c8ea5da2da50309fd4de9b811da0433?s=96&d=mm&r=g\",\"caption\":\"noticias@prensapaisa.com\"},\"sameAs\":[\"http:\\\/\\\/prensapaisa.com\"],\"url\":\"https:\\\/\\\/prensapaisa.com\\\/index.php\\\/author\\\/prensapaisagmail-com\\\/\"}]}<\/script>\n<!-- \/ Yoast SEO plugin. -->","yoast_head_json":{"title":"Nueva c\u00e1rcel de Medell\u00edn ya alcanza el 35 % de construcci\u00f3n y empieza a tomar forma para que los presos Paisas paguen sus penas - PRENSA PAISA","robots":{"index":"index","follow":"follow","max-snippet":"max-snippet:-1","max-image-preview":"max-image-preview:large","max-video-preview":"max-video-preview:-1"},"canonical":"https:\/\/prensapaisa.com\/index.php\/2026\/09\/03\/nueva-carcel-de-medellin-ya-alcanza-el-35-de-construccion-y-empieza-a-tomar-forma-para-que-los-presos-paisas-paguen-sus-penas\/","og_locale":"es_ES","og_type":"article","og_title":"Nueva c\u00e1rcel de Medell\u00edn ya alcanza el 35 % de construcci\u00f3n y empieza a tomar forma para que los presos Paisas paguen sus penas - PRENSA PAISA","og_description":"Entre muros que comienzan a levantarse y pabellones que ya alcanzan varios niveles, Medell\u00edn empieza a darle forma a una nueva infraestructura penitenciaria que busca cambiar las condiciones en las&hellip;","og_url":"https:\/\/prensapaisa.com\/index.php\/2026\/09\/03\/nueva-carcel-de-medellin-ya-alcanza-el-35-de-construccion-y-empieza-a-tomar-forma-para-que-los-presos-paisas-paguen-sus-penas\/","og_site_name":"PRENSA PAISA","article_published_time":"2026-09-03T15:03:13+00:00","article_modified_time":"2026-09-03T15:03:14+00:00","og_image":[{"width":1600,"height":900,"url":"https:\/\/prensapaisa.com\/wp-content\/uploads\/2026\/09\/792090173_1119884050606581_7279027383078601802_n.jpg","type":"image\/jpeg"}],"author":"noticias@prensapaisa.com","twitter_card":"summary_large_image","twitter_misc":{"Escrito por":"noticias@prensapaisa.com","Tiempo de lectura":"4 minutos"},"schema":{"@context":"https:\/\/schema.org","@graph":[{"@type":"Article","@id":"https:\/\/prensapaisa.com\/index.php\/2026\/09\/03\/nueva-carcel-de-medellin-ya-alcanza-el-35-de-construccion-y-empieza-a-tomar-forma-para-que-los-presos-paisas-paguen-sus-penas\/#article","isPartOf":{"@id":"https:\/\/prensapaisa.com\/index.php\/2026\/09\/03\/nueva-carcel-de-medellin-ya-alcanza-el-35-de-construccion-y-empieza-a-tomar-forma-para-que-los-presos-paisas-paguen-sus-penas\/"},"author":{"name":"noticias@prensapaisa.com","@id":"https:\/\/prensapaisa.com\/#\/schema\/person\/c5899b8b285dbcd70faec88a7c1579f6"},"headline":"Nueva c\u00e1rcel de Medell\u00edn ya alcanza el 35 % de construcci\u00f3n y empieza a tomar forma para que los presos Paisas paguen sus penas","datePublished":"2026-09-03T15:03:13+00:00","dateModified":"2026-09-03T15:03:14+00:00","mainEntityOfPage":{"@id":"https:\/\/prensapaisa.com\/index.php\/2026\/09\/03\/nueva-carcel-de-medellin-ya-alcanza-el-35-de-construccion-y-empieza-a-tomar-forma-para-que-los-presos-paisas-paguen-sus-penas\/"},"wordCount":512,"publisher":{"@id":"https:\/\/prensapaisa.com\/#organization"},"image":{"@id":"https:\/\/prensapaisa.com\/index.php\/2026\/09\/03\/nueva-carcel-de-medellin-ya-alcanza-el-35-de-construccion-y-empieza-a-tomar-forma-para-que-los-presos-paisas-paguen-sus-penas\/#primaryimage"},"thumbnailUrl":"https:\/\/prensapaisa.com\/wp-content\/uploads\/2026\/09\/792090173_1119884050606581_7279027383078601802_n.jpg","articleSection":["Noticias"],"inLanguage":"es-CO"},{"@type":"WebPage","@id":"https:\/\/prensapaisa.com\/index.php\/2026\/09\/03\/nueva-carcel-de-medellin-ya-alcanza-el-35-de-construccion-y-empieza-a-tomar-forma-para-que-los-presos-paisas-paguen-sus-penas\/","url":"https:\/\/prensapaisa.com\/index.php\/2026\/09\/03\/nueva-carcel-de-medellin-ya-alcanza-el-35-de-construccion-y-empieza-a-tomar-forma-para-que-los-presos-paisas-paguen-sus-penas\/","name":"Nueva c\u00e1rcel de Medell\u00edn ya alcanza el 35 % de construcci\u00f3n y empieza a tomar forma para que los presos Paisas paguen sus penas - PRENSA PAISA","isPartOf":{"@id":"https:\/\/prensapaisa.com\/#website"},"primaryImageOfPage":{"@id":"https:\/\/prensapaisa.com\/index.php\/2026\/09\/03\/nueva-carcel-de-medellin-ya-alcanza-el-35-de-construccion-y-empieza-a-tomar-forma-para-que-los-presos-paisas-paguen-sus-penas\/#primaryimage"},"image":{"@id":"https:\/\/prensapaisa.com\/index.php\/2026\/09\/03\/nueva-carcel-de-medellin-ya-alcanza-el-35-de-construccion-y-empieza-a-tomar-forma-para-que-los-presos-paisas-paguen-sus-penas\/#primaryimage"},"thumbnailUrl":"https:\/\/prensapaisa.com\/wp-content\/uploads\/2026\/09\/792090173_1119884050606581_7279027383078601802_n.jpg","datePublished":"2026-09-03T15:03:13+00:00","dateModified":"2026-09-03T15:03:14+00:00","breadcrumb":{"@id":"https:\/\/prensapaisa.com\/index.php\/2026\/09\/03\/nueva-carcel-de-medellin-ya-alcanza-el-35-de-construccion-y-empieza-a-tomar-forma-para-que-los-presos-paisas-paguen-sus-penas\/#breadcrumb"},"inLanguage":"es-CO","potentialAction":[{"@type":"ReadAction","target":["https:\/\/prensapaisa.com\/index.php\/2026\/09\/03\/nueva-carcel-de-medellin-ya-alcanza-el-35-de-construccion-y-empieza-a-tomar-forma-para-que-los-presos-paisas-paguen-sus-penas\/"]}]},{"@type":"ImageObject","inLanguage":"es-CO","@id":"https:\/\/prensapaisa.com\/index.php\/2026\/09\/03\/nueva-carcel-de-medellin-ya-alcanza-el-35-de-construccion-y-empieza-a-tomar-forma-para-que-los-presos-paisas-paguen-sus-penas\/#primaryimage","url":"https:\/\/prensapaisa.com\/wp-content\/uploads\/2026\/09\/792090173_1119884050606581_7279027383078601802_n.jpg","contentUrl":"https:\/\/prensapaisa.com\/wp-content\/uploads\/2026\/09\/792090173_1119884050606581_7279027383078601802_n.jpg","width":1600,"height":900},{"@type":"BreadcrumbList","@id":"https:\/\/prensapaisa.com\/index.php\/2026\/09\/03\/nueva-carcel-de-medellin-ya-alcanza-el-35-de-construccion-y-empieza-a-tomar-forma-para-que-los-presos-paisas-paguen-sus-penas\/#breadcrumb","itemListElement":[{"@type":"ListItem","position":1,"name":"Inicio","item":"https:\/\/prensapaisa.com\/"},{"@type":"ListItem","position":2,"name":"Nueva c\u00e1rcel de Medell\u00edn ya alcanza el 35 % de construcci\u00f3n y empieza a tomar forma para que los presos Paisas paguen sus penas"}]},{"@type":"WebSite","@id":"https:\/\/prensapaisa.com\/#website","url":"https:\/\/prensapaisa.com\/","name":"PRENSA PAISA","description":"Prensa Paisa la Original | Noticias de Medell\u00edn, Antioquia","publisher":{"@id":"https:\/\/prensapaisa.com\/#organization"},"potentialAction":[{"@type":"SearchAction","target":{"@type":"EntryPoint","urlTemplate":"https:\/\/prensapaisa.com\/?s={search_term_string}"},"query-input":{"@type":"PropertyValueSpecification","valueRequired":true,"valueName":"search_term_string"}}],"inLanguage":"es-CO"},{"@type":"Organization","@id":"https:\/\/prensapaisa.com\/#organization","name":"PRENSA PAISA","url":"https:\/\/prensapaisa.com\/","logo":{"@type":"ImageObject","inLanguage":"es-CO","@id":"https:\/\/prensapaisa.com\/#\/schema\/logo\/image\/","url":"https:\/\/prensapaisa.com\/wp-content\/uploads\/2022\/05\/cropped-cropped-prensa.png","contentUrl":"https:\/\/prensapaisa.com\/wp-content\/uploads\/2022\/05\/cropped-cropped-prensa.png","width":784,"height":524,"caption":"PRENSA PAISA"},"image":{"@id":"https:\/\/prensapaisa.com\/#\/schema\/logo\/image\/"}},{"@type":"Person","@id":"https:\/\/prensapaisa.com\/#\/schema\/person\/c5899b8b285dbcd70faec88a7c1579f6","name":"noticias@prensapaisa.com","image":{"@type":"ImageObject","inLanguage":"es-CO","@id":"https:\/\/secure.gravatar.com\/avatar\/ca2b49c1df14b84557c567431f045ea69c8ea5da2da50309fd4de9b811da0433?s=96&d=mm&r=g","url":"https:\/\/secure.gravatar.com\/avatar\/ca2b49c1df14b84557c567431f045ea69c8ea5da2da50309fd4de9b811da0433?s=96&d=mm&r=g","contentUrl":"https:\/\/secure.gravatar.com\/avatar\/ca2b49c1df14b84557c567431f045ea69c8ea5da2da50309fd4de9b811da0433?s=96&d=mm&r=g","caption":"noticias@prensapaisa.com"},"sameAs":["http:\/\/prensapaisa.com"],"url":"https:\/\/prensapaisa.com\/index.php\/author\/prensapaisagmail-com\/"}]}},"_links":{"self":[{"href":"https:\/\/prensapaisa.com\/index.php\/wp-json\/wp\/v2\/posts\/17172","targetHints":{"allow":["GET"]}}],"collection":[{"href":"https:\/\/prensapaisa.com\/index.php\/wp-json\/wp\/v2\/posts"}],"about":[{"href":"https:\/\/prensapaisa.com\/index.php\/wp-json\/wp\/v2\/types\/post"}],"author":[{"embeddable":true,"href":"https:\/\/prensapaisa.com\/index.php\/wp-json\/wp\/v2\/users\/1"}],"replies":[{"embeddable":true,"href":"https:\/\/prensapaisa.com\/index.php\/wp-json\/wp\/v2\/comments?post=17172"}],"version-history":[{"count":1,"href":"https:\/\/prensapaisa.com\/index.php\/wp-json\/wp\/v2\/posts\/17172\/revisions"}],"predecessor-version":[{"id":17179,"href":"https:\/\/prensapaisa.com\/index.php\/wp-json\/wp\/v2\/posts\/17172\/revisions\/17179"}],"wp:featuredmedia":[{"embeddable":true,"href":"https:\/\/prensapaisa.com\/index.php\/wp-json\/wp\/v2\/media\/17178"}],"wp:attachment":[{"href":"https:\/\/prensapaisa.com\/index.php\/wp-json\/wp\/v2\/media?parent=17172"}],"wp:term":[{"taxonomy":"category","embeddable":true,"href":"https:\/\/prensapaisa.com\/index.php\/wp-json\/wp\/v2\/categories?post=17172"},{"taxonomy":"post_tag","embeddable":true,"href":"https:\/\/prensapaisa.com\/index.php\/wp-json\/wp\/v2\/tags?post=17172"}],"curies":[{"name":"wp","href":"https:\/\/api.w.org\/{rel}","templated":true}]}}