{"id":17166,"date":"2026-09-02T14:35:26","date_gmt":"2026-09-02T19:35:26","guid":{"rendered":"https:\/\/prensapaisa.com\/?p=17166"},"modified":"2026-09-02T14:35:27","modified_gmt":"2026-09-02T19:35:27","slug":"las-camaras-los-pillaron-943-capturas-y-mas-de-1-200-motos-recuperadas-en-medellin","status":"publish","type":"post","link":"https:\/\/prensapaisa.com\/index.php\/2026\/09\/02\/las-camaras-los-pillaron-943-capturas-y-mas-de-1-200-motos-recuperadas-en-medellin\/","title":{"rendered":"\u00a1Las c\u00e1maras los pillaron! 943 capturas y m\u00e1s de 1.200 motos recuperadas en Medell\u00edn"},"content":{"rendered":"\n<p class=\"wp-block-paragraph\">Las c\u00e1maras de seguridad se han convertido en los ojos de las autoridades en las calles de Medell\u00edn. Desde las salas de monitoreo, los visualizadores hacen seguimiento a veh\u00edculos, motocicletas y situaciones sospechosas, mientras coordinan con las patrullas la reacci\u00f3n en territorio.<\/p>\n\n\n\n<p class=\"wp-block-paragraph\">Entre enero y agosto de 2026, esta articulaci\u00f3n contribuy\u00f3 a la captura de 943 personas y a la conducci\u00f3n de otras 284. Adem\u00e1s, fueron recuperados 253 carros, 1.263 motocicletas y 151 celulares.<br>El balance tambi\u00e9n incluye la incautaci\u00f3n de 368 armas blancas, 13 armas de fuego y 72 armas traum\u00e1ticas, as\u00ed como 72.581 unidades de droga.<\/p>\n\n\n\n<p class=\"wp-block-paragraph\">La L\u00ednea 123 tambi\u00e9n tuvo un papel importante: durante este periodo fueron atendidas 131.414 llamadas, de las cuales 119.908 fueron contestadas.<\/p>\n\n\n\n<p class=\"wp-block-paragraph\">Uno de los procedimientos m\u00e1s recientes ocurri\u00f3 el 31 de agosto, cuando las c\u00e1maras y el sistema de reconocimiento de placas LPR detectaron motocicletas que estar\u00edan relacionadas con varios hurtos.<\/p>\n\n\n\n<p class=\"wp-block-paragraph\">Desde la Sala Situacional se hizo seguimiento y se coordin\u00f3 el despliegue de las patrullas. El operativo termin\u00f3 en Santaf\u00e9, Guayabal, con la captura de dos personas que estar\u00edan relacionadas con el hurto cometido contra un ciudadano extranjero en el sector del Estadio.<\/p>\n\n\n\n<p class=\"wp-block-paragraph\">En el procedimiento fueron recuperados dos celulares y una cadena de oro. Tambi\u00e9n se incautaron un arma de menor letalidad, un proveedor y siete cartuchos para pistola traum\u00e1tica.<\/p>\n\n\n\n<p class=\"wp-block-paragraph\">En un segundo caso, las c\u00e1maras detectaron un veh\u00edculo que estar\u00eda relacionado con el transporte de elementos hurtados.<\/p>\n\n\n\n<p class=\"wp-block-paragraph\">El seguimiento realizado desde la Sala Situacional permiti\u00f3 coordinar la reacci\u00f3n de las patrullas, que finalmente interceptaron el automotor en el sector de San Pedro, comuna 4-Aranjuez.<\/p>\n\n\n\n<p class=\"wp-block-paragraph\">El procedimiento dej\u00f3 cuatro personas capturadas, varios elementos recuperados y el veh\u00edculo inmovilizado.<\/p>\n\n\n\n<p class=\"wp-block-paragraph\">Los capturados fueron dejados a disposici\u00f3n de la Fiscal\u00eda General de la Naci\u00f3n, mientras avanzan las investigaciones para establecer las responsabilidades correspondientes.<\/p>\n\n\n\n<p class=\"wp-block-paragraph\">Los resultados reflejan c\u00f3mo la combinaci\u00f3n de c\u00e1maras, reconocimiento de placas, llamadas ciudadanas y reacci\u00f3n policial se ha convertido en una herramienta fundamental para detectar movimientos sospechosos, seguir posibles rutas de escape y actuar con mayor rapidez frente a hechos delictivos en Medell\u00edn.<\/p>\n\n\n\n<figure class=\"wp-block-gallery has-nested-images columns-default is-cropped wp-block-gallery-1 is-layout-flex wp-block-gallery-is-layout-flex\">\n<figure class=\"wp-block-image size-large\"><img fetchpriority=\"high\" decoding=\"async\" width=\"1024\" height=\"603\" data-id=\"17167\" src=\"https:\/\/prensapaisa.com\/wp-content\/uploads\/2026\/09\/791942785_1119334167328236_3390067929004962291_n-1024x603.jpg\" alt=\"\" class=\"wp-image-17167\" srcset=\"https:\/\/prensapaisa.com\/wp-content\/uploads\/2026\/09\/791942785_1119334167328236_3390067929004962291_n-1024x603.jpg 1024w, https:\/\/prensapaisa.com\/wp-content\/uploads\/2026\/09\/791942785_1119334167328236_3390067929004962291_n-300x177.jpg 300w, https:\/\/prensapaisa.com\/wp-content\/uploads\/2026\/09\/791942785_1119334167328236_3390067929004962291_n-767x451.jpg 767w, https:\/\/prensapaisa.com\/wp-content\/uploads\/2026\/09\/791942785_1119334167328236_3390067929004962291_n-585x344.jpg 585w, https:\/\/prensapaisa.com\/wp-content\/uploads\/2026\/09\/791942785_1119334167328236_3390067929004962291_n.jpg 1171w\" sizes=\"(max-width: 1024px) 100vw, 1024px\" \/><\/figure>\n\n\n\n<figure class=\"wp-block-image size-large\"><img decoding=\"async\" width=\"1024\" height=\"768\" data-id=\"17168\" src=\"https:\/\/prensapaisa.com\/wp-content\/uploads\/2026\/09\/792961473_1119334160661570_4294817039188319373_n-1024x768.jpg\" alt=\"\" class=\"wp-image-17168\" srcset=\"https:\/\/prensapaisa.com\/wp-content\/uploads\/2026\/09\/792961473_1119334160661570_4294817039188319373_n-1024x768.jpg 1024w, https:\/\/prensapaisa.com\/wp-content\/uploads\/2026\/09\/792961473_1119334160661570_4294817039188319373_n-300x225.jpg 300w, https:\/\/prensapaisa.com\/wp-content\/uploads\/2026\/09\/792961473_1119334160661570_4294817039188319373_n-768x576.jpg 768w, https:\/\/prensapaisa.com\/wp-content\/uploads\/2026\/09\/792961473_1119334160661570_4294817039188319373_n-1170x877.jpg 1170w, https:\/\/prensapaisa.com\/wp-content\/uploads\/2026\/09\/792961473_1119334160661570_4294817039188319373_n-585x439.jpg 585w, https:\/\/prensapaisa.com\/wp-content\/uploads\/2026\/09\/792961473_1119334160661570_4294817039188319373_n.jpg 1280w\" sizes=\"(max-width: 1024px) 100vw, 1024px\" \/><\/figure>\n\n\n\n<figure class=\"wp-block-image size-large\"><img decoding=\"async\" width=\"1024\" height=\"895\" data-id=\"17169\" src=\"https:\/\/prensapaisa.com\/wp-content\/uploads\/2026\/09\/790408487_1404009965001675_5785594222591214884_n-1024x895.jpg\" alt=\"\" class=\"wp-image-17169\" srcset=\"https:\/\/prensapaisa.com\/wp-content\/uploads\/2026\/09\/790408487_1404009965001675_5785594222591214884_n-1024x895.jpg 1024w, https:\/\/prensapaisa.com\/wp-content\/uploads\/2026\/09\/790408487_1404009965001675_5785594222591214884_n-300x262.jpg 300w, https:\/\/prensapaisa.com\/wp-content\/uploads\/2026\/09\/790408487_1404009965001675_5785594222591214884_n-767x671.jpg 767w, https:\/\/prensapaisa.com\/wp-content\/uploads\/2026\/09\/790408487_1404009965001675_5785594222591214884_n-1170x1023.jpg 1170w, https:\/\/prensapaisa.com\/wp-content\/uploads\/2026\/09\/790408487_1404009965001675_5785594222591214884_n-585x512.jpg 585w, https:\/\/prensapaisa.com\/wp-content\/uploads\/2026\/09\/790408487_1404009965001675_5785594222591214884_n.jpg 1290w\" sizes=\"(max-width: 1024px) 100vw, 1024px\" \/><figcaption class=\"wp-element-caption\">Screenshot<\/figcaption><\/figure>\n\n\n\n<figure class=\"wp-block-image size-large\"><img loading=\"lazy\" decoding=\"async\" width=\"1024\" height=\"924\" data-id=\"17170\" src=\"https:\/\/prensapaisa.com\/wp-content\/uploads\/2026\/09\/786422991_1303881671674023_9084254064542788764_n-1024x924.jpg\" alt=\"\" class=\"wp-image-17170\" srcset=\"https:\/\/prensapaisa.com\/wp-content\/uploads\/2026\/09\/786422991_1303881671674023_9084254064542788764_n-1024x924.jpg 1024w, https:\/\/prensapaisa.com\/wp-content\/uploads\/2026\/09\/786422991_1303881671674023_9084254064542788764_n-300x271.jpg 300w, https:\/\/prensapaisa.com\/wp-content\/uploads\/2026\/09\/786422991_1303881671674023_9084254064542788764_n-767x692.jpg 767w, https:\/\/prensapaisa.com\/wp-content\/uploads\/2026\/09\/786422991_1303881671674023_9084254064542788764_n-1170x1056.jpg 1170w, https:\/\/prensapaisa.com\/wp-content\/uploads\/2026\/09\/786422991_1303881671674023_9084254064542788764_n-585x528.jpg 585w, https:\/\/prensapaisa.com\/wp-content\/uploads\/2026\/09\/786422991_1303881671674023_9084254064542788764_n.jpg 1290w\" sizes=\"(max-width: 1024px) 100vw, 1024px\" \/><figcaption class=\"wp-element-caption\">Screenshot<\/figcaption><\/figure>\n<\/figure>\n","protected":false},"excerpt":{"rendered":"<p>Las c\u00e1maras de seguridad se han convertido en los ojos de las autoridades en las calles de Medell\u00edn. Desde las salas de monitoreo, los visualizadores hacen seguimiento a veh\u00edculos, motocicletas&hellip;<\/p>\n","protected":false},"author":1,"featured_media":17170,"comment_status":"closed","ping_status":"open","sticky":false,"template":"","format":"standard","meta":{"footnotes":""},"categories":[49,1],"tags":[],"class_list":["post-17166","post","type-post","status-publish","format-standard","has-post-thumbnail","hentry","category-capturas","category-noticias"],"yoast_head":"<!-- This site is optimized with the Yoast SEO plugin v28.4 - https:\/\/yoast.com\/product\/yoast-seo-wordpress\/ -->\n<title>\u00a1Las c\u00e1maras los pillaron! 943 capturas y m\u00e1s de 1.200 motos recuperadas en Medell\u00edn - PRENSA PAISA<\/title>\n<meta name=\"robots\" content=\"index, follow, max-snippet:-1, max-image-preview:large, max-video-preview:-1\" \/>\n<link rel=\"canonical\" href=\"https:\/\/prensapaisa.com\/index.php\/2026\/09\/02\/las-camaras-los-pillaron-943-capturas-y-mas-de-1-200-motos-recuperadas-en-medellin\/\" \/>\n<meta property=\"og:locale\" content=\"es_ES\" \/>\n<meta property=\"og:type\" content=\"article\" \/>\n<meta property=\"og:title\" content=\"\u00a1Las c\u00e1maras los pillaron! 943 capturas y m\u00e1s de 1.200 motos recuperadas en Medell\u00edn - PRENSA PAISA\" \/>\n<meta property=\"og:description\" content=\"Las c\u00e1maras de seguridad se han convertido en los ojos de las autoridades en las calles de Medell\u00edn. Desde las salas de monitoreo, los visualizadores hacen seguimiento a veh\u00edculos, motocicletas&hellip;\" \/>\n<meta property=\"og:url\" content=\"https:\/\/prensapaisa.com\/index.php\/2026\/09\/02\/las-camaras-los-pillaron-943-capturas-y-mas-de-1-200-motos-recuperadas-en-medellin\/\" \/>\n<meta property=\"og:site_name\" content=\"PRENSA PAISA\" \/>\n<meta property=\"article:published_time\" content=\"2026-09-02T19:35:26+00:00\" \/>\n<meta property=\"article:modified_time\" content=\"2026-09-02T19:35:27+00:00\" \/>\n<meta property=\"og:image\" content=\"https:\/\/prensapaisa.com\/wp-content\/uploads\/2026\/09\/786422991_1303881671674023_9084254064542788764_n.jpg\" \/>\n\t<meta property=\"og:image:width\" content=\"1290\" \/>\n\t<meta property=\"og:image:height\" content=\"1164\" \/>\n\t<meta property=\"og:image:type\" content=\"image\/jpeg\" \/>\n<meta name=\"author\" content=\"noticias@prensapaisa.com\" \/>\n<meta name=\"twitter:card\" content=\"summary_large_image\" \/>\n<meta name=\"twitter:label1\" content=\"Escrito por\" \/>\n\t<meta name=\"twitter:data1\" content=\"noticias@prensapaisa.com\" \/>\n\t<meta name=\"twitter:label2\" content=\"Tiempo de lectura\" \/>\n\t<meta name=\"twitter:data2\" content=\"3 minutos\" \/>\n<script type=\"application\/ld+json\" class=\"yoast-schema-graph\">{\"@context\":\"https:\\\/\\\/schema.org\",\"@graph\":[{\"@type\":\"Article\",\"@id\":\"https:\\\/\\\/prensapaisa.com\\\/index.php\\\/2026\\\/09\\\/02\\\/las-camaras-los-pillaron-943-capturas-y-mas-de-1-200-motos-recuperadas-en-medellin\\\/#article\",\"isPartOf\":{\"@id\":\"https:\\\/\\\/prensapaisa.com\\\/index.php\\\/2026\\\/09\\\/02\\\/las-camaras-los-pillaron-943-capturas-y-mas-de-1-200-motos-recuperadas-en-medellin\\\/\"},\"author\":{\"name\":\"noticias@prensapaisa.com\",\"@id\":\"https:\\\/\\\/prensapaisa.com\\\/#\\\/schema\\\/person\\\/c5899b8b285dbcd70faec88a7c1579f6\"},\"headline\":\"\u00a1Las c\u00e1maras los pillaron! 943 capturas y m\u00e1s de 1.200 motos recuperadas en Medell\u00edn\",\"datePublished\":\"2026-09-02T19:35:26+00:00\",\"dateModified\":\"2026-09-02T19:35:27+00:00\",\"mainEntityOfPage\":{\"@id\":\"https:\\\/\\\/prensapaisa.com\\\/index.php\\\/2026\\\/09\\\/02\\\/las-camaras-los-pillaron-943-capturas-y-mas-de-1-200-motos-recuperadas-en-medellin\\\/\"},\"wordCount\":377,\"publisher\":{\"@id\":\"https:\\\/\\\/prensapaisa.com\\\/#organization\"},\"image\":{\"@id\":\"https:\\\/\\\/prensapaisa.com\\\/index.php\\\/2026\\\/09\\\/02\\\/las-camaras-los-pillaron-943-capturas-y-mas-de-1-200-motos-recuperadas-en-medellin\\\/#primaryimage\"},\"thumbnailUrl\":\"https:\\\/\\\/prensapaisa.com\\\/wp-content\\\/uploads\\\/2026\\\/09\\\/786422991_1303881671674023_9084254064542788764_n.jpg\",\"articleSection\":[\"Capturas\",\"Noticias\"],\"inLanguage\":\"es-CO\"},{\"@type\":\"WebPage\",\"@id\":\"https:\\\/\\\/prensapaisa.com\\\/index.php\\\/2026\\\/09\\\/02\\\/las-camaras-los-pillaron-943-capturas-y-mas-de-1-200-motos-recuperadas-en-medellin\\\/\",\"url\":\"https:\\\/\\\/prensapaisa.com\\\/index.php\\\/2026\\\/09\\\/02\\\/las-camaras-los-pillaron-943-capturas-y-mas-de-1-200-motos-recuperadas-en-medellin\\\/\",\"name\":\"\u00a1Las c\u00e1maras los pillaron! 943 capturas y m\u00e1s de 1.200 motos recuperadas en Medell\u00edn - PRENSA PAISA\",\"isPartOf\":{\"@id\":\"https:\\\/\\\/prensapaisa.com\\\/#website\"},\"primaryImageOfPage\":{\"@id\":\"https:\\\/\\\/prensapaisa.com\\\/index.php\\\/2026\\\/09\\\/02\\\/las-camaras-los-pillaron-943-capturas-y-mas-de-1-200-motos-recuperadas-en-medellin\\\/#primaryimage\"},\"image\":{\"@id\":\"https:\\\/\\\/prensapaisa.com\\\/index.php\\\/2026\\\/09\\\/02\\\/las-camaras-los-pillaron-943-capturas-y-mas-de-1-200-motos-recuperadas-en-medellin\\\/#primaryimage\"},\"thumbnailUrl\":\"https:\\\/\\\/prensapaisa.com\\\/wp-content\\\/uploads\\\/2026\\\/09\\\/786422991_1303881671674023_9084254064542788764_n.jpg\",\"datePublished\":\"2026-09-02T19:35:26+00:00\",\"dateModified\":\"2026-09-02T19:35:27+00:00\",\"breadcrumb\":{\"@id\":\"https:\\\/\\\/prensapaisa.com\\\/index.php\\\/2026\\\/09\\\/02\\\/las-camaras-los-pillaron-943-capturas-y-mas-de-1-200-motos-recuperadas-en-medellin\\\/#breadcrumb\"},\"inLanguage\":\"es-CO\",\"potentialAction\":[{\"@type\":\"ReadAction\",\"target\":[\"https:\\\/\\\/prensapaisa.com\\\/index.php\\\/2026\\\/09\\\/02\\\/las-camaras-los-pillaron-943-capturas-y-mas-de-1-200-motos-recuperadas-en-medellin\\\/\"]}]},{\"@type\":\"ImageObject\",\"inLanguage\":\"es-CO\",\"@id\":\"https:\\\/\\\/prensapaisa.com\\\/index.php\\\/2026\\\/09\\\/02\\\/las-camaras-los-pillaron-943-capturas-y-mas-de-1-200-motos-recuperadas-en-medellin\\\/#primaryimage\",\"url\":\"https:\\\/\\\/prensapaisa.com\\\/wp-content\\\/uploads\\\/2026\\\/09\\\/786422991_1303881671674023_9084254064542788764_n.jpg\",\"contentUrl\":\"https:\\\/\\\/prensapaisa.com\\\/wp-content\\\/uploads\\\/2026\\\/09\\\/786422991_1303881671674023_9084254064542788764_n.jpg\",\"width\":1290,\"height\":1164,\"caption\":\"Screenshot\"},{\"@type\":\"BreadcrumbList\",\"@id\":\"https:\\\/\\\/prensapaisa.com\\\/index.php\\\/2026\\\/09\\\/02\\\/las-camaras-los-pillaron-943-capturas-y-mas-de-1-200-motos-recuperadas-en-medellin\\\/#breadcrumb\",\"itemListElement\":[{\"@type\":\"ListItem\",\"position\":1,\"name\":\"Inicio\",\"item\":\"https:\\\/\\\/prensapaisa.com\\\/\"},{\"@type\":\"ListItem\",\"position\":2,\"name\":\"\u00a1Las c\u00e1maras los pillaron! 943 capturas y m\u00e1s de 1.200 motos recuperadas en Medell\u00edn\"}]},{\"@type\":\"WebSite\",\"@id\":\"https:\\\/\\\/prensapaisa.com\\\/#website\",\"url\":\"https:\\\/\\\/prensapaisa.com\\\/\",\"name\":\"PRENSA PAISA\",\"description\":\"Prensa Paisa la Original | Noticias de Medell\u00edn, Antioquia\",\"publisher\":{\"@id\":\"https:\\\/\\\/prensapaisa.com\\\/#organization\"},\"potentialAction\":[{\"@type\":\"SearchAction\",\"target\":{\"@type\":\"EntryPoint\",\"urlTemplate\":\"https:\\\/\\\/prensapaisa.com\\\/?s={search_term_string}\"},\"query-input\":{\"@type\":\"PropertyValueSpecification\",\"valueRequired\":true,\"valueName\":\"search_term_string\"}}],\"inLanguage\":\"es-CO\"},{\"@type\":\"Organization\",\"@id\":\"https:\\\/\\\/prensapaisa.com\\\/#organization\",\"name\":\"PRENSA PAISA\",\"url\":\"https:\\\/\\\/prensapaisa.com\\\/\",\"logo\":{\"@type\":\"ImageObject\",\"inLanguage\":\"es-CO\",\"@id\":\"https:\\\/\\\/prensapaisa.com\\\/#\\\/schema\\\/logo\\\/image\\\/\",\"url\":\"https:\\\/\\\/prensapaisa.com\\\/wp-content\\\/uploads\\\/2022\\\/05\\\/cropped-cropped-prensa.png\",\"contentUrl\":\"https:\\\/\\\/prensapaisa.com\\\/wp-content\\\/uploads\\\/2022\\\/05\\\/cropped-cropped-prensa.png\",\"width\":784,\"height\":524,\"caption\":\"PRENSA PAISA\"},\"image\":{\"@id\":\"https:\\\/\\\/prensapaisa.com\\\/#\\\/schema\\\/logo\\\/image\\\/\"}},{\"@type\":\"Person\",\"@id\":\"https:\\\/\\\/prensapaisa.com\\\/#\\\/schema\\\/person\\\/c5899b8b285dbcd70faec88a7c1579f6\",\"name\":\"noticias@prensapaisa.com\",\"image\":{\"@type\":\"ImageObject\",\"inLanguage\":\"es-CO\",\"@id\":\"https:\\\/\\\/secure.gravatar.com\\\/avatar\\\/ca2b49c1df14b84557c567431f045ea69c8ea5da2da50309fd4de9b811da0433?s=96&d=mm&r=g\",\"url\":\"https:\\\/\\\/secure.gravatar.com\\\/avatar\\\/ca2b49c1df14b84557c567431f045ea69c8ea5da2da50309fd4de9b811da0433?s=96&d=mm&r=g\",\"contentUrl\":\"https:\\\/\\\/secure.gravatar.com\\\/avatar\\\/ca2b49c1df14b84557c567431f045ea69c8ea5da2da50309fd4de9b811da0433?s=96&d=mm&r=g\",\"caption\":\"noticias@prensapaisa.com\"},\"sameAs\":[\"http:\\\/\\\/prensapaisa.com\"],\"url\":\"https:\\\/\\\/prensapaisa.com\\\/index.php\\\/author\\\/prensapaisagmail-com\\\/\"}]}<\/script>\n<!-- \/ Yoast SEO plugin. -->","yoast_head_json":{"title":"\u00a1Las c\u00e1maras los pillaron! 943 capturas y m\u00e1s de 1.200 motos recuperadas en Medell\u00edn - PRENSA PAISA","robots":{"index":"index","follow":"follow","max-snippet":"max-snippet:-1","max-image-preview":"max-image-preview:large","max-video-preview":"max-video-preview:-1"},"canonical":"https:\/\/prensapaisa.com\/index.php\/2026\/09\/02\/las-camaras-los-pillaron-943-capturas-y-mas-de-1-200-motos-recuperadas-en-medellin\/","og_locale":"es_ES","og_type":"article","og_title":"\u00a1Las c\u00e1maras los pillaron! 943 capturas y m\u00e1s de 1.200 motos recuperadas en Medell\u00edn - PRENSA PAISA","og_description":"Las c\u00e1maras de seguridad se han convertido en los ojos de las autoridades en las calles de Medell\u00edn. Desde las salas de monitoreo, los visualizadores hacen seguimiento a veh\u00edculos, motocicletas&hellip;","og_url":"https:\/\/prensapaisa.com\/index.php\/2026\/09\/02\/las-camaras-los-pillaron-943-capturas-y-mas-de-1-200-motos-recuperadas-en-medellin\/","og_site_name":"PRENSA PAISA","article_published_time":"2026-09-02T19:35:26+00:00","article_modified_time":"2026-09-02T19:35:27+00:00","og_image":[{"width":1290,"height":1164,"url":"https:\/\/prensapaisa.com\/wp-content\/uploads\/2026\/09\/786422991_1303881671674023_9084254064542788764_n.jpg","type":"image\/jpeg"}],"author":"noticias@prensapaisa.com","twitter_card":"summary_large_image","twitter_misc":{"Escrito por":"noticias@prensapaisa.com","Tiempo de lectura":"3 minutos"},"schema":{"@context":"https:\/\/schema.org","@graph":[{"@type":"Article","@id":"https:\/\/prensapaisa.com\/index.php\/2026\/09\/02\/las-camaras-los-pillaron-943-capturas-y-mas-de-1-200-motos-recuperadas-en-medellin\/#article","isPartOf":{"@id":"https:\/\/prensapaisa.com\/index.php\/2026\/09\/02\/las-camaras-los-pillaron-943-capturas-y-mas-de-1-200-motos-recuperadas-en-medellin\/"},"author":{"name":"noticias@prensapaisa.com","@id":"https:\/\/prensapaisa.com\/#\/schema\/person\/c5899b8b285dbcd70faec88a7c1579f6"},"headline":"\u00a1Las c\u00e1maras los pillaron! 943 capturas y m\u00e1s de 1.200 motos recuperadas en Medell\u00edn","datePublished":"2026-09-02T19:35:26+00:00","dateModified":"2026-09-02T19:35:27+00:00","mainEntityOfPage":{"@id":"https:\/\/prensapaisa.com\/index.php\/2026\/09\/02\/las-camaras-los-pillaron-943-capturas-y-mas-de-1-200-motos-recuperadas-en-medellin\/"},"wordCount":377,"publisher":{"@id":"https:\/\/prensapaisa.com\/#organization"},"image":{"@id":"https:\/\/prensapaisa.com\/index.php\/2026\/09\/02\/las-camaras-los-pillaron-943-capturas-y-mas-de-1-200-motos-recuperadas-en-medellin\/#primaryimage"},"thumbnailUrl":"https:\/\/prensapaisa.com\/wp-content\/uploads\/2026\/09\/786422991_1303881671674023_9084254064542788764_n.jpg","articleSection":["Capturas","Noticias"],"inLanguage":"es-CO"},{"@type":"WebPage","@id":"https:\/\/prensapaisa.com\/index.php\/2026\/09\/02\/las-camaras-los-pillaron-943-capturas-y-mas-de-1-200-motos-recuperadas-en-medellin\/","url":"https:\/\/prensapaisa.com\/index.php\/2026\/09\/02\/las-camaras-los-pillaron-943-capturas-y-mas-de-1-200-motos-recuperadas-en-medellin\/","name":"\u00a1Las c\u00e1maras los pillaron! 943 capturas y m\u00e1s de 1.200 motos recuperadas en Medell\u00edn - PRENSA PAISA","isPartOf":{"@id":"https:\/\/prensapaisa.com\/#website"},"primaryImageOfPage":{"@id":"https:\/\/prensapaisa.com\/index.php\/2026\/09\/02\/las-camaras-los-pillaron-943-capturas-y-mas-de-1-200-motos-recuperadas-en-medellin\/#primaryimage"},"image":{"@id":"https:\/\/prensapaisa.com\/index.php\/2026\/09\/02\/las-camaras-los-pillaron-943-capturas-y-mas-de-1-200-motos-recuperadas-en-medellin\/#primaryimage"},"thumbnailUrl":"https:\/\/prensapaisa.com\/wp-content\/uploads\/2026\/09\/786422991_1303881671674023_9084254064542788764_n.jpg","datePublished":"2026-09-02T19:35:26+00:00","dateModified":"2026-09-02T19:35:27+00:00","breadcrumb":{"@id":"https:\/\/prensapaisa.com\/index.php\/2026\/09\/02\/las-camaras-los-pillaron-943-capturas-y-mas-de-1-200-motos-recuperadas-en-medellin\/#breadcrumb"},"inLanguage":"es-CO","potentialAction":[{"@type":"ReadAction","target":["https:\/\/prensapaisa.com\/index.php\/2026\/09\/02\/las-camaras-los-pillaron-943-capturas-y-mas-de-1-200-motos-recuperadas-en-medellin\/"]}]},{"@type":"ImageObject","inLanguage":"es-CO","@id":"https:\/\/prensapaisa.com\/index.php\/2026\/09\/02\/las-camaras-los-pillaron-943-capturas-y-mas-de-1-200-motos-recuperadas-en-medellin\/#primaryimage","url":"https:\/\/prensapaisa.com\/wp-content\/uploads\/2026\/09\/786422991_1303881671674023_9084254064542788764_n.jpg","contentUrl":"https:\/\/prensapaisa.com\/wp-content\/uploads\/2026\/09\/786422991_1303881671674023_9084254064542788764_n.jpg","width":1290,"height":1164,"caption":"Screenshot"},{"@type":"BreadcrumbList","@id":"https:\/\/prensapaisa.com\/index.php\/2026\/09\/02\/las-camaras-los-pillaron-943-capturas-y-mas-de-1-200-motos-recuperadas-en-medellin\/#breadcrumb","itemListElement":[{"@type":"ListItem","position":1,"name":"Inicio","item":"https:\/\/prensapaisa.com\/"},{"@type":"ListItem","position":2,"name":"\u00a1Las c\u00e1maras los pillaron! 943 capturas y m\u00e1s de 1.200 motos recuperadas en Medell\u00edn"}]},{"@type":"WebSite","@id":"https:\/\/prensapaisa.com\/#website","url":"https:\/\/prensapaisa.com\/","name":"PRENSA PAISA","description":"Prensa Paisa la Original | Noticias de Medell\u00edn, Antioquia","publisher":{"@id":"https:\/\/prensapaisa.com\/#organization"},"potentialAction":[{"@type":"SearchAction","target":{"@type":"EntryPoint","urlTemplate":"https:\/\/prensapaisa.com\/?s={search_term_string}"},"query-input":{"@type":"PropertyValueSpecification","valueRequired":true,"valueName":"search_term_string"}}],"inLanguage":"es-CO"},{"@type":"Organization","@id":"https:\/\/prensapaisa.com\/#organization","name":"PRENSA PAISA","url":"https:\/\/prensapaisa.com\/","logo":{"@type":"ImageObject","inLanguage":"es-CO","@id":"https:\/\/prensapaisa.com\/#\/schema\/logo\/image\/","url":"https:\/\/prensapaisa.com\/wp-content\/uploads\/2022\/05\/cropped-cropped-prensa.png","contentUrl":"https:\/\/prensapaisa.com\/wp-content\/uploads\/2022\/05\/cropped-cropped-prensa.png","width":784,"height":524,"caption":"PRENSA PAISA"},"image":{"@id":"https:\/\/prensapaisa.com\/#\/schema\/logo\/image\/"}},{"@type":"Person","@id":"https:\/\/prensapaisa.com\/#\/schema\/person\/c5899b8b285dbcd70faec88a7c1579f6","name":"noticias@prensapaisa.com","image":{"@type":"ImageObject","inLanguage":"es-CO","@id":"https:\/\/secure.gravatar.com\/avatar\/ca2b49c1df14b84557c567431f045ea69c8ea5da2da50309fd4de9b811da0433?s=96&d=mm&r=g","url":"https:\/\/secure.gravatar.com\/avatar\/ca2b49c1df14b84557c567431f045ea69c8ea5da2da50309fd4de9b811da0433?s=96&d=mm&r=g","contentUrl":"https:\/\/secure.gravatar.com\/avatar\/ca2b49c1df14b84557c567431f045ea69c8ea5da2da50309fd4de9b811da0433?s=96&d=mm&r=g","caption":"noticias@prensapaisa.com"},"sameAs":["http:\/\/prensapaisa.com"],"url":"https:\/\/prensapaisa.com\/index.php\/author\/prensapaisagmail-com\/"}]}},"_links":{"self":[{"href":"https:\/\/prensapaisa.com\/index.php\/wp-json\/wp\/v2\/posts\/17166","targetHints":{"allow":["GET"]}}],"collection":[{"href":"https:\/\/prensapaisa.com\/index.php\/wp-json\/wp\/v2\/posts"}],"about":[{"href":"https:\/\/prensapaisa.com\/index.php\/wp-json\/wp\/v2\/types\/post"}],"author":[{"embeddable":true,"href":"https:\/\/prensapaisa.com\/index.php\/wp-json\/wp\/v2\/users\/1"}],"replies":[{"embeddable":true,"href":"https:\/\/prensapaisa.com\/index.php\/wp-json\/wp\/v2\/comments?post=17166"}],"version-history":[{"count":1,"href":"https:\/\/prensapaisa.com\/index.php\/wp-json\/wp\/v2\/posts\/17166\/revisions"}],"predecessor-version":[{"id":17171,"href":"https:\/\/prensapaisa.com\/index.php\/wp-json\/wp\/v2\/posts\/17166\/revisions\/17171"}],"wp:featuredmedia":[{"embeddable":true,"href":"https:\/\/prensapaisa.com\/index.php\/wp-json\/wp\/v2\/media\/17170"}],"wp:attachment":[{"href":"https:\/\/prensapaisa.com\/index.php\/wp-json\/wp\/v2\/media?parent=17166"}],"wp:term":[{"taxonomy":"category","embeddable":true,"href":"https:\/\/prensapaisa.com\/index.php\/wp-json\/wp\/v2\/categories?post=17166"},{"taxonomy":"post_tag","embeddable":true,"href":"https:\/\/prensapaisa.com\/index.php\/wp-json\/wp\/v2\/tags?post=17166"}],"curies":[{"name":"wp","href":"https:\/\/api.w.org\/{rel}","templated":true}]}}