{"id":17156,"date":"2026-09-02T09:32:40","date_gmt":"2026-09-02T14:32:40","guid":{"rendered":"https:\/\/prensapaisa.com\/?p=17156"},"modified":"2026-09-02T09:32:41","modified_gmt":"2026-09-02T14:32:41","slug":"capturan-a-hombre-senalado-de-robar-una-bicicleta-electrica-a-un-adulto-mayor-en-medellin","status":"publish","type":"post","link":"https:\/\/prensapaisa.com\/index.php\/2026\/09\/02\/capturan-a-hombre-senalado-de-robar-una-bicicleta-electrica-a-un-adulto-mayor-en-medellin\/","title":{"rendered":"Capturan a hombre se\u00f1alado de robar una bicicleta el\u00e9ctrica a un adulto mayor en Medell\u00edn"},"content":{"rendered":"\n<p class=\"wp-block-paragraph\"><a href=\"https:\/\/prensapaisa.com\/?fbclid=IwcGRvZgFleHRuA2FlbQIxMABicmlkETF1bHhpYVpwM05aZnliNHlHc3J0YwZhcHBfaWQQMjIyMDM5MTc4ODIwMDg5MgABHuEsThaUVQOkrzFMtXou_o66xtmJXMzRUg9S9r2IAGE2C8jtvlDw07vUBUEz_aem_1i_SuzZZPBgLmBMXV1SLnQ\" rel=\"noopener\" target=\"_blank\">Prensapaisa.com<\/a><\/p>\n\n\n\n<p class=\"wp-block-paragraph\">Un hombre de 28 a\u00f1os fue capturado luego de ser se\u00f1alado como el presunto responsable del hurto de una bicicleta el\u00e9ctrica que pertenec\u00eda a un adulto mayor en el barrio Vel\u00f3dromo, Medell\u00edn.<\/p>\n\n\n\n<p class=\"wp-block-paragraph\">El caso comenz\u00f3 cuando las patrullas de vigilancia recibieron una alerta de la central de radio sobre el robo. De inmediato, los uniformados se desplazaron hasta el lugar para atender a la v\u00edctima, conocer las caracter\u00edsticas de la bicicleta y recopilar la descripci\u00f3n del hombre que habr\u00eda cometido el hurto.<\/p>\n\n\n\n<p class=\"wp-block-paragraph\">Con esta informaci\u00f3n, los polic\u00edas activaron un plan de b\u00fasqueda y localizaci\u00f3n en los alrededores. La reacci\u00f3n permiti\u00f3 ubicar, a pocas cuadras del lugar de los hechos y sobre la canalizaci\u00f3n del Metro, a un hombre que coincid\u00eda con las caracter\u00edsticas entregadas.<\/p>\n\n\n\n<p class=\"wp-block-paragraph\">El detenido fue identificado por las autoridades como Miguel Oviedo, de 28 a\u00f1os. Seg\u00fan el reporte oficial, la v\u00edctima lo se\u00f1al\u00f3 directamente como la persona que presuntamente habr\u00eda cometido el hurto.<\/p>\n\n\n\n<p class=\"wp-block-paragraph\">Durante el procedimiento, los uniformados recuperaron la bicicleta el\u00e9ctrica, cuyo valor aproximado ser\u00eda de $3 millones. El veh\u00edculo qued\u00f3 nuevamente en poder de las autoridades como parte del proceso.<\/p>\n\n\n\n<p class=\"wp-block-paragraph\">El hombre fue capturado y dejado a disposici\u00f3n de la Fiscal\u00eda General de la Naci\u00f3n, donde deber\u00e1 responder por el delito de hurto.<\/p>\n\n\n\n<p class=\"wp-block-paragraph\">Posteriormente, un juez de la Rep\u00fablica orden\u00f3 una medida de aseguramiento privativa de la libertad. De acuerdo con la Polic\u00eda, el detenido ser\u00eda reincidente en este tipo de conductas, situaci\u00f3n que habr\u00eda sido tenida en cuenta durante la decisi\u00f3n judicial.<\/p>\n\n\n\n<p class=\"wp-block-paragraph\">El procedimiento fue destacado por las autoridades como resultado de la reacci\u00f3n inmediata de las patrullas y de la informaci\u00f3n suministrada por la v\u00edctima, elementos que permitieron desplegar la b\u00fasqueda y recuperar la bicicleta poco despu\u00e9s del reporte.<\/p>\n\n\n\n<p class=\"wp-block-paragraph\">El caso fue dado a conocer por el teniente coronel Edisson Pedroza, comandante del Distrito de Polic\u00eda N.\u00b0 4, quien entreg\u00f3 detalles sobre la captura y la recuperaci\u00f3n del veh\u00edculo.<\/p>\n\n\n\n<p class=\"wp-block-paragraph\">Ahora ser\u00e1 la justicia la encargada de determinar la responsabilidad del capturado por estos hechos.<\/p>\n\n\n\n<figure class=\"wp-block-image size-large\"><img fetchpriority=\"high\" decoding=\"async\" width=\"1024\" height=\"726\" src=\"https:\/\/prensapaisa.com\/wp-content\/uploads\/2026\/09\/790591321_1371075961885811_7954308629764459483_n-1024x726.jpg\" alt=\"\" class=\"wp-image-17157\" srcset=\"https:\/\/prensapaisa.com\/wp-content\/uploads\/2026\/09\/790591321_1371075961885811_7954308629764459483_n-1024x726.jpg 1024w, https:\/\/prensapaisa.com\/wp-content\/uploads\/2026\/09\/790591321_1371075961885811_7954308629764459483_n-300x213.jpg 300w, https:\/\/prensapaisa.com\/wp-content\/uploads\/2026\/09\/790591321_1371075961885811_7954308629764459483_n-767x544.jpg 767w, https:\/\/prensapaisa.com\/wp-content\/uploads\/2026\/09\/790591321_1371075961885811_7954308629764459483_n-1170x830.jpg 1170w, https:\/\/prensapaisa.com\/wp-content\/uploads\/2026\/09\/790591321_1371075961885811_7954308629764459483_n-585x415.jpg 585w, https:\/\/prensapaisa.com\/wp-content\/uploads\/2026\/09\/790591321_1371075961885811_7954308629764459483_n.jpg 1238w\" sizes=\"(max-width: 1024px) 100vw, 1024px\" \/><\/figure>\n","protected":false},"excerpt":{"rendered":"<p>Prensapaisa.com Un hombre de 28 a\u00f1os fue capturado luego de ser se\u00f1alado como el presunto responsable del hurto de una bicicleta el\u00e9ctrica que pertenec\u00eda a un adulto mayor en el&hellip;<\/p>\n","protected":false},"author":1,"featured_media":17157,"comment_status":"closed","ping_status":"open","sticky":false,"template":"","format":"standard","meta":{"footnotes":""},"categories":[49,1],"tags":[],"class_list":["post-17156","post","type-post","status-publish","format-standard","has-post-thumbnail","hentry","category-capturas","category-noticias"],"yoast_head":"<!-- This site is optimized with the Yoast SEO plugin v28.4 - https:\/\/yoast.com\/product\/yoast-seo-wordpress\/ -->\n<title>Capturan a hombre se\u00f1alado de robar una bicicleta el\u00e9ctrica a un adulto mayor en Medell\u00edn - PRENSA PAISA<\/title>\n<meta name=\"robots\" content=\"index, follow, max-snippet:-1, max-image-preview:large, max-video-preview:-1\" \/>\n<link rel=\"canonical\" href=\"https:\/\/prensapaisa.com\/index.php\/2026\/09\/02\/capturan-a-hombre-senalado-de-robar-una-bicicleta-electrica-a-un-adulto-mayor-en-medellin\/\" \/>\n<meta property=\"og:locale\" content=\"es_ES\" \/>\n<meta property=\"og:type\" content=\"article\" \/>\n<meta property=\"og:title\" content=\"Capturan a hombre se\u00f1alado de robar una bicicleta el\u00e9ctrica a un adulto mayor en Medell\u00edn - PRENSA PAISA\" \/>\n<meta property=\"og:description\" content=\"Prensapaisa.com Un hombre de 28 a\u00f1os fue capturado luego de ser se\u00f1alado como el presunto responsable del hurto de una bicicleta el\u00e9ctrica que pertenec\u00eda a un adulto mayor en el&hellip;\" \/>\n<meta property=\"og:url\" content=\"https:\/\/prensapaisa.com\/index.php\/2026\/09\/02\/capturan-a-hombre-senalado-de-robar-una-bicicleta-electrica-a-un-adulto-mayor-en-medellin\/\" \/>\n<meta property=\"og:site_name\" content=\"PRENSA PAISA\" \/>\n<meta property=\"article:published_time\" content=\"2026-09-02T14:32:40+00:00\" \/>\n<meta property=\"article:modified_time\" content=\"2026-09-02T14:32:41+00:00\" \/>\n<meta property=\"og:image\" content=\"https:\/\/prensapaisa.com\/wp-content\/uploads\/2026\/09\/790591321_1371075961885811_7954308629764459483_n.jpg\" \/>\n\t<meta property=\"og:image:width\" content=\"1238\" \/>\n\t<meta property=\"og:image:height\" content=\"878\" \/>\n\t<meta property=\"og:image:type\" content=\"image\/jpeg\" \/>\n<meta name=\"author\" content=\"noticias@prensapaisa.com\" \/>\n<meta name=\"twitter:card\" content=\"summary_large_image\" \/>\n<meta name=\"twitter:label1\" content=\"Escrito por\" \/>\n\t<meta name=\"twitter:data1\" content=\"noticias@prensapaisa.com\" \/>\n\t<meta name=\"twitter:label2\" content=\"Tiempo de lectura\" \/>\n\t<meta name=\"twitter:data2\" content=\"2 minutos\" \/>\n<script type=\"application\/ld+json\" class=\"yoast-schema-graph\">{\"@context\":\"https:\\\/\\\/schema.org\",\"@graph\":[{\"@type\":\"Article\",\"@id\":\"https:\\\/\\\/prensapaisa.com\\\/index.php\\\/2026\\\/09\\\/02\\\/capturan-a-hombre-senalado-de-robar-una-bicicleta-electrica-a-un-adulto-mayor-en-medellin\\\/#article\",\"isPartOf\":{\"@id\":\"https:\\\/\\\/prensapaisa.com\\\/index.php\\\/2026\\\/09\\\/02\\\/capturan-a-hombre-senalado-de-robar-una-bicicleta-electrica-a-un-adulto-mayor-en-medellin\\\/\"},\"author\":{\"name\":\"noticias@prensapaisa.com\",\"@id\":\"https:\\\/\\\/prensapaisa.com\\\/#\\\/schema\\\/person\\\/c5899b8b285dbcd70faec88a7c1579f6\"},\"headline\":\"Capturan a hombre se\u00f1alado de robar una bicicleta el\u00e9ctrica a un adulto mayor en Medell\u00edn\",\"datePublished\":\"2026-09-02T14:32:40+00:00\",\"dateModified\":\"2026-09-02T14:32:41+00:00\",\"mainEntityOfPage\":{\"@id\":\"https:\\\/\\\/prensapaisa.com\\\/index.php\\\/2026\\\/09\\\/02\\\/capturan-a-hombre-senalado-de-robar-una-bicicleta-electrica-a-un-adulto-mayor-en-medellin\\\/\"},\"wordCount\":389,\"publisher\":{\"@id\":\"https:\\\/\\\/prensapaisa.com\\\/#organization\"},\"image\":{\"@id\":\"https:\\\/\\\/prensapaisa.com\\\/index.php\\\/2026\\\/09\\\/02\\\/capturan-a-hombre-senalado-de-robar-una-bicicleta-electrica-a-un-adulto-mayor-en-medellin\\\/#primaryimage\"},\"thumbnailUrl\":\"https:\\\/\\\/prensapaisa.com\\\/wp-content\\\/uploads\\\/2026\\\/09\\\/790591321_1371075961885811_7954308629764459483_n.jpg\",\"articleSection\":[\"Capturas\",\"Noticias\"],\"inLanguage\":\"es-CO\"},{\"@type\":\"WebPage\",\"@id\":\"https:\\\/\\\/prensapaisa.com\\\/index.php\\\/2026\\\/09\\\/02\\\/capturan-a-hombre-senalado-de-robar-una-bicicleta-electrica-a-un-adulto-mayor-en-medellin\\\/\",\"url\":\"https:\\\/\\\/prensapaisa.com\\\/index.php\\\/2026\\\/09\\\/02\\\/capturan-a-hombre-senalado-de-robar-una-bicicleta-electrica-a-un-adulto-mayor-en-medellin\\\/\",\"name\":\"Capturan a hombre se\u00f1alado de robar una bicicleta el\u00e9ctrica a un adulto mayor en Medell\u00edn - PRENSA PAISA\",\"isPartOf\":{\"@id\":\"https:\\\/\\\/prensapaisa.com\\\/#website\"},\"primaryImageOfPage\":{\"@id\":\"https:\\\/\\\/prensapaisa.com\\\/index.php\\\/2026\\\/09\\\/02\\\/capturan-a-hombre-senalado-de-robar-una-bicicleta-electrica-a-un-adulto-mayor-en-medellin\\\/#primaryimage\"},\"image\":{\"@id\":\"https:\\\/\\\/prensapaisa.com\\\/index.php\\\/2026\\\/09\\\/02\\\/capturan-a-hombre-senalado-de-robar-una-bicicleta-electrica-a-un-adulto-mayor-en-medellin\\\/#primaryimage\"},\"thumbnailUrl\":\"https:\\\/\\\/prensapaisa.com\\\/wp-content\\\/uploads\\\/2026\\\/09\\\/790591321_1371075961885811_7954308629764459483_n.jpg\",\"datePublished\":\"2026-09-02T14:32:40+00:00\",\"dateModified\":\"2026-09-02T14:32:41+00:00\",\"breadcrumb\":{\"@id\":\"https:\\\/\\\/prensapaisa.com\\\/index.php\\\/2026\\\/09\\\/02\\\/capturan-a-hombre-senalado-de-robar-una-bicicleta-electrica-a-un-adulto-mayor-en-medellin\\\/#breadcrumb\"},\"inLanguage\":\"es-CO\",\"potentialAction\":[{\"@type\":\"ReadAction\",\"target\":[\"https:\\\/\\\/prensapaisa.com\\\/index.php\\\/2026\\\/09\\\/02\\\/capturan-a-hombre-senalado-de-robar-una-bicicleta-electrica-a-un-adulto-mayor-en-medellin\\\/\"]}]},{\"@type\":\"ImageObject\",\"inLanguage\":\"es-CO\",\"@id\":\"https:\\\/\\\/prensapaisa.com\\\/index.php\\\/2026\\\/09\\\/02\\\/capturan-a-hombre-senalado-de-robar-una-bicicleta-electrica-a-un-adulto-mayor-en-medellin\\\/#primaryimage\",\"url\":\"https:\\\/\\\/prensapaisa.com\\\/wp-content\\\/uploads\\\/2026\\\/09\\\/790591321_1371075961885811_7954308629764459483_n.jpg\",\"contentUrl\":\"https:\\\/\\\/prensapaisa.com\\\/wp-content\\\/uploads\\\/2026\\\/09\\\/790591321_1371075961885811_7954308629764459483_n.jpg\",\"width\":1238,\"height\":878},{\"@type\":\"BreadcrumbList\",\"@id\":\"https:\\\/\\\/prensapaisa.com\\\/index.php\\\/2026\\\/09\\\/02\\\/capturan-a-hombre-senalado-de-robar-una-bicicleta-electrica-a-un-adulto-mayor-en-medellin\\\/#breadcrumb\",\"itemListElement\":[{\"@type\":\"ListItem\",\"position\":1,\"name\":\"Inicio\",\"item\":\"https:\\\/\\\/prensapaisa.com\\\/\"},{\"@type\":\"ListItem\",\"position\":2,\"name\":\"Capturan a hombre se\u00f1alado de robar una bicicleta el\u00e9ctrica a un adulto mayor en Medell\u00edn\"}]},{\"@type\":\"WebSite\",\"@id\":\"https:\\\/\\\/prensapaisa.com\\\/#website\",\"url\":\"https:\\\/\\\/prensapaisa.com\\\/\",\"name\":\"PRENSA PAISA\",\"description\":\"Prensa Paisa la Original | Noticias de Medell\u00edn, Antioquia\",\"publisher\":{\"@id\":\"https:\\\/\\\/prensapaisa.com\\\/#organization\"},\"potentialAction\":[{\"@type\":\"SearchAction\",\"target\":{\"@type\":\"EntryPoint\",\"urlTemplate\":\"https:\\\/\\\/prensapaisa.com\\\/?s={search_term_string}\"},\"query-input\":{\"@type\":\"PropertyValueSpecification\",\"valueRequired\":true,\"valueName\":\"search_term_string\"}}],\"inLanguage\":\"es-CO\"},{\"@type\":\"Organization\",\"@id\":\"https:\\\/\\\/prensapaisa.com\\\/#organization\",\"name\":\"PRENSA PAISA\",\"url\":\"https:\\\/\\\/prensapaisa.com\\\/\",\"logo\":{\"@type\":\"ImageObject\",\"inLanguage\":\"es-CO\",\"@id\":\"https:\\\/\\\/prensapaisa.com\\\/#\\\/schema\\\/logo\\\/image\\\/\",\"url\":\"https:\\\/\\\/prensapaisa.com\\\/wp-content\\\/uploads\\\/2022\\\/05\\\/cropped-cropped-prensa.png\",\"contentUrl\":\"https:\\\/\\\/prensapaisa.com\\\/wp-content\\\/uploads\\\/2022\\\/05\\\/cropped-cropped-prensa.png\",\"width\":784,\"height\":524,\"caption\":\"PRENSA PAISA\"},\"image\":{\"@id\":\"https:\\\/\\\/prensapaisa.com\\\/#\\\/schema\\\/logo\\\/image\\\/\"}},{\"@type\":\"Person\",\"@id\":\"https:\\\/\\\/prensapaisa.com\\\/#\\\/schema\\\/person\\\/c5899b8b285dbcd70faec88a7c1579f6\",\"name\":\"noticias@prensapaisa.com\",\"image\":{\"@type\":\"ImageObject\",\"inLanguage\":\"es-CO\",\"@id\":\"https:\\\/\\\/secure.gravatar.com\\\/avatar\\\/ca2b49c1df14b84557c567431f045ea69c8ea5da2da50309fd4de9b811da0433?s=96&d=mm&r=g\",\"url\":\"https:\\\/\\\/secure.gravatar.com\\\/avatar\\\/ca2b49c1df14b84557c567431f045ea69c8ea5da2da50309fd4de9b811da0433?s=96&d=mm&r=g\",\"contentUrl\":\"https:\\\/\\\/secure.gravatar.com\\\/avatar\\\/ca2b49c1df14b84557c567431f045ea69c8ea5da2da50309fd4de9b811da0433?s=96&d=mm&r=g\",\"caption\":\"noticias@prensapaisa.com\"},\"sameAs\":[\"http:\\\/\\\/prensapaisa.com\"],\"url\":\"https:\\\/\\\/prensapaisa.com\\\/index.php\\\/author\\\/prensapaisagmail-com\\\/\"}]}<\/script>\n<!-- \/ Yoast SEO plugin. -->","yoast_head_json":{"title":"Capturan a hombre se\u00f1alado de robar una bicicleta el\u00e9ctrica a un adulto mayor en Medell\u00edn - PRENSA PAISA","robots":{"index":"index","follow":"follow","max-snippet":"max-snippet:-1","max-image-preview":"max-image-preview:large","max-video-preview":"max-video-preview:-1"},"canonical":"https:\/\/prensapaisa.com\/index.php\/2026\/09\/02\/capturan-a-hombre-senalado-de-robar-una-bicicleta-electrica-a-un-adulto-mayor-en-medellin\/","og_locale":"es_ES","og_type":"article","og_title":"Capturan a hombre se\u00f1alado de robar una bicicleta el\u00e9ctrica a un adulto mayor en Medell\u00edn - PRENSA PAISA","og_description":"Prensapaisa.com Un hombre de 28 a\u00f1os fue capturado luego de ser se\u00f1alado como el presunto responsable del hurto de una bicicleta el\u00e9ctrica que pertenec\u00eda a un adulto mayor en el&hellip;","og_url":"https:\/\/prensapaisa.com\/index.php\/2026\/09\/02\/capturan-a-hombre-senalado-de-robar-una-bicicleta-electrica-a-un-adulto-mayor-en-medellin\/","og_site_name":"PRENSA PAISA","article_published_time":"2026-09-02T14:32:40+00:00","article_modified_time":"2026-09-02T14:32:41+00:00","og_image":[{"width":1238,"height":878,"url":"https:\/\/prensapaisa.com\/wp-content\/uploads\/2026\/09\/790591321_1371075961885811_7954308629764459483_n.jpg","type":"image\/jpeg"}],"author":"noticias@prensapaisa.com","twitter_card":"summary_large_image","twitter_misc":{"Escrito por":"noticias@prensapaisa.com","Tiempo de lectura":"2 minutos"},"schema":{"@context":"https:\/\/schema.org","@graph":[{"@type":"Article","@id":"https:\/\/prensapaisa.com\/index.php\/2026\/09\/02\/capturan-a-hombre-senalado-de-robar-una-bicicleta-electrica-a-un-adulto-mayor-en-medellin\/#article","isPartOf":{"@id":"https:\/\/prensapaisa.com\/index.php\/2026\/09\/02\/capturan-a-hombre-senalado-de-robar-una-bicicleta-electrica-a-un-adulto-mayor-en-medellin\/"},"author":{"name":"noticias@prensapaisa.com","@id":"https:\/\/prensapaisa.com\/#\/schema\/person\/c5899b8b285dbcd70faec88a7c1579f6"},"headline":"Capturan a hombre se\u00f1alado de robar una bicicleta el\u00e9ctrica a un adulto mayor en Medell\u00edn","datePublished":"2026-09-02T14:32:40+00:00","dateModified":"2026-09-02T14:32:41+00:00","mainEntityOfPage":{"@id":"https:\/\/prensapaisa.com\/index.php\/2026\/09\/02\/capturan-a-hombre-senalado-de-robar-una-bicicleta-electrica-a-un-adulto-mayor-en-medellin\/"},"wordCount":389,"publisher":{"@id":"https:\/\/prensapaisa.com\/#organization"},"image":{"@id":"https:\/\/prensapaisa.com\/index.php\/2026\/09\/02\/capturan-a-hombre-senalado-de-robar-una-bicicleta-electrica-a-un-adulto-mayor-en-medellin\/#primaryimage"},"thumbnailUrl":"https:\/\/prensapaisa.com\/wp-content\/uploads\/2026\/09\/790591321_1371075961885811_7954308629764459483_n.jpg","articleSection":["Capturas","Noticias"],"inLanguage":"es-CO"},{"@type":"WebPage","@id":"https:\/\/prensapaisa.com\/index.php\/2026\/09\/02\/capturan-a-hombre-senalado-de-robar-una-bicicleta-electrica-a-un-adulto-mayor-en-medellin\/","url":"https:\/\/prensapaisa.com\/index.php\/2026\/09\/02\/capturan-a-hombre-senalado-de-robar-una-bicicleta-electrica-a-un-adulto-mayor-en-medellin\/","name":"Capturan a hombre se\u00f1alado de robar una bicicleta el\u00e9ctrica a un adulto mayor en Medell\u00edn - PRENSA PAISA","isPartOf":{"@id":"https:\/\/prensapaisa.com\/#website"},"primaryImageOfPage":{"@id":"https:\/\/prensapaisa.com\/index.php\/2026\/09\/02\/capturan-a-hombre-senalado-de-robar-una-bicicleta-electrica-a-un-adulto-mayor-en-medellin\/#primaryimage"},"image":{"@id":"https:\/\/prensapaisa.com\/index.php\/2026\/09\/02\/capturan-a-hombre-senalado-de-robar-una-bicicleta-electrica-a-un-adulto-mayor-en-medellin\/#primaryimage"},"thumbnailUrl":"https:\/\/prensapaisa.com\/wp-content\/uploads\/2026\/09\/790591321_1371075961885811_7954308629764459483_n.jpg","datePublished":"2026-09-02T14:32:40+00:00","dateModified":"2026-09-02T14:32:41+00:00","breadcrumb":{"@id":"https:\/\/prensapaisa.com\/index.php\/2026\/09\/02\/capturan-a-hombre-senalado-de-robar-una-bicicleta-electrica-a-un-adulto-mayor-en-medellin\/#breadcrumb"},"inLanguage":"es-CO","potentialAction":[{"@type":"ReadAction","target":["https:\/\/prensapaisa.com\/index.php\/2026\/09\/02\/capturan-a-hombre-senalado-de-robar-una-bicicleta-electrica-a-un-adulto-mayor-en-medellin\/"]}]},{"@type":"ImageObject","inLanguage":"es-CO","@id":"https:\/\/prensapaisa.com\/index.php\/2026\/09\/02\/capturan-a-hombre-senalado-de-robar-una-bicicleta-electrica-a-un-adulto-mayor-en-medellin\/#primaryimage","url":"https:\/\/prensapaisa.com\/wp-content\/uploads\/2026\/09\/790591321_1371075961885811_7954308629764459483_n.jpg","contentUrl":"https:\/\/prensapaisa.com\/wp-content\/uploads\/2026\/09\/790591321_1371075961885811_7954308629764459483_n.jpg","width":1238,"height":878},{"@type":"BreadcrumbList","@id":"https:\/\/prensapaisa.com\/index.php\/2026\/09\/02\/capturan-a-hombre-senalado-de-robar-una-bicicleta-electrica-a-un-adulto-mayor-en-medellin\/#breadcrumb","itemListElement":[{"@type":"ListItem","position":1,"name":"Inicio","item":"https:\/\/prensapaisa.com\/"},{"@type":"ListItem","position":2,"name":"Capturan a hombre se\u00f1alado de robar una bicicleta el\u00e9ctrica a un adulto mayor en Medell\u00edn"}]},{"@type":"WebSite","@id":"https:\/\/prensapaisa.com\/#website","url":"https:\/\/prensapaisa.com\/","name":"PRENSA PAISA","description":"Prensa Paisa la Original | Noticias de Medell\u00edn, Antioquia","publisher":{"@id":"https:\/\/prensapaisa.com\/#organization"},"potentialAction":[{"@type":"SearchAction","target":{"@type":"EntryPoint","urlTemplate":"https:\/\/prensapaisa.com\/?s={search_term_string}"},"query-input":{"@type":"PropertyValueSpecification","valueRequired":true,"valueName":"search_term_string"}}],"inLanguage":"es-CO"},{"@type":"Organization","@id":"https:\/\/prensapaisa.com\/#organization","name":"PRENSA PAISA","url":"https:\/\/prensapaisa.com\/","logo":{"@type":"ImageObject","inLanguage":"es-CO","@id":"https:\/\/prensapaisa.com\/#\/schema\/logo\/image\/","url":"https:\/\/prensapaisa.com\/wp-content\/uploads\/2022\/05\/cropped-cropped-prensa.png","contentUrl":"https:\/\/prensapaisa.com\/wp-content\/uploads\/2022\/05\/cropped-cropped-prensa.png","width":784,"height":524,"caption":"PRENSA PAISA"},"image":{"@id":"https:\/\/prensapaisa.com\/#\/schema\/logo\/image\/"}},{"@type":"Person","@id":"https:\/\/prensapaisa.com\/#\/schema\/person\/c5899b8b285dbcd70faec88a7c1579f6","name":"noticias@prensapaisa.com","image":{"@type":"ImageObject","inLanguage":"es-CO","@id":"https:\/\/secure.gravatar.com\/avatar\/ca2b49c1df14b84557c567431f045ea69c8ea5da2da50309fd4de9b811da0433?s=96&d=mm&r=g","url":"https:\/\/secure.gravatar.com\/avatar\/ca2b49c1df14b84557c567431f045ea69c8ea5da2da50309fd4de9b811da0433?s=96&d=mm&r=g","contentUrl":"https:\/\/secure.gravatar.com\/avatar\/ca2b49c1df14b84557c567431f045ea69c8ea5da2da50309fd4de9b811da0433?s=96&d=mm&r=g","caption":"noticias@prensapaisa.com"},"sameAs":["http:\/\/prensapaisa.com"],"url":"https:\/\/prensapaisa.com\/index.php\/author\/prensapaisagmail-com\/"}]}},"_links":{"self":[{"href":"https:\/\/prensapaisa.com\/index.php\/wp-json\/wp\/v2\/posts\/17156","targetHints":{"allow":["GET"]}}],"collection":[{"href":"https:\/\/prensapaisa.com\/index.php\/wp-json\/wp\/v2\/posts"}],"about":[{"href":"https:\/\/prensapaisa.com\/index.php\/wp-json\/wp\/v2\/types\/post"}],"author":[{"embeddable":true,"href":"https:\/\/prensapaisa.com\/index.php\/wp-json\/wp\/v2\/users\/1"}],"replies":[{"embeddable":true,"href":"https:\/\/prensapaisa.com\/index.php\/wp-json\/wp\/v2\/comments?post=17156"}],"version-history":[{"count":1,"href":"https:\/\/prensapaisa.com\/index.php\/wp-json\/wp\/v2\/posts\/17156\/revisions"}],"predecessor-version":[{"id":17158,"href":"https:\/\/prensapaisa.com\/index.php\/wp-json\/wp\/v2\/posts\/17156\/revisions\/17158"}],"wp:featuredmedia":[{"embeddable":true,"href":"https:\/\/prensapaisa.com\/index.php\/wp-json\/wp\/v2\/media\/17157"}],"wp:attachment":[{"href":"https:\/\/prensapaisa.com\/index.php\/wp-json\/wp\/v2\/media?parent=17156"}],"wp:term":[{"taxonomy":"category","embeddable":true,"href":"https:\/\/prensapaisa.com\/index.php\/wp-json\/wp\/v2\/categories?post=17156"},{"taxonomy":"post_tag","embeddable":true,"href":"https:\/\/prensapaisa.com\/index.php\/wp-json\/wp\/v2\/tags?post=17156"}],"curies":[{"name":"wp","href":"https:\/\/api.w.org\/{rel}","templated":true}]}}