{"id":17149,"date":"2026-08-30T14:14:32","date_gmt":"2026-08-30T19:14:32","guid":{"rendered":"https:\/\/prensapaisa.com\/?p=17149"},"modified":"2026-08-30T14:14:32","modified_gmt":"2026-08-30T19:14:32","slug":"perrito-se-niega-a-abandonar-a-su-companero-tras-accidente-en-la-avenida-regional-de-medellin","status":"publish","type":"post","link":"https:\/\/prensapaisa.com\/index.php\/2026\/08\/30\/perrito-se-niega-a-abandonar-a-su-companero-tras-accidente-en-la-avenida-regional-de-medellin\/","title":{"rendered":"Perrito se niega a abandonar a su compa\u00f1ero tras accidente en la avenida Regional de Medell\u00edn"},"content":{"rendered":"\n<p class=\"wp-block-paragraph\">El accidente dej\u00f3 a uno de los perros tendido junto a la v\u00eda. El otro, asustado y desorientado, regres\u00f3 y permaneci\u00f3 a su lado. Ahora buscan a sus due\u00f1os.<\/p>\n\n\n\n<p class=\"wp-block-paragraph\">Los videos en los grupos de Prensa Paisa: <a href=\"https:\/\/chat.whatsapp.com\/Bp39fXscxmRJp9jwYnfhBB?mode=gi_t&amp;fbclid=IwcGRvZgFleHRuA2FlbQIxMABicmlkETFqcUdDVXRFUGVJbjFoSmh4c3J0YwZhcHBfaWQQMjIyMDM5MTc4ODIwMDg5MgABHrYKEuNE_tLSwPyUVySqvFuAMxc7pgwpIkWAxqYQH0s2-okpAYMyKNpK9bMs_aem_cm3XGFMWtSuNxU4noJsG_w\" rel=\"noopener\" target=\"_blank\">https:\/\/chat.whatsapp.com\/Bp39fXscxmRJp9jwYnfhBB?mode=gi_t<\/a><\/p>\n\n\n\n<p class=\"wp-block-paragraph\"><a href=\"https:\/\/l.facebook.com\/l.php?u=http%3A%2F%2FPrensapaisa.com%2F%3Ffbclid%3DIwcGRvZgFleHRuA2FlbQIxMABicmlkETFqcUdDVXRFUGVJbjFoSmh4c3J0YwZhcHBfaWQQMjIyMDM5MTc4ODIwMDg5MgABHjKkR39p0WjN5f9zNlHiIGtYxuuRPU29pLKWy_fQE00nJKs2OGcpJo7-kbtI_aem_9wabJWri7ERBJ5inA3Q9Vw&amp;h=AUCvnb0arVe9J00EiS-99XvSYv2WWwX9eY09A5X3T-OHH461K72mZ16EiDZa7P52os_CWoRwO_u0uWhbxH6cDLll2weGG_KBOG72bWuAQPuVcQoaHig8hHWV3FwCiv3Iud83sRPFG6GZdOpP&amp;__tn__=-UK-R&amp;c[0]=AUCKV7sV6KOoSim6eDvDTL10TlazwHVviHTo6prWPkY-c4Sl71JmqDf-M8dNGW0tbLsisAL3eG_aLt9_XVCyOoE6uXxmqdRk2G5EGP2F_RZ1qhaJbczifuF7fn2gBBm9CpxBwhcR_Hmn9bz1KT27t6jZegwl-k-PoRubT3QGHFNZBYTZonPqJTy2zjGP6OBAnHiaAyqTt15uNP6pp_67Z5NBkQ\" rel=\"noopener\" target=\"_blank\">Prensapaisa.com<\/a><\/p>\n\n\n\n<p class=\"wp-block-paragraph\">Un perro criollo yac\u00eda sobre el suelo despu\u00e9s de haber sido atropellado. Su cuerpo apenas reaccionaba. Cerca de \u00e9l estaba su compa\u00f1ero, tambi\u00e9n desconcertado, pero con una decisi\u00f3n que parec\u00eda tener clara: no irse de su lado.<\/p>\n\n\n\n<p class=\"wp-block-paragraph\">Seg\u00fan el reporte ciudadano, despu\u00e9s del accidente el otro perro se habr\u00eda alejado por unos momentos. Sin embargo, regres\u00f3 al lugar donde estaba su compa\u00f1ero y permaneci\u00f3 cerca, pese al ruido de los veh\u00edculos y al riesgo de encontrarse junto a una v\u00eda de alto flujo.<\/p>\n\n\n\n<p class=\"wp-block-paragraph\">Quienes presenciaron la situaci\u00f3n intentaron buscar una manera de ayudarlos. El perro que todav\u00eda pod\u00eda caminar estaba asustado y no se dejaba coger f\u00e1cilmente. Cada movimiento hac\u00eda m\u00e1s dif\u00edcil protegerlo y evitar que terminara nuevamente en medio del tr\u00e1fico.<\/p>\n\n\n\n<p class=\"wp-block-paragraph\">Mientras tanto, el otro permanec\u00eda tendido. La escena, registrada en fotograf\u00edas y videos, comenz\u00f3 a circular entre ciudadanos con una petici\u00f3n urgente: encontrar a los propietarios de los animales.<\/p>\n\n\n\n<p class=\"wp-block-paragraph\">No se conoce todav\u00eda la historia de estos dos perros ni cu\u00e1nto tiempo llevan juntos. Tampoco se sabe c\u00f3mo llegaron hasta la Regional. Lo que s\u00ed qued\u00f3 registrado fue que, en medio del desconcierto provocado por el accidente, uno de ellos permaneci\u00f3 junto al otro.<\/p>\n\n\n\n<p class=\"wp-block-paragraph\">Ahora la esperanza est\u00e1 puesta en que las im\u00e1genes lleguen hasta alguien que los reconozca y pueda acudir por ellos.<\/p>\n\n\n\n<p class=\"wp-block-paragraph\">Porque mientras la ciudad segu\u00eda movi\u00e9ndose a toda velocidad, a un lado de la carretera dos perros protagonizaban una peque\u00f1a historia de lealtad: uno herido y el otro esperando, sin querer dejarlo solo. <\/p>\n\n\n\n<p class=\"wp-block-paragraph\">Si alguien los reconoce o conoce a sus propietarios, puede comunicarse al WhatsApp de Prensa Paisa 313 5242677.<\/p>\n\n\n\n<figure class=\"wp-block-image size-large\"><img fetchpriority=\"high\" decoding=\"async\" width=\"884\" height=\"1024\" src=\"https:\/\/prensapaisa.com\/wp-content\/uploads\/2026\/08\/790268262_1409598261295261_2456743319147123080_n-884x1024.jpg\" alt=\"\" class=\"wp-image-17153\" srcset=\"https:\/\/prensapaisa.com\/wp-content\/uploads\/2026\/08\/790268262_1409598261295261_2456743319147123080_n-884x1024.jpg 884w, https:\/\/prensapaisa.com\/wp-content\/uploads\/2026\/08\/790268262_1409598261295261_2456743319147123080_n-259x300.jpg 259w, https:\/\/prensapaisa.com\/wp-content\/uploads\/2026\/08\/790268262_1409598261295261_2456743319147123080_n-768x889.jpg 768w, https:\/\/prensapaisa.com\/wp-content\/uploads\/2026\/08\/790268262_1409598261295261_2456743319147123080_n-1170x1355.jpg 1170w, https:\/\/prensapaisa.com\/wp-content\/uploads\/2026\/08\/790268262_1409598261295261_2456743319147123080_n-585x678.jpg 585w, https:\/\/prensapaisa.com\/wp-content\/uploads\/2026\/08\/790268262_1409598261295261_2456743319147123080_n.jpg 1290w\" sizes=\"(max-width: 884px) 100vw, 884px\" \/><figcaption class=\"wp-element-caption\">Screenshot<\/figcaption><\/figure>\n\n\n\n<figure class=\"wp-block-image size-large\"><img decoding=\"async\" width=\"914\" height=\"1024\" src=\"https:\/\/prensapaisa.com\/wp-content\/uploads\/2026\/08\/782093448_1841386517225246_7359526946695546008_n-914x1024.jpg\" alt=\"\" class=\"wp-image-17152\" srcset=\"https:\/\/prensapaisa.com\/wp-content\/uploads\/2026\/08\/782093448_1841386517225246_7359526946695546008_n-914x1024.jpg 914w, https:\/\/prensapaisa.com\/wp-content\/uploads\/2026\/08\/782093448_1841386517225246_7359526946695546008_n-268x300.jpg 268w, https:\/\/prensapaisa.com\/wp-content\/uploads\/2026\/08\/782093448_1841386517225246_7359526946695546008_n-767x860.jpg 767w, https:\/\/prensapaisa.com\/wp-content\/uploads\/2026\/08\/782093448_1841386517225246_7359526946695546008_n-1170x1311.jpg 1170w, https:\/\/prensapaisa.com\/wp-content\/uploads\/2026\/08\/782093448_1841386517225246_7359526946695546008_n-585x656.jpg 585w, https:\/\/prensapaisa.com\/wp-content\/uploads\/2026\/08\/782093448_1841386517225246_7359526946695546008_n.jpg 1290w\" sizes=\"(max-width: 914px) 100vw, 914px\" \/><figcaption class=\"wp-element-caption\">Screenshot<\/figcaption><\/figure>\n\n\n\n<figure class=\"wp-block-image size-large\"><img decoding=\"async\" width=\"1024\" height=\"1024\" src=\"https:\/\/prensapaisa.com\/wp-content\/uploads\/2026\/08\/786214023_1509494827681822_4557514826540309614_n-1024x1024.jpg\" alt=\"\" class=\"wp-image-17151\" srcset=\"https:\/\/prensapaisa.com\/wp-content\/uploads\/2026\/08\/786214023_1509494827681822_4557514826540309614_n-1024x1024.jpg 1024w, https:\/\/prensapaisa.com\/wp-content\/uploads\/2026\/08\/786214023_1509494827681822_4557514826540309614_n-300x300.jpg 300w, https:\/\/prensapaisa.com\/wp-content\/uploads\/2026\/08\/786214023_1509494827681822_4557514826540309614_n-150x150.jpg 150w, https:\/\/prensapaisa.com\/wp-content\/uploads\/2026\/08\/786214023_1509494827681822_4557514826540309614_n-768x768.jpg 768w, https:\/\/prensapaisa.com\/wp-content\/uploads\/2026\/08\/786214023_1509494827681822_4557514826540309614_n-1170x1170.jpg 1170w, https:\/\/prensapaisa.com\/wp-content\/uploads\/2026\/08\/786214023_1509494827681822_4557514826540309614_n-585x585-1.jpg 585w, https:\/\/prensapaisa.com\/wp-content\/uploads\/2026\/08\/786214023_1509494827681822_4557514826540309614_n.jpg 1290w\" sizes=\"(max-width: 1024px) 100vw, 1024px\" \/><figcaption class=\"wp-element-caption\">Screenshot<\/figcaption><\/figure>\n\n\n\n<figure class=\"wp-block-image size-large\"><img loading=\"lazy\" decoding=\"async\" width=\"1024\" height=\"991\" src=\"https:\/\/prensapaisa.com\/wp-content\/uploads\/2026\/08\/789565107_2068283327121449_5976427802493313374_n-1024x991.jpg\" alt=\"\" class=\"wp-image-17150\" srcset=\"https:\/\/prensapaisa.com\/wp-content\/uploads\/2026\/08\/789565107_2068283327121449_5976427802493313374_n-1024x991.jpg 1024w, https:\/\/prensapaisa.com\/wp-content\/uploads\/2026\/08\/789565107_2068283327121449_5976427802493313374_n-300x290.jpg 300w, https:\/\/prensapaisa.com\/wp-content\/uploads\/2026\/08\/789565107_2068283327121449_5976427802493313374_n-767x742.jpg 767w, https:\/\/prensapaisa.com\/wp-content\/uploads\/2026\/08\/789565107_2068283327121449_5976427802493313374_n-1170x1132.jpg 1170w, https:\/\/prensapaisa.com\/wp-content\/uploads\/2026\/08\/789565107_2068283327121449_5976427802493313374_n-585x566.jpg 585w, https:\/\/prensapaisa.com\/wp-content\/uploads\/2026\/08\/789565107_2068283327121449_5976427802493313374_n.jpg 1290w\" sizes=\"(max-width: 1024px) 100vw, 1024px\" \/><figcaption class=\"wp-element-caption\">Screenshot<\/figcaption><\/figure>\n","protected":false},"excerpt":{"rendered":"<p>El accidente dej\u00f3 a uno de los perros tendido junto a la v\u00eda. El otro, asustado y desorientado, regres\u00f3 y permaneci\u00f3 a su lado. Ahora buscan a sus due\u00f1os. Los&hellip;<\/p>\n","protected":false},"author":1,"featured_media":17150,"comment_status":"closed","ping_status":"open","sticky":false,"template":"","format":"standard","meta":{"footnotes":""},"categories":[45,50,16,1,47,46],"tags":[],"class_list":["post-17149","post","type-post","status-publish","format-standard","has-post-thumbnail","hentry","category-accidentes","category-denuncias","category-municipios","category-noticias","category-orden-publico","category-redes-sociales"],"yoast_head":"<!-- This site is optimized with the Yoast SEO plugin v28.3 - https:\/\/yoast.com\/product\/yoast-seo-wordpress\/ -->\n<title>Perrito se niega a abandonar a su compa\u00f1ero tras accidente en la avenida Regional de Medell\u00edn - PRENSA PAISA<\/title>\n<meta name=\"robots\" content=\"index, follow, max-snippet:-1, max-image-preview:large, max-video-preview:-1\" \/>\n<link rel=\"canonical\" href=\"https:\/\/prensapaisa.com\/index.php\/2026\/08\/30\/perrito-se-niega-a-abandonar-a-su-companero-tras-accidente-en-la-avenida-regional-de-medellin\/\" \/>\n<meta property=\"og:locale\" content=\"es_ES\" \/>\n<meta property=\"og:type\" content=\"article\" \/>\n<meta property=\"og:title\" content=\"Perrito se niega a abandonar a su compa\u00f1ero tras accidente en la avenida Regional de Medell\u00edn - PRENSA PAISA\" \/>\n<meta property=\"og:description\" content=\"El accidente dej\u00f3 a uno de los perros tendido junto a la v\u00eda. El otro, asustado y desorientado, regres\u00f3 y permaneci\u00f3 a su lado. Ahora buscan a sus due\u00f1os. Los&hellip;\" \/>\n<meta property=\"og:url\" content=\"https:\/\/prensapaisa.com\/index.php\/2026\/08\/30\/perrito-se-niega-a-abandonar-a-su-companero-tras-accidente-en-la-avenida-regional-de-medellin\/\" \/>\n<meta property=\"og:site_name\" content=\"PRENSA PAISA\" \/>\n<meta property=\"article:published_time\" content=\"2026-08-30T19:14:32+00:00\" \/>\n<meta property=\"og:image\" content=\"https:\/\/prensapaisa.com\/wp-content\/uploads\/2026\/08\/789565107_2068283327121449_5976427802493313374_n.jpg\" \/>\n\t<meta property=\"og:image:width\" content=\"1290\" \/>\n\t<meta property=\"og:image:height\" content=\"1248\" \/>\n\t<meta property=\"og:image:type\" content=\"image\/jpeg\" \/>\n<meta name=\"author\" content=\"noticias@prensapaisa.com\" \/>\n<meta name=\"twitter:card\" content=\"summary_large_image\" \/>\n<meta name=\"twitter:label1\" content=\"Escrito por\" \/>\n\t<meta name=\"twitter:data1\" content=\"noticias@prensapaisa.com\" \/>\n\t<meta name=\"twitter:label2\" content=\"Tiempo de lectura\" \/>\n\t<meta name=\"twitter:data2\" content=\"3 minutos\" \/>\n<script type=\"application\/ld+json\" class=\"yoast-schema-graph\">{\"@context\":\"https:\\\/\\\/schema.org\",\"@graph\":[{\"@type\":\"Article\",\"@id\":\"https:\\\/\\\/prensapaisa.com\\\/index.php\\\/2026\\\/08\\\/30\\\/perrito-se-niega-a-abandonar-a-su-companero-tras-accidente-en-la-avenida-regional-de-medellin\\\/#article\",\"isPartOf\":{\"@id\":\"https:\\\/\\\/prensapaisa.com\\\/index.php\\\/2026\\\/08\\\/30\\\/perrito-se-niega-a-abandonar-a-su-companero-tras-accidente-en-la-avenida-regional-de-medellin\\\/\"},\"author\":{\"name\":\"noticias@prensapaisa.com\",\"@id\":\"https:\\\/\\\/prensapaisa.com\\\/#\\\/schema\\\/person\\\/c5899b8b285dbcd70faec88a7c1579f6\"},\"headline\":\"Perrito se niega a abandonar a su compa\u00f1ero tras accidente en la avenida Regional de Medell\u00edn\",\"datePublished\":\"2026-08-30T19:14:32+00:00\",\"mainEntityOfPage\":{\"@id\":\"https:\\\/\\\/prensapaisa.com\\\/index.php\\\/2026\\\/08\\\/30\\\/perrito-se-niega-a-abandonar-a-su-companero-tras-accidente-en-la-avenida-regional-de-medellin\\\/\"},\"wordCount\":368,\"publisher\":{\"@id\":\"https:\\\/\\\/prensapaisa.com\\\/#organization\"},\"image\":{\"@id\":\"https:\\\/\\\/prensapaisa.com\\\/index.php\\\/2026\\\/08\\\/30\\\/perrito-se-niega-a-abandonar-a-su-companero-tras-accidente-en-la-avenida-regional-de-medellin\\\/#primaryimage\"},\"thumbnailUrl\":\"https:\\\/\\\/prensapaisa.com\\\/wp-content\\\/uploads\\\/2026\\\/08\\\/789565107_2068283327121449_5976427802493313374_n.jpg\",\"articleSection\":[\"Accidentes\",\"Denuncias\",\"Municipios\",\"Noticias\",\"Orden Publico\",\"Redes Sociales\"],\"inLanguage\":\"es-CO\"},{\"@type\":\"WebPage\",\"@id\":\"https:\\\/\\\/prensapaisa.com\\\/index.php\\\/2026\\\/08\\\/30\\\/perrito-se-niega-a-abandonar-a-su-companero-tras-accidente-en-la-avenida-regional-de-medellin\\\/\",\"url\":\"https:\\\/\\\/prensapaisa.com\\\/index.php\\\/2026\\\/08\\\/30\\\/perrito-se-niega-a-abandonar-a-su-companero-tras-accidente-en-la-avenida-regional-de-medellin\\\/\",\"name\":\"Perrito se niega a abandonar a su compa\u00f1ero tras accidente en la avenida Regional de Medell\u00edn - PRENSA PAISA\",\"isPartOf\":{\"@id\":\"https:\\\/\\\/prensapaisa.com\\\/#website\"},\"primaryImageOfPage\":{\"@id\":\"https:\\\/\\\/prensapaisa.com\\\/index.php\\\/2026\\\/08\\\/30\\\/perrito-se-niega-a-abandonar-a-su-companero-tras-accidente-en-la-avenida-regional-de-medellin\\\/#primaryimage\"},\"image\":{\"@id\":\"https:\\\/\\\/prensapaisa.com\\\/index.php\\\/2026\\\/08\\\/30\\\/perrito-se-niega-a-abandonar-a-su-companero-tras-accidente-en-la-avenida-regional-de-medellin\\\/#primaryimage\"},\"thumbnailUrl\":\"https:\\\/\\\/prensapaisa.com\\\/wp-content\\\/uploads\\\/2026\\\/08\\\/789565107_2068283327121449_5976427802493313374_n.jpg\",\"datePublished\":\"2026-08-30T19:14:32+00:00\",\"breadcrumb\":{\"@id\":\"https:\\\/\\\/prensapaisa.com\\\/index.php\\\/2026\\\/08\\\/30\\\/perrito-se-niega-a-abandonar-a-su-companero-tras-accidente-en-la-avenida-regional-de-medellin\\\/#breadcrumb\"},\"inLanguage\":\"es-CO\",\"potentialAction\":[{\"@type\":\"ReadAction\",\"target\":[\"https:\\\/\\\/prensapaisa.com\\\/index.php\\\/2026\\\/08\\\/30\\\/perrito-se-niega-a-abandonar-a-su-companero-tras-accidente-en-la-avenida-regional-de-medellin\\\/\"]}]},{\"@type\":\"ImageObject\",\"inLanguage\":\"es-CO\",\"@id\":\"https:\\\/\\\/prensapaisa.com\\\/index.php\\\/2026\\\/08\\\/30\\\/perrito-se-niega-a-abandonar-a-su-companero-tras-accidente-en-la-avenida-regional-de-medellin\\\/#primaryimage\",\"url\":\"https:\\\/\\\/prensapaisa.com\\\/wp-content\\\/uploads\\\/2026\\\/08\\\/789565107_2068283327121449_5976427802493313374_n.jpg\",\"contentUrl\":\"https:\\\/\\\/prensapaisa.com\\\/wp-content\\\/uploads\\\/2026\\\/08\\\/789565107_2068283327121449_5976427802493313374_n.jpg\",\"width\":1290,\"height\":1248,\"caption\":\"Screenshot\"},{\"@type\":\"BreadcrumbList\",\"@id\":\"https:\\\/\\\/prensapaisa.com\\\/index.php\\\/2026\\\/08\\\/30\\\/perrito-se-niega-a-abandonar-a-su-companero-tras-accidente-en-la-avenida-regional-de-medellin\\\/#breadcrumb\",\"itemListElement\":[{\"@type\":\"ListItem\",\"position\":1,\"name\":\"Inicio\",\"item\":\"https:\\\/\\\/prensapaisa.com\\\/\"},{\"@type\":\"ListItem\",\"position\":2,\"name\":\"Perrito se niega a abandonar a su compa\u00f1ero tras accidente en la avenida Regional de Medell\u00edn\"}]},{\"@type\":\"WebSite\",\"@id\":\"https:\\\/\\\/prensapaisa.com\\\/#website\",\"url\":\"https:\\\/\\\/prensapaisa.com\\\/\",\"name\":\"PRENSA PAISA\",\"description\":\"Prensa Paisa la Original | Noticias de Medell\u00edn, Antioquia\",\"publisher\":{\"@id\":\"https:\\\/\\\/prensapaisa.com\\\/#organization\"},\"potentialAction\":[{\"@type\":\"SearchAction\",\"target\":{\"@type\":\"EntryPoint\",\"urlTemplate\":\"https:\\\/\\\/prensapaisa.com\\\/?s={search_term_string}\"},\"query-input\":{\"@type\":\"PropertyValueSpecification\",\"valueRequired\":true,\"valueName\":\"search_term_string\"}}],\"inLanguage\":\"es-CO\"},{\"@type\":\"Organization\",\"@id\":\"https:\\\/\\\/prensapaisa.com\\\/#organization\",\"name\":\"PRENSA PAISA\",\"url\":\"https:\\\/\\\/prensapaisa.com\\\/\",\"logo\":{\"@type\":\"ImageObject\",\"inLanguage\":\"es-CO\",\"@id\":\"https:\\\/\\\/prensapaisa.com\\\/#\\\/schema\\\/logo\\\/image\\\/\",\"url\":\"https:\\\/\\\/prensapaisa.com\\\/wp-content\\\/uploads\\\/2022\\\/05\\\/cropped-cropped-prensa.png\",\"contentUrl\":\"https:\\\/\\\/prensapaisa.com\\\/wp-content\\\/uploads\\\/2022\\\/05\\\/cropped-cropped-prensa.png\",\"width\":784,\"height\":524,\"caption\":\"PRENSA PAISA\"},\"image\":{\"@id\":\"https:\\\/\\\/prensapaisa.com\\\/#\\\/schema\\\/logo\\\/image\\\/\"}},{\"@type\":\"Person\",\"@id\":\"https:\\\/\\\/prensapaisa.com\\\/#\\\/schema\\\/person\\\/c5899b8b285dbcd70faec88a7c1579f6\",\"name\":\"noticias@prensapaisa.com\",\"image\":{\"@type\":\"ImageObject\",\"inLanguage\":\"es-CO\",\"@id\":\"https:\\\/\\\/secure.gravatar.com\\\/avatar\\\/ca2b49c1df14b84557c567431f045ea69c8ea5da2da50309fd4de9b811da0433?s=96&d=mm&r=g\",\"url\":\"https:\\\/\\\/secure.gravatar.com\\\/avatar\\\/ca2b49c1df14b84557c567431f045ea69c8ea5da2da50309fd4de9b811da0433?s=96&d=mm&r=g\",\"contentUrl\":\"https:\\\/\\\/secure.gravatar.com\\\/avatar\\\/ca2b49c1df14b84557c567431f045ea69c8ea5da2da50309fd4de9b811da0433?s=96&d=mm&r=g\",\"caption\":\"noticias@prensapaisa.com\"},\"sameAs\":[\"http:\\\/\\\/prensapaisa.com\"],\"url\":\"https:\\\/\\\/prensapaisa.com\\\/index.php\\\/author\\\/prensapaisagmail-com\\\/\"}]}<\/script>\n<!-- \/ Yoast SEO plugin. -->","yoast_head_json":{"title":"Perrito se niega a abandonar a su compa\u00f1ero tras accidente en la avenida Regional de Medell\u00edn - PRENSA PAISA","robots":{"index":"index","follow":"follow","max-snippet":"max-snippet:-1","max-image-preview":"max-image-preview:large","max-video-preview":"max-video-preview:-1"},"canonical":"https:\/\/prensapaisa.com\/index.php\/2026\/08\/30\/perrito-se-niega-a-abandonar-a-su-companero-tras-accidente-en-la-avenida-regional-de-medellin\/","og_locale":"es_ES","og_type":"article","og_title":"Perrito se niega a abandonar a su compa\u00f1ero tras accidente en la avenida Regional de Medell\u00edn - PRENSA PAISA","og_description":"El accidente dej\u00f3 a uno de los perros tendido junto a la v\u00eda. El otro, asustado y desorientado, regres\u00f3 y permaneci\u00f3 a su lado. Ahora buscan a sus due\u00f1os. Los&hellip;","og_url":"https:\/\/prensapaisa.com\/index.php\/2026\/08\/30\/perrito-se-niega-a-abandonar-a-su-companero-tras-accidente-en-la-avenida-regional-de-medellin\/","og_site_name":"PRENSA PAISA","article_published_time":"2026-08-30T19:14:32+00:00","og_image":[{"width":1290,"height":1248,"url":"https:\/\/prensapaisa.com\/wp-content\/uploads\/2026\/08\/789565107_2068283327121449_5976427802493313374_n.jpg","type":"image\/jpeg"}],"author":"noticias@prensapaisa.com","twitter_card":"summary_large_image","twitter_misc":{"Escrito por":"noticias@prensapaisa.com","Tiempo de lectura":"3 minutos"},"schema":{"@context":"https:\/\/schema.org","@graph":[{"@type":"Article","@id":"https:\/\/prensapaisa.com\/index.php\/2026\/08\/30\/perrito-se-niega-a-abandonar-a-su-companero-tras-accidente-en-la-avenida-regional-de-medellin\/#article","isPartOf":{"@id":"https:\/\/prensapaisa.com\/index.php\/2026\/08\/30\/perrito-se-niega-a-abandonar-a-su-companero-tras-accidente-en-la-avenida-regional-de-medellin\/"},"author":{"name":"noticias@prensapaisa.com","@id":"https:\/\/prensapaisa.com\/#\/schema\/person\/c5899b8b285dbcd70faec88a7c1579f6"},"headline":"Perrito se niega a abandonar a su compa\u00f1ero tras accidente en la avenida Regional de Medell\u00edn","datePublished":"2026-08-30T19:14:32+00:00","mainEntityOfPage":{"@id":"https:\/\/prensapaisa.com\/index.php\/2026\/08\/30\/perrito-se-niega-a-abandonar-a-su-companero-tras-accidente-en-la-avenida-regional-de-medellin\/"},"wordCount":368,"publisher":{"@id":"https:\/\/prensapaisa.com\/#organization"},"image":{"@id":"https:\/\/prensapaisa.com\/index.php\/2026\/08\/30\/perrito-se-niega-a-abandonar-a-su-companero-tras-accidente-en-la-avenida-regional-de-medellin\/#primaryimage"},"thumbnailUrl":"https:\/\/prensapaisa.com\/wp-content\/uploads\/2026\/08\/789565107_2068283327121449_5976427802493313374_n.jpg","articleSection":["Accidentes","Denuncias","Municipios","Noticias","Orden Publico","Redes Sociales"],"inLanguage":"es-CO"},{"@type":"WebPage","@id":"https:\/\/prensapaisa.com\/index.php\/2026\/08\/30\/perrito-se-niega-a-abandonar-a-su-companero-tras-accidente-en-la-avenida-regional-de-medellin\/","url":"https:\/\/prensapaisa.com\/index.php\/2026\/08\/30\/perrito-se-niega-a-abandonar-a-su-companero-tras-accidente-en-la-avenida-regional-de-medellin\/","name":"Perrito se niega a abandonar a su compa\u00f1ero tras accidente en la avenida Regional de Medell\u00edn - PRENSA PAISA","isPartOf":{"@id":"https:\/\/prensapaisa.com\/#website"},"primaryImageOfPage":{"@id":"https:\/\/prensapaisa.com\/index.php\/2026\/08\/30\/perrito-se-niega-a-abandonar-a-su-companero-tras-accidente-en-la-avenida-regional-de-medellin\/#primaryimage"},"image":{"@id":"https:\/\/prensapaisa.com\/index.php\/2026\/08\/30\/perrito-se-niega-a-abandonar-a-su-companero-tras-accidente-en-la-avenida-regional-de-medellin\/#primaryimage"},"thumbnailUrl":"https:\/\/prensapaisa.com\/wp-content\/uploads\/2026\/08\/789565107_2068283327121449_5976427802493313374_n.jpg","datePublished":"2026-08-30T19:14:32+00:00","breadcrumb":{"@id":"https:\/\/prensapaisa.com\/index.php\/2026\/08\/30\/perrito-se-niega-a-abandonar-a-su-companero-tras-accidente-en-la-avenida-regional-de-medellin\/#breadcrumb"},"inLanguage":"es-CO","potentialAction":[{"@type":"ReadAction","target":["https:\/\/prensapaisa.com\/index.php\/2026\/08\/30\/perrito-se-niega-a-abandonar-a-su-companero-tras-accidente-en-la-avenida-regional-de-medellin\/"]}]},{"@type":"ImageObject","inLanguage":"es-CO","@id":"https:\/\/prensapaisa.com\/index.php\/2026\/08\/30\/perrito-se-niega-a-abandonar-a-su-companero-tras-accidente-en-la-avenida-regional-de-medellin\/#primaryimage","url":"https:\/\/prensapaisa.com\/wp-content\/uploads\/2026\/08\/789565107_2068283327121449_5976427802493313374_n.jpg","contentUrl":"https:\/\/prensapaisa.com\/wp-content\/uploads\/2026\/08\/789565107_2068283327121449_5976427802493313374_n.jpg","width":1290,"height":1248,"caption":"Screenshot"},{"@type":"BreadcrumbList","@id":"https:\/\/prensapaisa.com\/index.php\/2026\/08\/30\/perrito-se-niega-a-abandonar-a-su-companero-tras-accidente-en-la-avenida-regional-de-medellin\/#breadcrumb","itemListElement":[{"@type":"ListItem","position":1,"name":"Inicio","item":"https:\/\/prensapaisa.com\/"},{"@type":"ListItem","position":2,"name":"Perrito se niega a abandonar a su compa\u00f1ero tras accidente en la avenida Regional de Medell\u00edn"}]},{"@type":"WebSite","@id":"https:\/\/prensapaisa.com\/#website","url":"https:\/\/prensapaisa.com\/","name":"PRENSA PAISA","description":"Prensa Paisa la Original | Noticias de Medell\u00edn, Antioquia","publisher":{"@id":"https:\/\/prensapaisa.com\/#organization"},"potentialAction":[{"@type":"SearchAction","target":{"@type":"EntryPoint","urlTemplate":"https:\/\/prensapaisa.com\/?s={search_term_string}"},"query-input":{"@type":"PropertyValueSpecification","valueRequired":true,"valueName":"search_term_string"}}],"inLanguage":"es-CO"},{"@type":"Organization","@id":"https:\/\/prensapaisa.com\/#organization","name":"PRENSA PAISA","url":"https:\/\/prensapaisa.com\/","logo":{"@type":"ImageObject","inLanguage":"es-CO","@id":"https:\/\/prensapaisa.com\/#\/schema\/logo\/image\/","url":"https:\/\/prensapaisa.com\/wp-content\/uploads\/2022\/05\/cropped-cropped-prensa.png","contentUrl":"https:\/\/prensapaisa.com\/wp-content\/uploads\/2022\/05\/cropped-cropped-prensa.png","width":784,"height":524,"caption":"PRENSA PAISA"},"image":{"@id":"https:\/\/prensapaisa.com\/#\/schema\/logo\/image\/"}},{"@type":"Person","@id":"https:\/\/prensapaisa.com\/#\/schema\/person\/c5899b8b285dbcd70faec88a7c1579f6","name":"noticias@prensapaisa.com","image":{"@type":"ImageObject","inLanguage":"es-CO","@id":"https:\/\/secure.gravatar.com\/avatar\/ca2b49c1df14b84557c567431f045ea69c8ea5da2da50309fd4de9b811da0433?s=96&d=mm&r=g","url":"https:\/\/secure.gravatar.com\/avatar\/ca2b49c1df14b84557c567431f045ea69c8ea5da2da50309fd4de9b811da0433?s=96&d=mm&r=g","contentUrl":"https:\/\/secure.gravatar.com\/avatar\/ca2b49c1df14b84557c567431f045ea69c8ea5da2da50309fd4de9b811da0433?s=96&d=mm&r=g","caption":"noticias@prensapaisa.com"},"sameAs":["http:\/\/prensapaisa.com"],"url":"https:\/\/prensapaisa.com\/index.php\/author\/prensapaisagmail-com\/"}]}},"_links":{"self":[{"href":"https:\/\/prensapaisa.com\/index.php\/wp-json\/wp\/v2\/posts\/17149","targetHints":{"allow":["GET"]}}],"collection":[{"href":"https:\/\/prensapaisa.com\/index.php\/wp-json\/wp\/v2\/posts"}],"about":[{"href":"https:\/\/prensapaisa.com\/index.php\/wp-json\/wp\/v2\/types\/post"}],"author":[{"embeddable":true,"href":"https:\/\/prensapaisa.com\/index.php\/wp-json\/wp\/v2\/users\/1"}],"replies":[{"embeddable":true,"href":"https:\/\/prensapaisa.com\/index.php\/wp-json\/wp\/v2\/comments?post=17149"}],"version-history":[{"count":1,"href":"https:\/\/prensapaisa.com\/index.php\/wp-json\/wp\/v2\/posts\/17149\/revisions"}],"predecessor-version":[{"id":17154,"href":"https:\/\/prensapaisa.com\/index.php\/wp-json\/wp\/v2\/posts\/17149\/revisions\/17154"}],"wp:featuredmedia":[{"embeddable":true,"href":"https:\/\/prensapaisa.com\/index.php\/wp-json\/wp\/v2\/media\/17150"}],"wp:attachment":[{"href":"https:\/\/prensapaisa.com\/index.php\/wp-json\/wp\/v2\/media?parent=17149"}],"wp:term":[{"taxonomy":"category","embeddable":true,"href":"https:\/\/prensapaisa.com\/index.php\/wp-json\/wp\/v2\/categories?post=17149"},{"taxonomy":"post_tag","embeddable":true,"href":"https:\/\/prensapaisa.com\/index.php\/wp-json\/wp\/v2\/tags?post=17149"}],"curies":[{"name":"wp","href":"https:\/\/api.w.org\/{rel}","templated":true}]}}