{"id":16546,"date":"2026-04-24T09:54:25","date_gmt":"2026-04-24T14:54:25","guid":{"rendered":"https:\/\/prensapaisa.com\/?p=16546"},"modified":"2026-04-24T09:54:26","modified_gmt":"2026-04-24T14:54:26","slug":"fatal-accidente-de-motociclistas-deja-un-muerto-y-una-mujer-herida-en-itagui-antioquia","status":"publish","type":"post","link":"https:\/\/prensapaisa.com\/index.php\/2026\/04\/24\/fatal-accidente-de-motociclistas-deja-un-muerto-y-una-mujer-herida-en-itagui-antioquia\/","title":{"rendered":"Fatal accidente de motociclistas deja un muerto y una mujer herida en Itag\u00fc\u00ed, Antioquia"},"content":{"rendered":"\n<p><a href=\"https:\/\/prensapaisa.com\/?fbclid=IwZXh0bgNhZW0CMTAAYnJpZBExVFdlQ3lraDFraWx0N0k0NHNydGMGYXBwX2lkEDIyMjAzOTE3ODgyMDA4OTIAAR4kRVdvX0X3yCLB_kzPMyRYDKBA6iOymIwVChy9GgqgA8XoYMBaheMsktBIhg_aem_xC05q0XYikz8cBOOgYH-6A\" rel=\"noreferrer noopener\" target=\"_blank\">Prensapaisa.com<\/a><\/p>\n\n\n\n<p>Un tr\u00e1gico accidente de tr\u00e1nsito ocurrido en la tarde-noche de este jueves 23 de abril dej\u00f3 como saldo la muerte de un motociclista y a su acompa\u00f1ante gravemente herida en el municipio de Itag\u00fc\u00ed, Antioquia.<\/p>\n\n\n\n<p>El siniestro se registr\u00f3 en v\u00eda p\u00fablica, a la altura del Parque del Artista, uno de los sectores m\u00e1s concurridos de la localidad. Seg\u00fan informaci\u00f3n preliminar, la pareja se movilizaba en una motocicleta cuando ocurri\u00f3 el accidente, cuyas causas a\u00fan son materia de investigaci\u00f3n por parte de las autoridades.<\/p>\n\n\n\n<p>El conductor perdi\u00f3 la vida en el lugar de los hechos debido a la gravedad de las lesiones, mientras que la mujer que lo acompa\u00f1aba fue trasladada de urgencia a un centro asistencial, donde permanece en delicado estado de salud.<\/p>\n\n\n\n<p>Organismos de tr\u00e1nsito y unidades de emergencia atendieron la situaci\u00f3n y realizaron el levantamiento del cuerpo, adem\u00e1s de iniciar las respectivas indagaciones para esclarecer lo ocurrido.<\/p>\n\n\n\n<p>Las autoridades hicieron un llamado a los conductores a respetar las normas de tr\u00e1nsito y mantener la prudencia en las v\u00edas, con el fin de evitar este tipo de tragedias.<\/p>\n\n\n\n<figure class=\"wp-block-image size-large\"><img fetchpriority=\"high\" decoding=\"async\" width=\"768\" height=\"1024\" src=\"https:\/\/prensapaisa.com\/wp-content\/uploads\/2026\/04\/679032315_1005862035342117_248584159041588888_n-1-768x1024.jpg\" alt=\"\" class=\"wp-image-16551\" srcset=\"https:\/\/prensapaisa.com\/wp-content\/uploads\/2026\/04\/679032315_1005862035342117_248584159041588888_n-1-768x1024.jpg 768w, https:\/\/prensapaisa.com\/wp-content\/uploads\/2026\/04\/679032315_1005862035342117_248584159041588888_n-1-225x300.jpg 225w, https:\/\/prensapaisa.com\/wp-content\/uploads\/2026\/04\/679032315_1005862035342117_248584159041588888_n-1-1152x1536.jpg 1152w, https:\/\/prensapaisa.com\/wp-content\/uploads\/2026\/04\/679032315_1005862035342117_248584159041588888_n-1-1170x1560.jpg 1170w, https:\/\/prensapaisa.com\/wp-content\/uploads\/2026\/04\/679032315_1005862035342117_248584159041588888_n-1-585x780.jpg 585w, https:\/\/prensapaisa.com\/wp-content\/uploads\/2026\/04\/679032315_1005862035342117_248584159041588888_n-1.jpg 1200w\" sizes=\"(max-width: 768px) 100vw, 768px\" \/><\/figure>\n\n\n\n<figure class=\"wp-block-image size-large\"><img decoding=\"async\" width=\"768\" height=\"1024\" src=\"https:\/\/prensapaisa.com\/wp-content\/uploads\/2026\/04\/679032315_1005862035342117_248584159041588888_n-768x1024.jpg\" alt=\"\" class=\"wp-image-16550\" srcset=\"https:\/\/prensapaisa.com\/wp-content\/uploads\/2026\/04\/679032315_1005862035342117_248584159041588888_n-768x1024.jpg 768w, https:\/\/prensapaisa.com\/wp-content\/uploads\/2026\/04\/679032315_1005862035342117_248584159041588888_n-225x300.jpg 225w, https:\/\/prensapaisa.com\/wp-content\/uploads\/2026\/04\/679032315_1005862035342117_248584159041588888_n-1152x1536.jpg 1152w, https:\/\/prensapaisa.com\/wp-content\/uploads\/2026\/04\/679032315_1005862035342117_248584159041588888_n-1170x1560.jpg 1170w, https:\/\/prensapaisa.com\/wp-content\/uploads\/2026\/04\/679032315_1005862035342117_248584159041588888_n-585x780.jpg 585w, https:\/\/prensapaisa.com\/wp-content\/uploads\/2026\/04\/679032315_1005862035342117_248584159041588888_n.jpg 1200w\" sizes=\"(max-width: 768px) 100vw, 768px\" \/><\/figure>\n\n\n\n<figure class=\"wp-block-image size-large\"><img decoding=\"async\" width=\"768\" height=\"1024\" src=\"https:\/\/prensapaisa.com\/wp-content\/uploads\/2026\/04\/677919281_1005862042008783_419310592690816760_n-768x1024.jpg\" alt=\"\" class=\"wp-image-16549\" srcset=\"https:\/\/prensapaisa.com\/wp-content\/uploads\/2026\/04\/677919281_1005862042008783_419310592690816760_n-768x1024.jpg 768w, https:\/\/prensapaisa.com\/wp-content\/uploads\/2026\/04\/677919281_1005862042008783_419310592690816760_n-225x300.jpg 225w, https:\/\/prensapaisa.com\/wp-content\/uploads\/2026\/04\/677919281_1005862042008783_419310592690816760_n-1152x1536.jpg 1152w, https:\/\/prensapaisa.com\/wp-content\/uploads\/2026\/04\/677919281_1005862042008783_419310592690816760_n-1170x1560.jpg 1170w, https:\/\/prensapaisa.com\/wp-content\/uploads\/2026\/04\/677919281_1005862042008783_419310592690816760_n-585x780.jpg 585w, https:\/\/prensapaisa.com\/wp-content\/uploads\/2026\/04\/677919281_1005862042008783_419310592690816760_n.jpg 1200w\" sizes=\"(max-width: 768px) 100vw, 768px\" \/><\/figure>\n\n\n\n<figure class=\"wp-block-image size-large\"><img loading=\"lazy\" decoding=\"async\" width=\"1024\" height=\"713\" src=\"https:\/\/prensapaisa.com\/wp-content\/uploads\/2026\/04\/677755879_1005862115342109_5509586044781000263_n-1024x713.jpg\" alt=\"\" class=\"wp-image-16548\" srcset=\"https:\/\/prensapaisa.com\/wp-content\/uploads\/2026\/04\/677755879_1005862115342109_5509586044781000263_n-1024x713.jpg 1024w, https:\/\/prensapaisa.com\/wp-content\/uploads\/2026\/04\/677755879_1005862115342109_5509586044781000263_n-300x209.jpg 300w, https:\/\/prensapaisa.com\/wp-content\/uploads\/2026\/04\/677755879_1005862115342109_5509586044781000263_n-768x535.jpg 768w, https:\/\/prensapaisa.com\/wp-content\/uploads\/2026\/04\/677755879_1005862115342109_5509586044781000263_n-1170x814.jpg 1170w, https:\/\/prensapaisa.com\/wp-content\/uploads\/2026\/04\/677755879_1005862115342109_5509586044781000263_n-585x407.jpg 585w, https:\/\/prensapaisa.com\/wp-content\/uploads\/2026\/04\/677755879_1005862115342109_5509586044781000263_n.jpg 1280w\" sizes=\"(max-width: 1024px) 100vw, 1024px\" \/><\/figure>\n\n\n\n<figure class=\"wp-block-image size-full\"><img loading=\"lazy\" decoding=\"async\" width=\"444\" height=\"590\" src=\"https:\/\/prensapaisa.com\/wp-content\/uploads\/2026\/04\/679561164_1005860395342281_3211544330846879582_n.jpg\" alt=\"\" class=\"wp-image-16547\" srcset=\"https:\/\/prensapaisa.com\/wp-content\/uploads\/2026\/04\/679561164_1005860395342281_3211544330846879582_n.jpg 444w, https:\/\/prensapaisa.com\/wp-content\/uploads\/2026\/04\/679561164_1005860395342281_3211544330846879582_n-226x300.jpg 226w\" sizes=\"(max-width: 444px) 100vw, 444px\" \/><\/figure>\n","protected":false},"excerpt":{"rendered":"<p>Prensapaisa.com Un tr\u00e1gico accidente de tr\u00e1nsito ocurrido en la tarde-noche de este jueves 23 de abril dej\u00f3 como saldo la muerte de un motociclista y a su acompa\u00f1ante gravemente herida&hellip;<\/p>\n","protected":false},"author":1,"featured_media":16549,"comment_status":"closed","ping_status":"open","sticky":false,"template":"","format":"standard","meta":{"footnotes":""},"categories":[45,50,44,16,1,47,46],"tags":[],"class_list":["post-16546","post","type-post","status-publish","format-standard","has-post-thumbnail","hentry","category-accidentes","category-denuncias","category-movilidad","category-municipios","category-noticias","category-orden-publico","category-redes-sociales"],"yoast_head":"<!-- This site is optimized with the Yoast SEO plugin v27.4 - https:\/\/yoast.com\/product\/yoast-seo-wordpress\/ -->\n<title>Fatal accidente de motociclistas deja un muerto y una mujer herida en Itag\u00fc\u00ed, Antioquia - PRENSA PAISA<\/title>\n<meta name=\"robots\" content=\"index, follow, max-snippet:-1, max-image-preview:large, max-video-preview:-1\" \/>\n<link rel=\"canonical\" href=\"https:\/\/prensapaisa.com\/index.php\/2026\/04\/24\/fatal-accidente-de-motociclistas-deja-un-muerto-y-una-mujer-herida-en-itagui-antioquia\/\" \/>\n<meta property=\"og:locale\" content=\"es_ES\" \/>\n<meta property=\"og:type\" content=\"article\" \/>\n<meta property=\"og:title\" content=\"Fatal accidente de motociclistas deja un muerto y una mujer herida en Itag\u00fc\u00ed, Antioquia - PRENSA PAISA\" \/>\n<meta property=\"og:description\" content=\"Prensapaisa.com Un tr\u00e1gico accidente de tr\u00e1nsito ocurrido en la tarde-noche de este jueves 23 de abril dej\u00f3 como saldo la muerte de un motociclista y a su acompa\u00f1ante gravemente herida&hellip;\" \/>\n<meta property=\"og:url\" content=\"https:\/\/prensapaisa.com\/index.php\/2026\/04\/24\/fatal-accidente-de-motociclistas-deja-un-muerto-y-una-mujer-herida-en-itagui-antioquia\/\" \/>\n<meta property=\"og:site_name\" content=\"PRENSA PAISA\" \/>\n<meta property=\"article:published_time\" content=\"2026-04-24T14:54:25+00:00\" \/>\n<meta property=\"article:modified_time\" content=\"2026-04-24T14:54:26+00:00\" \/>\n<meta property=\"og:image\" content=\"https:\/\/prensapaisa.com\/wp-content\/uploads\/2026\/04\/677919281_1005862042008783_419310592690816760_n.jpg\" \/>\n\t<meta property=\"og:image:width\" content=\"1200\" \/>\n\t<meta property=\"og:image:height\" content=\"1600\" \/>\n\t<meta property=\"og:image:type\" content=\"image\/jpeg\" \/>\n<meta name=\"author\" content=\"noticias@prensapaisa.com\" \/>\n<meta name=\"twitter:card\" content=\"summary_large_image\" \/>\n<meta name=\"twitter:label1\" content=\"Escrito por\" \/>\n\t<meta name=\"twitter:data1\" content=\"noticias@prensapaisa.com\" \/>\n\t<meta name=\"twitter:label2\" content=\"Tiempo de lectura\" \/>\n\t<meta name=\"twitter:data2\" content=\"3 minutos\" \/>\n<script type=\"application\/ld+json\" class=\"yoast-schema-graph\">{\"@context\":\"https:\\\/\\\/schema.org\",\"@graph\":[{\"@type\":\"Article\",\"@id\":\"https:\\\/\\\/prensapaisa.com\\\/index.php\\\/2026\\\/04\\\/24\\\/fatal-accidente-de-motociclistas-deja-un-muerto-y-una-mujer-herida-en-itagui-antioquia\\\/#article\",\"isPartOf\":{\"@id\":\"https:\\\/\\\/prensapaisa.com\\\/index.php\\\/2026\\\/04\\\/24\\\/fatal-accidente-de-motociclistas-deja-un-muerto-y-una-mujer-herida-en-itagui-antioquia\\\/\"},\"author\":{\"name\":\"noticias@prensapaisa.com\",\"@id\":\"https:\\\/\\\/prensapaisa.com\\\/#\\\/schema\\\/person\\\/c5899b8b285dbcd70faec88a7c1579f6\"},\"headline\":\"Fatal accidente de motociclistas deja un muerto y una mujer herida en Itag\u00fc\u00ed, Antioquia\",\"datePublished\":\"2026-04-24T14:54:25+00:00\",\"dateModified\":\"2026-04-24T14:54:26+00:00\",\"mainEntityOfPage\":{\"@id\":\"https:\\\/\\\/prensapaisa.com\\\/index.php\\\/2026\\\/04\\\/24\\\/fatal-accidente-de-motociclistas-deja-un-muerto-y-una-mujer-herida-en-itagui-antioquia\\\/\"},\"wordCount\":211,\"publisher\":{\"@id\":\"https:\\\/\\\/prensapaisa.com\\\/#organization\"},\"image\":{\"@id\":\"https:\\\/\\\/prensapaisa.com\\\/index.php\\\/2026\\\/04\\\/24\\\/fatal-accidente-de-motociclistas-deja-un-muerto-y-una-mujer-herida-en-itagui-antioquia\\\/#primaryimage\"},\"thumbnailUrl\":\"https:\\\/\\\/prensapaisa.com\\\/wp-content\\\/uploads\\\/2026\\\/04\\\/677919281_1005862042008783_419310592690816760_n.jpg\",\"articleSection\":[\"Accidentes\",\"Denuncias\",\"Movilidad\",\"Municipios\",\"Noticias\",\"Orden Publico\",\"Redes Sociales\"],\"inLanguage\":\"es-CO\"},{\"@type\":\"WebPage\",\"@id\":\"https:\\\/\\\/prensapaisa.com\\\/index.php\\\/2026\\\/04\\\/24\\\/fatal-accidente-de-motociclistas-deja-un-muerto-y-una-mujer-herida-en-itagui-antioquia\\\/\",\"url\":\"https:\\\/\\\/prensapaisa.com\\\/index.php\\\/2026\\\/04\\\/24\\\/fatal-accidente-de-motociclistas-deja-un-muerto-y-una-mujer-herida-en-itagui-antioquia\\\/\",\"name\":\"Fatal accidente de motociclistas deja un muerto y una mujer herida en Itag\u00fc\u00ed, Antioquia - PRENSA PAISA\",\"isPartOf\":{\"@id\":\"https:\\\/\\\/prensapaisa.com\\\/#website\"},\"primaryImageOfPage\":{\"@id\":\"https:\\\/\\\/prensapaisa.com\\\/index.php\\\/2026\\\/04\\\/24\\\/fatal-accidente-de-motociclistas-deja-un-muerto-y-una-mujer-herida-en-itagui-antioquia\\\/#primaryimage\"},\"image\":{\"@id\":\"https:\\\/\\\/prensapaisa.com\\\/index.php\\\/2026\\\/04\\\/24\\\/fatal-accidente-de-motociclistas-deja-un-muerto-y-una-mujer-herida-en-itagui-antioquia\\\/#primaryimage\"},\"thumbnailUrl\":\"https:\\\/\\\/prensapaisa.com\\\/wp-content\\\/uploads\\\/2026\\\/04\\\/677919281_1005862042008783_419310592690816760_n.jpg\",\"datePublished\":\"2026-04-24T14:54:25+00:00\",\"dateModified\":\"2026-04-24T14:54:26+00:00\",\"breadcrumb\":{\"@id\":\"https:\\\/\\\/prensapaisa.com\\\/index.php\\\/2026\\\/04\\\/24\\\/fatal-accidente-de-motociclistas-deja-un-muerto-y-una-mujer-herida-en-itagui-antioquia\\\/#breadcrumb\"},\"inLanguage\":\"es-CO\",\"potentialAction\":[{\"@type\":\"ReadAction\",\"target\":[\"https:\\\/\\\/prensapaisa.com\\\/index.php\\\/2026\\\/04\\\/24\\\/fatal-accidente-de-motociclistas-deja-un-muerto-y-una-mujer-herida-en-itagui-antioquia\\\/\"]}]},{\"@type\":\"ImageObject\",\"inLanguage\":\"es-CO\",\"@id\":\"https:\\\/\\\/prensapaisa.com\\\/index.php\\\/2026\\\/04\\\/24\\\/fatal-accidente-de-motociclistas-deja-un-muerto-y-una-mujer-herida-en-itagui-antioquia\\\/#primaryimage\",\"url\":\"https:\\\/\\\/prensapaisa.com\\\/wp-content\\\/uploads\\\/2026\\\/04\\\/677919281_1005862042008783_419310592690816760_n.jpg\",\"contentUrl\":\"https:\\\/\\\/prensapaisa.com\\\/wp-content\\\/uploads\\\/2026\\\/04\\\/677919281_1005862042008783_419310592690816760_n.jpg\",\"width\":1200,\"height\":1600},{\"@type\":\"BreadcrumbList\",\"@id\":\"https:\\\/\\\/prensapaisa.com\\\/index.php\\\/2026\\\/04\\\/24\\\/fatal-accidente-de-motociclistas-deja-un-muerto-y-una-mujer-herida-en-itagui-antioquia\\\/#breadcrumb\",\"itemListElement\":[{\"@type\":\"ListItem\",\"position\":1,\"name\":\"Inicio\",\"item\":\"https:\\\/\\\/prensapaisa.com\\\/\"},{\"@type\":\"ListItem\",\"position\":2,\"name\":\"Fatal accidente de motociclistas deja un muerto y una mujer herida en Itag\u00fc\u00ed, Antioquia\"}]},{\"@type\":\"WebSite\",\"@id\":\"https:\\\/\\\/prensapaisa.com\\\/#website\",\"url\":\"https:\\\/\\\/prensapaisa.com\\\/\",\"name\":\"PRENSA PAISA\",\"description\":\"Prensa Paisa la Original | Noticias de Medell\u00edn, Antioquia\",\"publisher\":{\"@id\":\"https:\\\/\\\/prensapaisa.com\\\/#organization\"},\"potentialAction\":[{\"@type\":\"SearchAction\",\"target\":{\"@type\":\"EntryPoint\",\"urlTemplate\":\"https:\\\/\\\/prensapaisa.com\\\/?s={search_term_string}\"},\"query-input\":{\"@type\":\"PropertyValueSpecification\",\"valueRequired\":true,\"valueName\":\"search_term_string\"}}],\"inLanguage\":\"es-CO\"},{\"@type\":\"Organization\",\"@id\":\"https:\\\/\\\/prensapaisa.com\\\/#organization\",\"name\":\"PRENSA PAISA\",\"url\":\"https:\\\/\\\/prensapaisa.com\\\/\",\"logo\":{\"@type\":\"ImageObject\",\"inLanguage\":\"es-CO\",\"@id\":\"https:\\\/\\\/prensapaisa.com\\\/#\\\/schema\\\/logo\\\/image\\\/\",\"url\":\"https:\\\/\\\/prensapaisa.com\\\/wp-content\\\/uploads\\\/2022\\\/05\\\/cropped-cropped-prensa.png\",\"contentUrl\":\"https:\\\/\\\/prensapaisa.com\\\/wp-content\\\/uploads\\\/2022\\\/05\\\/cropped-cropped-prensa.png\",\"width\":784,\"height\":524,\"caption\":\"PRENSA PAISA\"},\"image\":{\"@id\":\"https:\\\/\\\/prensapaisa.com\\\/#\\\/schema\\\/logo\\\/image\\\/\"}},{\"@type\":\"Person\",\"@id\":\"https:\\\/\\\/prensapaisa.com\\\/#\\\/schema\\\/person\\\/c5899b8b285dbcd70faec88a7c1579f6\",\"name\":\"noticias@prensapaisa.com\",\"image\":{\"@type\":\"ImageObject\",\"inLanguage\":\"es-CO\",\"@id\":\"https:\\\/\\\/secure.gravatar.com\\\/avatar\\\/ca2b49c1df14b84557c567431f045ea69c8ea5da2da50309fd4de9b811da0433?s=96&d=mm&r=g\",\"url\":\"https:\\\/\\\/secure.gravatar.com\\\/avatar\\\/ca2b49c1df14b84557c567431f045ea69c8ea5da2da50309fd4de9b811da0433?s=96&d=mm&r=g\",\"contentUrl\":\"https:\\\/\\\/secure.gravatar.com\\\/avatar\\\/ca2b49c1df14b84557c567431f045ea69c8ea5da2da50309fd4de9b811da0433?s=96&d=mm&r=g\",\"caption\":\"noticias@prensapaisa.com\"},\"sameAs\":[\"http:\\\/\\\/prensapaisa.com\"],\"url\":\"https:\\\/\\\/prensapaisa.com\\\/index.php\\\/author\\\/prensapaisagmail-com\\\/\"}]}<\/script>\n<!-- \/ Yoast SEO plugin. -->","yoast_head_json":{"title":"Fatal accidente de motociclistas deja un muerto y una mujer herida en Itag\u00fc\u00ed, Antioquia - PRENSA PAISA","robots":{"index":"index","follow":"follow","max-snippet":"max-snippet:-1","max-image-preview":"max-image-preview:large","max-video-preview":"max-video-preview:-1"},"canonical":"https:\/\/prensapaisa.com\/index.php\/2026\/04\/24\/fatal-accidente-de-motociclistas-deja-un-muerto-y-una-mujer-herida-en-itagui-antioquia\/","og_locale":"es_ES","og_type":"article","og_title":"Fatal accidente de motociclistas deja un muerto y una mujer herida en Itag\u00fc\u00ed, Antioquia - PRENSA PAISA","og_description":"Prensapaisa.com Un tr\u00e1gico accidente de tr\u00e1nsito ocurrido en la tarde-noche de este jueves 23 de abril dej\u00f3 como saldo la muerte de un motociclista y a su acompa\u00f1ante gravemente herida&hellip;","og_url":"https:\/\/prensapaisa.com\/index.php\/2026\/04\/24\/fatal-accidente-de-motociclistas-deja-un-muerto-y-una-mujer-herida-en-itagui-antioquia\/","og_site_name":"PRENSA PAISA","article_published_time":"2026-04-24T14:54:25+00:00","article_modified_time":"2026-04-24T14:54:26+00:00","og_image":[{"width":1200,"height":1600,"url":"https:\/\/prensapaisa.com\/wp-content\/uploads\/2026\/04\/677919281_1005862042008783_419310592690816760_n.jpg","type":"image\/jpeg"}],"author":"noticias@prensapaisa.com","twitter_card":"summary_large_image","twitter_misc":{"Escrito por":"noticias@prensapaisa.com","Tiempo de lectura":"3 minutos"},"schema":{"@context":"https:\/\/schema.org","@graph":[{"@type":"Article","@id":"https:\/\/prensapaisa.com\/index.php\/2026\/04\/24\/fatal-accidente-de-motociclistas-deja-un-muerto-y-una-mujer-herida-en-itagui-antioquia\/#article","isPartOf":{"@id":"https:\/\/prensapaisa.com\/index.php\/2026\/04\/24\/fatal-accidente-de-motociclistas-deja-un-muerto-y-una-mujer-herida-en-itagui-antioquia\/"},"author":{"name":"noticias@prensapaisa.com","@id":"https:\/\/prensapaisa.com\/#\/schema\/person\/c5899b8b285dbcd70faec88a7c1579f6"},"headline":"Fatal accidente de motociclistas deja un muerto y una mujer herida en Itag\u00fc\u00ed, Antioquia","datePublished":"2026-04-24T14:54:25+00:00","dateModified":"2026-04-24T14:54:26+00:00","mainEntityOfPage":{"@id":"https:\/\/prensapaisa.com\/index.php\/2026\/04\/24\/fatal-accidente-de-motociclistas-deja-un-muerto-y-una-mujer-herida-en-itagui-antioquia\/"},"wordCount":211,"publisher":{"@id":"https:\/\/prensapaisa.com\/#organization"},"image":{"@id":"https:\/\/prensapaisa.com\/index.php\/2026\/04\/24\/fatal-accidente-de-motociclistas-deja-un-muerto-y-una-mujer-herida-en-itagui-antioquia\/#primaryimage"},"thumbnailUrl":"https:\/\/prensapaisa.com\/wp-content\/uploads\/2026\/04\/677919281_1005862042008783_419310592690816760_n.jpg","articleSection":["Accidentes","Denuncias","Movilidad","Municipios","Noticias","Orden Publico","Redes Sociales"],"inLanguage":"es-CO"},{"@type":"WebPage","@id":"https:\/\/prensapaisa.com\/index.php\/2026\/04\/24\/fatal-accidente-de-motociclistas-deja-un-muerto-y-una-mujer-herida-en-itagui-antioquia\/","url":"https:\/\/prensapaisa.com\/index.php\/2026\/04\/24\/fatal-accidente-de-motociclistas-deja-un-muerto-y-una-mujer-herida-en-itagui-antioquia\/","name":"Fatal accidente de motociclistas deja un muerto y una mujer herida en Itag\u00fc\u00ed, Antioquia - PRENSA PAISA","isPartOf":{"@id":"https:\/\/prensapaisa.com\/#website"},"primaryImageOfPage":{"@id":"https:\/\/prensapaisa.com\/index.php\/2026\/04\/24\/fatal-accidente-de-motociclistas-deja-un-muerto-y-una-mujer-herida-en-itagui-antioquia\/#primaryimage"},"image":{"@id":"https:\/\/prensapaisa.com\/index.php\/2026\/04\/24\/fatal-accidente-de-motociclistas-deja-un-muerto-y-una-mujer-herida-en-itagui-antioquia\/#primaryimage"},"thumbnailUrl":"https:\/\/prensapaisa.com\/wp-content\/uploads\/2026\/04\/677919281_1005862042008783_419310592690816760_n.jpg","datePublished":"2026-04-24T14:54:25+00:00","dateModified":"2026-04-24T14:54:26+00:00","breadcrumb":{"@id":"https:\/\/prensapaisa.com\/index.php\/2026\/04\/24\/fatal-accidente-de-motociclistas-deja-un-muerto-y-una-mujer-herida-en-itagui-antioquia\/#breadcrumb"},"inLanguage":"es-CO","potentialAction":[{"@type":"ReadAction","target":["https:\/\/prensapaisa.com\/index.php\/2026\/04\/24\/fatal-accidente-de-motociclistas-deja-un-muerto-y-una-mujer-herida-en-itagui-antioquia\/"]}]},{"@type":"ImageObject","inLanguage":"es-CO","@id":"https:\/\/prensapaisa.com\/index.php\/2026\/04\/24\/fatal-accidente-de-motociclistas-deja-un-muerto-y-una-mujer-herida-en-itagui-antioquia\/#primaryimage","url":"https:\/\/prensapaisa.com\/wp-content\/uploads\/2026\/04\/677919281_1005862042008783_419310592690816760_n.jpg","contentUrl":"https:\/\/prensapaisa.com\/wp-content\/uploads\/2026\/04\/677919281_1005862042008783_419310592690816760_n.jpg","width":1200,"height":1600},{"@type":"BreadcrumbList","@id":"https:\/\/prensapaisa.com\/index.php\/2026\/04\/24\/fatal-accidente-de-motociclistas-deja-un-muerto-y-una-mujer-herida-en-itagui-antioquia\/#breadcrumb","itemListElement":[{"@type":"ListItem","position":1,"name":"Inicio","item":"https:\/\/prensapaisa.com\/"},{"@type":"ListItem","position":2,"name":"Fatal accidente de motociclistas deja un muerto y una mujer herida en Itag\u00fc\u00ed, Antioquia"}]},{"@type":"WebSite","@id":"https:\/\/prensapaisa.com\/#website","url":"https:\/\/prensapaisa.com\/","name":"PRENSA PAISA","description":"Prensa Paisa la Original | Noticias de Medell\u00edn, Antioquia","publisher":{"@id":"https:\/\/prensapaisa.com\/#organization"},"potentialAction":[{"@type":"SearchAction","target":{"@type":"EntryPoint","urlTemplate":"https:\/\/prensapaisa.com\/?s={search_term_string}"},"query-input":{"@type":"PropertyValueSpecification","valueRequired":true,"valueName":"search_term_string"}}],"inLanguage":"es-CO"},{"@type":"Organization","@id":"https:\/\/prensapaisa.com\/#organization","name":"PRENSA PAISA","url":"https:\/\/prensapaisa.com\/","logo":{"@type":"ImageObject","inLanguage":"es-CO","@id":"https:\/\/prensapaisa.com\/#\/schema\/logo\/image\/","url":"https:\/\/prensapaisa.com\/wp-content\/uploads\/2022\/05\/cropped-cropped-prensa.png","contentUrl":"https:\/\/prensapaisa.com\/wp-content\/uploads\/2022\/05\/cropped-cropped-prensa.png","width":784,"height":524,"caption":"PRENSA PAISA"},"image":{"@id":"https:\/\/prensapaisa.com\/#\/schema\/logo\/image\/"}},{"@type":"Person","@id":"https:\/\/prensapaisa.com\/#\/schema\/person\/c5899b8b285dbcd70faec88a7c1579f6","name":"noticias@prensapaisa.com","image":{"@type":"ImageObject","inLanguage":"es-CO","@id":"https:\/\/secure.gravatar.com\/avatar\/ca2b49c1df14b84557c567431f045ea69c8ea5da2da50309fd4de9b811da0433?s=96&d=mm&r=g","url":"https:\/\/secure.gravatar.com\/avatar\/ca2b49c1df14b84557c567431f045ea69c8ea5da2da50309fd4de9b811da0433?s=96&d=mm&r=g","contentUrl":"https:\/\/secure.gravatar.com\/avatar\/ca2b49c1df14b84557c567431f045ea69c8ea5da2da50309fd4de9b811da0433?s=96&d=mm&r=g","caption":"noticias@prensapaisa.com"},"sameAs":["http:\/\/prensapaisa.com"],"url":"https:\/\/prensapaisa.com\/index.php\/author\/prensapaisagmail-com\/"}]}},"_links":{"self":[{"href":"https:\/\/prensapaisa.com\/index.php\/wp-json\/wp\/v2\/posts\/16546","targetHints":{"allow":["GET"]}}],"collection":[{"href":"https:\/\/prensapaisa.com\/index.php\/wp-json\/wp\/v2\/posts"}],"about":[{"href":"https:\/\/prensapaisa.com\/index.php\/wp-json\/wp\/v2\/types\/post"}],"author":[{"embeddable":true,"href":"https:\/\/prensapaisa.com\/index.php\/wp-json\/wp\/v2\/users\/1"}],"replies":[{"embeddable":true,"href":"https:\/\/prensapaisa.com\/index.php\/wp-json\/wp\/v2\/comments?post=16546"}],"version-history":[{"count":1,"href":"https:\/\/prensapaisa.com\/index.php\/wp-json\/wp\/v2\/posts\/16546\/revisions"}],"predecessor-version":[{"id":16552,"href":"https:\/\/prensapaisa.com\/index.php\/wp-json\/wp\/v2\/posts\/16546\/revisions\/16552"}],"wp:featuredmedia":[{"embeddable":true,"href":"https:\/\/prensapaisa.com\/index.php\/wp-json\/wp\/v2\/media\/16549"}],"wp:attachment":[{"href":"https:\/\/prensapaisa.com\/index.php\/wp-json\/wp\/v2\/media?parent=16546"}],"wp:term":[{"taxonomy":"category","embeddable":true,"href":"https:\/\/prensapaisa.com\/index.php\/wp-json\/wp\/v2\/categories?post=16546"},{"taxonomy":"post_tag","embeddable":true,"href":"https:\/\/prensapaisa.com\/index.php\/wp-json\/wp\/v2\/tags?post=16546"}],"curies":[{"name":"wp","href":"https:\/\/api.w.org\/{rel}","templated":true}]}}