{"id":16418,"date":"2026-04-04T12:25:47","date_gmt":"2026-04-04T17:25:47","guid":{"rendered":"https:\/\/prensapaisa.com\/?p=16418"},"modified":"2026-04-04T12:25:48","modified_gmt":"2026-04-04T17:25:48","slug":"diluvio-en-manrique-medellin","status":"publish","type":"post","link":"https:\/\/prensapaisa.com\/index.php\/2026\/04\/04\/diluvio-en-manrique-medellin\/","title":{"rendered":"Diluvio en Manrique, Medell\u00edn"},"content":{"rendered":"\n<p><a href=\"https:\/\/prensapaisa.com\/?fbclid=IwZXh0bgNhZW0CMTAAYnJpZBExSGlGRmNxbmk0WUFBeXVoQXNydGMGYXBwX2lkEDIyMjAzOTE3ODgyMDA4OTIAAR6JN6MaqsRlAqFIah5vv0M_oKNlJVoAzigeRSgxLhZShf3krkolMNM0u4yYHQ_aem_UJW7t5c4MVyPT7Kki5fJbA\" rel=\"noreferrer noopener\" target=\"_blank\">Prensapaisa.com<\/a><\/p>\n\n\n\n<p>Un fuerte aguacero registrado en la tarde de este 3 de abril dej\u00f3 varias calles del barrio Manrique cubiertas de lodo, piedras, basura y escombros, generando afectaciones en la movilidad y preocupaci\u00f3n entre los habitantes del sector.<\/p>\n\n\n\n<p>La intensidad de las lluvias provoc\u00f3 el descenso de material desde las zonas altas, lo que ocasion\u00f3 la acumulaci\u00f3n de residuos en diferentes puntos del barrio. Algunas v\u00edas quedaron pr\u00e1cticamente intransitables por la cantidad de lodo y objetos arrastrados por el agua.<\/p>\n\n\n\n<p>Habitantes del sector se\u00f1alaron que la situaci\u00f3n se present\u00f3 en cuesti\u00f3n de minutos, cuando las calles se convirtieron en canales por donde descend\u00eda con fuerza el agua lluvia, llev\u00e1ndose a su paso desechos y fragmentos de terreno.<\/p>\n\n\n\n<p>Tras el cese de las precipitaciones, residentes comenzaron labores de limpieza frente a sus viviendas, mientras se espera la intervenci\u00f3n de las autoridades para remover el material y evaluar posibles afectaciones.<\/p>\n\n\n\n<p>Las autoridades hicieron un llamado a la ciudadan\u00eda a mantener la precauci\u00f3n, especialmente ante la posibilidad de nuevas lluvias en las pr\u00f3ximas horas.<\/p>\n\n\n\n<figure class=\"wp-block-image size-large\"><img fetchpriority=\"high\" decoding=\"async\" width=\"768\" height=\"1024\" src=\"https:\/\/prensapaisa.com\/wp-content\/uploads\/2026\/04\/660723946_990081740253480_7869245086818287851_n-768x1024.jpg\" alt=\"\" class=\"wp-image-16422\" srcset=\"https:\/\/prensapaisa.com\/wp-content\/uploads\/2026\/04\/660723946_990081740253480_7869245086818287851_n-768x1024.jpg 768w, https:\/\/prensapaisa.com\/wp-content\/uploads\/2026\/04\/660723946_990081740253480_7869245086818287851_n-225x300.jpg 225w, https:\/\/prensapaisa.com\/wp-content\/uploads\/2026\/04\/660723946_990081740253480_7869245086818287851_n-1152x1536.jpg 1152w, https:\/\/prensapaisa.com\/wp-content\/uploads\/2026\/04\/660723946_990081740253480_7869245086818287851_n-1170x1560.jpg 1170w, https:\/\/prensapaisa.com\/wp-content\/uploads\/2026\/04\/660723946_990081740253480_7869245086818287851_n-585x780.jpg 585w, https:\/\/prensapaisa.com\/wp-content\/uploads\/2026\/04\/660723946_990081740253480_7869245086818287851_n.jpg 1536w\" sizes=\"(max-width: 768px) 100vw, 768px\" \/><\/figure>\n\n\n\n<figure class=\"wp-block-image size-large\"><img decoding=\"async\" width=\"768\" height=\"1024\" src=\"https:\/\/prensapaisa.com\/wp-content\/uploads\/2026\/04\/660740488_990081590253495_6620581318257676194_n-768x1024.jpg\" alt=\"\" class=\"wp-image-16421\" srcset=\"https:\/\/prensapaisa.com\/wp-content\/uploads\/2026\/04\/660740488_990081590253495_6620581318257676194_n-768x1024.jpg 768w, https:\/\/prensapaisa.com\/wp-content\/uploads\/2026\/04\/660740488_990081590253495_6620581318257676194_n-225x300.jpg 225w, https:\/\/prensapaisa.com\/wp-content\/uploads\/2026\/04\/660740488_990081590253495_6620581318257676194_n-1152x1536.jpg 1152w, https:\/\/prensapaisa.com\/wp-content\/uploads\/2026\/04\/660740488_990081590253495_6620581318257676194_n-1170x1560.jpg 1170w, https:\/\/prensapaisa.com\/wp-content\/uploads\/2026\/04\/660740488_990081590253495_6620581318257676194_n-585x780.jpg 585w, https:\/\/prensapaisa.com\/wp-content\/uploads\/2026\/04\/660740488_990081590253495_6620581318257676194_n.jpg 1536w\" sizes=\"(max-width: 768px) 100vw, 768px\" \/><\/figure>\n\n\n\n<figure class=\"wp-block-image size-large\"><img decoding=\"async\" width=\"768\" height=\"1024\" src=\"https:\/\/prensapaisa.com\/wp-content\/uploads\/2026\/04\/660112836_990081670253487_3452917594122034234_n-768x1024.jpg\" alt=\"\" class=\"wp-image-16420\" srcset=\"https:\/\/prensapaisa.com\/wp-content\/uploads\/2026\/04\/660112836_990081670253487_3452917594122034234_n-768x1024.jpg 768w, https:\/\/prensapaisa.com\/wp-content\/uploads\/2026\/04\/660112836_990081670253487_3452917594122034234_n-225x300.jpg 225w, https:\/\/prensapaisa.com\/wp-content\/uploads\/2026\/04\/660112836_990081670253487_3452917594122034234_n-1152x1536.jpg 1152w, https:\/\/prensapaisa.com\/wp-content\/uploads\/2026\/04\/660112836_990081670253487_3452917594122034234_n-1170x1560.jpg 1170w, https:\/\/prensapaisa.com\/wp-content\/uploads\/2026\/04\/660112836_990081670253487_3452917594122034234_n-585x780.jpg 585w, https:\/\/prensapaisa.com\/wp-content\/uploads\/2026\/04\/660112836_990081670253487_3452917594122034234_n.jpg 1536w\" sizes=\"(max-width: 768px) 100vw, 768px\" \/><\/figure>\n\n\n\n<figure class=\"wp-block-image size-large\"><img loading=\"lazy\" decoding=\"async\" width=\"576\" height=\"1024\" src=\"https:\/\/prensapaisa.com\/wp-content\/uploads\/2026\/04\/659145666_990081476920173_4839690524694659907_n-576x1024.jpg\" alt=\"\" class=\"wp-image-16419\" srcset=\"https:\/\/prensapaisa.com\/wp-content\/uploads\/2026\/04\/659145666_990081476920173_4839690524694659907_n-576x1024.jpg 576w, https:\/\/prensapaisa.com\/wp-content\/uploads\/2026\/04\/659145666_990081476920173_4839690524694659907_n-169x300.jpg 169w, https:\/\/prensapaisa.com\/wp-content\/uploads\/2026\/04\/659145666_990081476920173_4839690524694659907_n-768x1365.jpg 768w, https:\/\/prensapaisa.com\/wp-content\/uploads\/2026\/04\/659145666_990081476920173_4839690524694659907_n-864x1536.jpg 864w, https:\/\/prensapaisa.com\/wp-content\/uploads\/2026\/04\/659145666_990081476920173_4839690524694659907_n-585x1040.jpg 585w, https:\/\/prensapaisa.com\/wp-content\/uploads\/2026\/04\/659145666_990081476920173_4839690524694659907_n.jpg 1152w\" sizes=\"(max-width: 576px) 100vw, 576px\" \/><\/figure>\n\n\n\n<figure class=\"wp-block-image size-large\"><img loading=\"lazy\" decoding=\"async\" width=\"461\" height=\"1024\" src=\"https:\/\/prensapaisa.com\/wp-content\/uploads\/2026\/04\/660478996_990080886920232_7909143614710549144_n-461x1024.jpg\" alt=\"\" class=\"wp-image-16423\" srcset=\"https:\/\/prensapaisa.com\/wp-content\/uploads\/2026\/04\/660478996_990080886920232_7909143614710549144_n-461x1024.jpg 461w, https:\/\/prensapaisa.com\/wp-content\/uploads\/2026\/04\/660478996_990080886920232_7909143614710549144_n-135x300.jpg 135w, https:\/\/prensapaisa.com\/wp-content\/uploads\/2026\/04\/660478996_990080886920232_7909143614710549144_n-585x1300.jpg 585w, https:\/\/prensapaisa.com\/wp-content\/uploads\/2026\/04\/660478996_990080886920232_7909143614710549144_n.jpg 640w\" sizes=\"(max-width: 461px) 100vw, 461px\" \/><\/figure>\n","protected":false},"excerpt":{"rendered":"<p>Prensapaisa.com Un fuerte aguacero registrado en la tarde de este 3 de abril dej\u00f3 varias calles del barrio Manrique cubiertas de lodo, piedras, basura y escombros, generando afectaciones en la&hellip;<\/p>\n","protected":false},"author":1,"featured_media":16420,"comment_status":"closed","ping_status":"open","sticky":false,"template":"","format":"standard","meta":{"footnotes":""},"categories":[50,43,44,16,1,47,46],"tags":[],"class_list":["post-16418","post","type-post","status-publish","format-standard","has-post-thumbnail","hentry","category-denuncias","category-fallecidos","category-movilidad","category-municipios","category-noticias","category-orden-publico","category-redes-sociales"],"yoast_head":"<!-- This site is optimized with the Yoast SEO plugin v27.5 - https:\/\/yoast.com\/product\/yoast-seo-wordpress\/ -->\n<title>Diluvio en Manrique, Medell\u00edn - PRENSA PAISA<\/title>\n<meta name=\"robots\" content=\"index, follow, max-snippet:-1, max-image-preview:large, max-video-preview:-1\" \/>\n<link rel=\"canonical\" href=\"https:\/\/prensapaisa.com\/index.php\/2026\/04\/04\/diluvio-en-manrique-medellin\/\" \/>\n<meta property=\"og:locale\" content=\"es_ES\" \/>\n<meta property=\"og:type\" content=\"article\" \/>\n<meta property=\"og:title\" content=\"Diluvio en Manrique, Medell\u00edn - PRENSA PAISA\" \/>\n<meta property=\"og:description\" content=\"Prensapaisa.com Un fuerte aguacero registrado en la tarde de este 3 de abril dej\u00f3 varias calles del barrio Manrique cubiertas de lodo, piedras, basura y escombros, generando afectaciones en la&hellip;\" \/>\n<meta property=\"og:url\" content=\"https:\/\/prensapaisa.com\/index.php\/2026\/04\/04\/diluvio-en-manrique-medellin\/\" \/>\n<meta property=\"og:site_name\" content=\"PRENSA PAISA\" \/>\n<meta property=\"article:published_time\" content=\"2026-04-04T17:25:47+00:00\" \/>\n<meta property=\"article:modified_time\" content=\"2026-04-04T17:25:48+00:00\" \/>\n<meta property=\"og:image\" content=\"https:\/\/prensapaisa.com\/wp-content\/uploads\/2026\/04\/660112836_990081670253487_3452917594122034234_n.jpg\" \/>\n\t<meta property=\"og:image:width\" content=\"1536\" \/>\n\t<meta property=\"og:image:height\" content=\"2048\" \/>\n\t<meta property=\"og:image:type\" content=\"image\/jpeg\" \/>\n<meta name=\"author\" content=\"noticias@prensapaisa.com\" \/>\n<meta name=\"twitter:card\" content=\"summary_large_image\" \/>\n<meta name=\"twitter:label1\" content=\"Escrito por\" \/>\n\t<meta name=\"twitter:data1\" content=\"noticias@prensapaisa.com\" \/>\n\t<meta name=\"twitter:label2\" content=\"Tiempo de lectura\" \/>\n\t<meta name=\"twitter:data2\" content=\"2 minutos\" \/>\n<script type=\"application\/ld+json\" class=\"yoast-schema-graph\">{\"@context\":\"https:\\\/\\\/schema.org\",\"@graph\":[{\"@type\":\"Article\",\"@id\":\"https:\\\/\\\/prensapaisa.com\\\/index.php\\\/2026\\\/04\\\/04\\\/diluvio-en-manrique-medellin\\\/#article\",\"isPartOf\":{\"@id\":\"https:\\\/\\\/prensapaisa.com\\\/index.php\\\/2026\\\/04\\\/04\\\/diluvio-en-manrique-medellin\\\/\"},\"author\":{\"name\":\"noticias@prensapaisa.com\",\"@id\":\"https:\\\/\\\/prensapaisa.com\\\/#\\\/schema\\\/person\\\/c5899b8b285dbcd70faec88a7c1579f6\"},\"headline\":\"Diluvio en Manrique, Medell\u00edn\",\"datePublished\":\"2026-04-04T17:25:47+00:00\",\"dateModified\":\"2026-04-04T17:25:48+00:00\",\"mainEntityOfPage\":{\"@id\":\"https:\\\/\\\/prensapaisa.com\\\/index.php\\\/2026\\\/04\\\/04\\\/diluvio-en-manrique-medellin\\\/\"},\"wordCount\":189,\"publisher\":{\"@id\":\"https:\\\/\\\/prensapaisa.com\\\/#organization\"},\"image\":{\"@id\":\"https:\\\/\\\/prensapaisa.com\\\/index.php\\\/2026\\\/04\\\/04\\\/diluvio-en-manrique-medellin\\\/#primaryimage\"},\"thumbnailUrl\":\"https:\\\/\\\/prensapaisa.com\\\/wp-content\\\/uploads\\\/2026\\\/04\\\/660112836_990081670253487_3452917594122034234_n.jpg\",\"articleSection\":[\"Denuncias\",\"Fallecidos\",\"Movilidad\",\"Municipios\",\"Noticias\",\"Orden Publico\",\"Redes Sociales\"],\"inLanguage\":\"es-CO\"},{\"@type\":\"WebPage\",\"@id\":\"https:\\\/\\\/prensapaisa.com\\\/index.php\\\/2026\\\/04\\\/04\\\/diluvio-en-manrique-medellin\\\/\",\"url\":\"https:\\\/\\\/prensapaisa.com\\\/index.php\\\/2026\\\/04\\\/04\\\/diluvio-en-manrique-medellin\\\/\",\"name\":\"Diluvio en Manrique, Medell\u00edn - PRENSA PAISA\",\"isPartOf\":{\"@id\":\"https:\\\/\\\/prensapaisa.com\\\/#website\"},\"primaryImageOfPage\":{\"@id\":\"https:\\\/\\\/prensapaisa.com\\\/index.php\\\/2026\\\/04\\\/04\\\/diluvio-en-manrique-medellin\\\/#primaryimage\"},\"image\":{\"@id\":\"https:\\\/\\\/prensapaisa.com\\\/index.php\\\/2026\\\/04\\\/04\\\/diluvio-en-manrique-medellin\\\/#primaryimage\"},\"thumbnailUrl\":\"https:\\\/\\\/prensapaisa.com\\\/wp-content\\\/uploads\\\/2026\\\/04\\\/660112836_990081670253487_3452917594122034234_n.jpg\",\"datePublished\":\"2026-04-04T17:25:47+00:00\",\"dateModified\":\"2026-04-04T17:25:48+00:00\",\"breadcrumb\":{\"@id\":\"https:\\\/\\\/prensapaisa.com\\\/index.php\\\/2026\\\/04\\\/04\\\/diluvio-en-manrique-medellin\\\/#breadcrumb\"},\"inLanguage\":\"es-CO\",\"potentialAction\":[{\"@type\":\"ReadAction\",\"target\":[\"https:\\\/\\\/prensapaisa.com\\\/index.php\\\/2026\\\/04\\\/04\\\/diluvio-en-manrique-medellin\\\/\"]}]},{\"@type\":\"ImageObject\",\"inLanguage\":\"es-CO\",\"@id\":\"https:\\\/\\\/prensapaisa.com\\\/index.php\\\/2026\\\/04\\\/04\\\/diluvio-en-manrique-medellin\\\/#primaryimage\",\"url\":\"https:\\\/\\\/prensapaisa.com\\\/wp-content\\\/uploads\\\/2026\\\/04\\\/660112836_990081670253487_3452917594122034234_n.jpg\",\"contentUrl\":\"https:\\\/\\\/prensapaisa.com\\\/wp-content\\\/uploads\\\/2026\\\/04\\\/660112836_990081670253487_3452917594122034234_n.jpg\",\"width\":1536,\"height\":2048},{\"@type\":\"BreadcrumbList\",\"@id\":\"https:\\\/\\\/prensapaisa.com\\\/index.php\\\/2026\\\/04\\\/04\\\/diluvio-en-manrique-medellin\\\/#breadcrumb\",\"itemListElement\":[{\"@type\":\"ListItem\",\"position\":1,\"name\":\"Inicio\",\"item\":\"https:\\\/\\\/prensapaisa.com\\\/\"},{\"@type\":\"ListItem\",\"position\":2,\"name\":\"Diluvio en Manrique, Medell\u00edn\"}]},{\"@type\":\"WebSite\",\"@id\":\"https:\\\/\\\/prensapaisa.com\\\/#website\",\"url\":\"https:\\\/\\\/prensapaisa.com\\\/\",\"name\":\"PRENSA PAISA\",\"description\":\"Prensa Paisa la Original | Noticias de Medell\u00edn, Antioquia\",\"publisher\":{\"@id\":\"https:\\\/\\\/prensapaisa.com\\\/#organization\"},\"potentialAction\":[{\"@type\":\"SearchAction\",\"target\":{\"@type\":\"EntryPoint\",\"urlTemplate\":\"https:\\\/\\\/prensapaisa.com\\\/?s={search_term_string}\"},\"query-input\":{\"@type\":\"PropertyValueSpecification\",\"valueRequired\":true,\"valueName\":\"search_term_string\"}}],\"inLanguage\":\"es-CO\"},{\"@type\":\"Organization\",\"@id\":\"https:\\\/\\\/prensapaisa.com\\\/#organization\",\"name\":\"PRENSA PAISA\",\"url\":\"https:\\\/\\\/prensapaisa.com\\\/\",\"logo\":{\"@type\":\"ImageObject\",\"inLanguage\":\"es-CO\",\"@id\":\"https:\\\/\\\/prensapaisa.com\\\/#\\\/schema\\\/logo\\\/image\\\/\",\"url\":\"https:\\\/\\\/prensapaisa.com\\\/wp-content\\\/uploads\\\/2022\\\/05\\\/cropped-cropped-prensa.png\",\"contentUrl\":\"https:\\\/\\\/prensapaisa.com\\\/wp-content\\\/uploads\\\/2022\\\/05\\\/cropped-cropped-prensa.png\",\"width\":784,\"height\":524,\"caption\":\"PRENSA PAISA\"},\"image\":{\"@id\":\"https:\\\/\\\/prensapaisa.com\\\/#\\\/schema\\\/logo\\\/image\\\/\"}},{\"@type\":\"Person\",\"@id\":\"https:\\\/\\\/prensapaisa.com\\\/#\\\/schema\\\/person\\\/c5899b8b285dbcd70faec88a7c1579f6\",\"name\":\"noticias@prensapaisa.com\",\"image\":{\"@type\":\"ImageObject\",\"inLanguage\":\"es-CO\",\"@id\":\"https:\\\/\\\/secure.gravatar.com\\\/avatar\\\/ca2b49c1df14b84557c567431f045ea69c8ea5da2da50309fd4de9b811da0433?s=96&d=mm&r=g\",\"url\":\"https:\\\/\\\/secure.gravatar.com\\\/avatar\\\/ca2b49c1df14b84557c567431f045ea69c8ea5da2da50309fd4de9b811da0433?s=96&d=mm&r=g\",\"contentUrl\":\"https:\\\/\\\/secure.gravatar.com\\\/avatar\\\/ca2b49c1df14b84557c567431f045ea69c8ea5da2da50309fd4de9b811da0433?s=96&d=mm&r=g\",\"caption\":\"noticias@prensapaisa.com\"},\"sameAs\":[\"http:\\\/\\\/prensapaisa.com\"],\"url\":\"https:\\\/\\\/prensapaisa.com\\\/index.php\\\/author\\\/prensapaisagmail-com\\\/\"}]}<\/script>\n<!-- \/ Yoast SEO plugin. -->","yoast_head_json":{"title":"Diluvio en Manrique, Medell\u00edn - PRENSA PAISA","robots":{"index":"index","follow":"follow","max-snippet":"max-snippet:-1","max-image-preview":"max-image-preview:large","max-video-preview":"max-video-preview:-1"},"canonical":"https:\/\/prensapaisa.com\/index.php\/2026\/04\/04\/diluvio-en-manrique-medellin\/","og_locale":"es_ES","og_type":"article","og_title":"Diluvio en Manrique, Medell\u00edn - PRENSA PAISA","og_description":"Prensapaisa.com Un fuerte aguacero registrado en la tarde de este 3 de abril dej\u00f3 varias calles del barrio Manrique cubiertas de lodo, piedras, basura y escombros, generando afectaciones en la&hellip;","og_url":"https:\/\/prensapaisa.com\/index.php\/2026\/04\/04\/diluvio-en-manrique-medellin\/","og_site_name":"PRENSA PAISA","article_published_time":"2026-04-04T17:25:47+00:00","article_modified_time":"2026-04-04T17:25:48+00:00","og_image":[{"width":1536,"height":2048,"url":"https:\/\/prensapaisa.com\/wp-content\/uploads\/2026\/04\/660112836_990081670253487_3452917594122034234_n.jpg","type":"image\/jpeg"}],"author":"noticias@prensapaisa.com","twitter_card":"summary_large_image","twitter_misc":{"Escrito por":"noticias@prensapaisa.com","Tiempo de lectura":"2 minutos"},"schema":{"@context":"https:\/\/schema.org","@graph":[{"@type":"Article","@id":"https:\/\/prensapaisa.com\/index.php\/2026\/04\/04\/diluvio-en-manrique-medellin\/#article","isPartOf":{"@id":"https:\/\/prensapaisa.com\/index.php\/2026\/04\/04\/diluvio-en-manrique-medellin\/"},"author":{"name":"noticias@prensapaisa.com","@id":"https:\/\/prensapaisa.com\/#\/schema\/person\/c5899b8b285dbcd70faec88a7c1579f6"},"headline":"Diluvio en Manrique, Medell\u00edn","datePublished":"2026-04-04T17:25:47+00:00","dateModified":"2026-04-04T17:25:48+00:00","mainEntityOfPage":{"@id":"https:\/\/prensapaisa.com\/index.php\/2026\/04\/04\/diluvio-en-manrique-medellin\/"},"wordCount":189,"publisher":{"@id":"https:\/\/prensapaisa.com\/#organization"},"image":{"@id":"https:\/\/prensapaisa.com\/index.php\/2026\/04\/04\/diluvio-en-manrique-medellin\/#primaryimage"},"thumbnailUrl":"https:\/\/prensapaisa.com\/wp-content\/uploads\/2026\/04\/660112836_990081670253487_3452917594122034234_n.jpg","articleSection":["Denuncias","Fallecidos","Movilidad","Municipios","Noticias","Orden Publico","Redes Sociales"],"inLanguage":"es-CO"},{"@type":"WebPage","@id":"https:\/\/prensapaisa.com\/index.php\/2026\/04\/04\/diluvio-en-manrique-medellin\/","url":"https:\/\/prensapaisa.com\/index.php\/2026\/04\/04\/diluvio-en-manrique-medellin\/","name":"Diluvio en Manrique, Medell\u00edn - PRENSA PAISA","isPartOf":{"@id":"https:\/\/prensapaisa.com\/#website"},"primaryImageOfPage":{"@id":"https:\/\/prensapaisa.com\/index.php\/2026\/04\/04\/diluvio-en-manrique-medellin\/#primaryimage"},"image":{"@id":"https:\/\/prensapaisa.com\/index.php\/2026\/04\/04\/diluvio-en-manrique-medellin\/#primaryimage"},"thumbnailUrl":"https:\/\/prensapaisa.com\/wp-content\/uploads\/2026\/04\/660112836_990081670253487_3452917594122034234_n.jpg","datePublished":"2026-04-04T17:25:47+00:00","dateModified":"2026-04-04T17:25:48+00:00","breadcrumb":{"@id":"https:\/\/prensapaisa.com\/index.php\/2026\/04\/04\/diluvio-en-manrique-medellin\/#breadcrumb"},"inLanguage":"es-CO","potentialAction":[{"@type":"ReadAction","target":["https:\/\/prensapaisa.com\/index.php\/2026\/04\/04\/diluvio-en-manrique-medellin\/"]}]},{"@type":"ImageObject","inLanguage":"es-CO","@id":"https:\/\/prensapaisa.com\/index.php\/2026\/04\/04\/diluvio-en-manrique-medellin\/#primaryimage","url":"https:\/\/prensapaisa.com\/wp-content\/uploads\/2026\/04\/660112836_990081670253487_3452917594122034234_n.jpg","contentUrl":"https:\/\/prensapaisa.com\/wp-content\/uploads\/2026\/04\/660112836_990081670253487_3452917594122034234_n.jpg","width":1536,"height":2048},{"@type":"BreadcrumbList","@id":"https:\/\/prensapaisa.com\/index.php\/2026\/04\/04\/diluvio-en-manrique-medellin\/#breadcrumb","itemListElement":[{"@type":"ListItem","position":1,"name":"Inicio","item":"https:\/\/prensapaisa.com\/"},{"@type":"ListItem","position":2,"name":"Diluvio en Manrique, Medell\u00edn"}]},{"@type":"WebSite","@id":"https:\/\/prensapaisa.com\/#website","url":"https:\/\/prensapaisa.com\/","name":"PRENSA PAISA","description":"Prensa Paisa la Original | Noticias de Medell\u00edn, Antioquia","publisher":{"@id":"https:\/\/prensapaisa.com\/#organization"},"potentialAction":[{"@type":"SearchAction","target":{"@type":"EntryPoint","urlTemplate":"https:\/\/prensapaisa.com\/?s={search_term_string}"},"query-input":{"@type":"PropertyValueSpecification","valueRequired":true,"valueName":"search_term_string"}}],"inLanguage":"es-CO"},{"@type":"Organization","@id":"https:\/\/prensapaisa.com\/#organization","name":"PRENSA PAISA","url":"https:\/\/prensapaisa.com\/","logo":{"@type":"ImageObject","inLanguage":"es-CO","@id":"https:\/\/prensapaisa.com\/#\/schema\/logo\/image\/","url":"https:\/\/prensapaisa.com\/wp-content\/uploads\/2022\/05\/cropped-cropped-prensa.png","contentUrl":"https:\/\/prensapaisa.com\/wp-content\/uploads\/2022\/05\/cropped-cropped-prensa.png","width":784,"height":524,"caption":"PRENSA PAISA"},"image":{"@id":"https:\/\/prensapaisa.com\/#\/schema\/logo\/image\/"}},{"@type":"Person","@id":"https:\/\/prensapaisa.com\/#\/schema\/person\/c5899b8b285dbcd70faec88a7c1579f6","name":"noticias@prensapaisa.com","image":{"@type":"ImageObject","inLanguage":"es-CO","@id":"https:\/\/secure.gravatar.com\/avatar\/ca2b49c1df14b84557c567431f045ea69c8ea5da2da50309fd4de9b811da0433?s=96&d=mm&r=g","url":"https:\/\/secure.gravatar.com\/avatar\/ca2b49c1df14b84557c567431f045ea69c8ea5da2da50309fd4de9b811da0433?s=96&d=mm&r=g","contentUrl":"https:\/\/secure.gravatar.com\/avatar\/ca2b49c1df14b84557c567431f045ea69c8ea5da2da50309fd4de9b811da0433?s=96&d=mm&r=g","caption":"noticias@prensapaisa.com"},"sameAs":["http:\/\/prensapaisa.com"],"url":"https:\/\/prensapaisa.com\/index.php\/author\/prensapaisagmail-com\/"}]}},"_links":{"self":[{"href":"https:\/\/prensapaisa.com\/index.php\/wp-json\/wp\/v2\/posts\/16418","targetHints":{"allow":["GET"]}}],"collection":[{"href":"https:\/\/prensapaisa.com\/index.php\/wp-json\/wp\/v2\/posts"}],"about":[{"href":"https:\/\/prensapaisa.com\/index.php\/wp-json\/wp\/v2\/types\/post"}],"author":[{"embeddable":true,"href":"https:\/\/prensapaisa.com\/index.php\/wp-json\/wp\/v2\/users\/1"}],"replies":[{"embeddable":true,"href":"https:\/\/prensapaisa.com\/index.php\/wp-json\/wp\/v2\/comments?post=16418"}],"version-history":[{"count":1,"href":"https:\/\/prensapaisa.com\/index.php\/wp-json\/wp\/v2\/posts\/16418\/revisions"}],"predecessor-version":[{"id":16424,"href":"https:\/\/prensapaisa.com\/index.php\/wp-json\/wp\/v2\/posts\/16418\/revisions\/16424"}],"wp:featuredmedia":[{"embeddable":true,"href":"https:\/\/prensapaisa.com\/index.php\/wp-json\/wp\/v2\/media\/16420"}],"wp:attachment":[{"href":"https:\/\/prensapaisa.com\/index.php\/wp-json\/wp\/v2\/media?parent=16418"}],"wp:term":[{"taxonomy":"category","embeddable":true,"href":"https:\/\/prensapaisa.com\/index.php\/wp-json\/wp\/v2\/categories?post=16418"},{"taxonomy":"post_tag","embeddable":true,"href":"https:\/\/prensapaisa.com\/index.php\/wp-json\/wp\/v2\/tags?post=16418"}],"curies":[{"name":"wp","href":"https:\/\/api.w.org\/{rel}","templated":true}]}}