{"id":16410,"date":"2026-04-04T12:08:01","date_gmt":"2026-04-04T17:08:01","guid":{"rendered":"https:\/\/prensapaisa.com\/?p=16410"},"modified":"2026-04-04T12:08:02","modified_gmt":"2026-04-04T17:08:02","slug":"explosion-en-briceno-antioquia-deja-un-policia-herido-durante-el-viernes-santo","status":"publish","type":"post","link":"https:\/\/prensapaisa.com\/index.php\/2026\/04\/04\/explosion-en-briceno-antioquia-deja-un-policia-herido-durante-el-viernes-santo\/","title":{"rendered":"Explosi\u00f3n en Brice\u00f1o, Antioquia, deja un polic\u00eda herido durante el Viernes Santo"},"content":{"rendered":"\n<p>Prensapaisa.clm<\/p>\n\n\n\n<p>Un ataque con explosivos se registr\u00f3 este Viernes Santo en el municipio de Brice\u00f1o, donde una carga deton\u00f3 en la zona urbana, dejando como saldo un miembro de la Polic\u00eda Nacional herido.<\/p>\n\n\n\n<p>De acuerdo con los reportes preliminares, el uniformado fue atendido de inmediato y se encuentra fuera de peligro.<\/p>\n\n\n\n<p>Las autoridades atribuyen el hecho a la presencia de grupos armados ilegales en la regi\u00f3n, entre ellos el Clan del Golfo y disidencias de las FARC, espec\u00edficamente estructuras vinculadas al denominado frente 36.<\/p>\n\n\n\n<p>Brice\u00f1o hab\u00eda sido se\u00f1alado en a\u00f1os anteriores como un territorio que logr\u00f3 avances en la erradicaci\u00f3n de cultivos il\u00edcitos y la reducci\u00f3n de minas antipersona. Sin embargo, recientes hechos de violencia evidencian el resurgimiento de actividades criminales en la zona.<\/p>\n\n\n\n<p>El gobierno del presidente Gustavo Petro ha impulsado la pol\u00edtica de \u201cpaz total\u201d, la cual ha generado diversas reacciones frente a la persistencia de grupos armados en distintas regiones del pa\u00eds.<\/p>\n\n\n\n<p>Las autoridades contin\u00faan con operativos para garantizar la seguridad en el municipio y esclarecer lo ocurrido.<\/p>\n\n\n\n<figure class=\"wp-block-image size-large\"><img fetchpriority=\"high\" decoding=\"async\" width=\"576\" height=\"1024\" src=\"https:\/\/prensapaisa.com\/wp-content\/uploads\/2026\/04\/662243700_990432780218376_3849497689990673938_n-576x1024.jpg\" alt=\"\" class=\"wp-image-16412\" srcset=\"https:\/\/prensapaisa.com\/wp-content\/uploads\/2026\/04\/662243700_990432780218376_3849497689990673938_n-576x1024.jpg 576w, https:\/\/prensapaisa.com\/wp-content\/uploads\/2026\/04\/662243700_990432780218376_3849497689990673938_n-169x300.jpg 169w, https:\/\/prensapaisa.com\/wp-content\/uploads\/2026\/04\/662243700_990432780218376_3849497689990673938_n-585x1040.jpg 585w, https:\/\/prensapaisa.com\/wp-content\/uploads\/2026\/04\/662243700_990432780218376_3849497689990673938_n.jpg 720w\" sizes=\"(max-width: 576px) 100vw, 576px\" \/><\/figure>\n\n\n\n<figure class=\"wp-block-image size-large\"><img decoding=\"async\" width=\"576\" height=\"1024\" src=\"https:\/\/prensapaisa.com\/wp-content\/uploads\/2026\/04\/660446069_990432773551710_2627545560428180655_n-576x1024.jpg\" alt=\"\" class=\"wp-image-16411\" srcset=\"https:\/\/prensapaisa.com\/wp-content\/uploads\/2026\/04\/660446069_990432773551710_2627545560428180655_n-576x1024.jpg 576w, https:\/\/prensapaisa.com\/wp-content\/uploads\/2026\/04\/660446069_990432773551710_2627545560428180655_n-169x300.jpg 169w, https:\/\/prensapaisa.com\/wp-content\/uploads\/2026\/04\/660446069_990432773551710_2627545560428180655_n-585x1040.jpg 585w, https:\/\/prensapaisa.com\/wp-content\/uploads\/2026\/04\/660446069_990432773551710_2627545560428180655_n.jpg 720w\" sizes=\"(max-width: 576px) 100vw, 576px\" \/><\/figure>\n","protected":false},"excerpt":{"rendered":"<p>Prensapaisa.clm Un ataque con explosivos se registr\u00f3 este Viernes Santo en el municipio de Brice\u00f1o, donde una carga deton\u00f3 en la zona urbana, dejando como saldo un miembro de la&hellip;<\/p>\n","protected":false},"author":1,"featured_media":16411,"comment_status":"closed","ping_status":"open","sticky":false,"template":"","format":"standard","meta":{"footnotes":""},"categories":[50,16,1,47,46],"tags":[],"class_list":["post-16410","post","type-post","status-publish","format-standard","has-post-thumbnail","hentry","category-denuncias","category-municipios","category-noticias","category-orden-publico","category-redes-sociales"],"yoast_head":"<!-- This site is optimized with the Yoast SEO plugin v27.5 - https:\/\/yoast.com\/product\/yoast-seo-wordpress\/ -->\n<title>Explosi\u00f3n en Brice\u00f1o, Antioquia, deja un polic\u00eda herido durante el Viernes Santo - PRENSA PAISA<\/title>\n<meta name=\"robots\" content=\"index, follow, max-snippet:-1, max-image-preview:large, max-video-preview:-1\" \/>\n<link rel=\"canonical\" href=\"https:\/\/prensapaisa.com\/index.php\/2026\/04\/04\/explosion-en-briceno-antioquia-deja-un-policia-herido-durante-el-viernes-santo\/\" \/>\n<meta property=\"og:locale\" content=\"es_ES\" \/>\n<meta property=\"og:type\" content=\"article\" \/>\n<meta property=\"og:title\" content=\"Explosi\u00f3n en Brice\u00f1o, Antioquia, deja un polic\u00eda herido durante el Viernes Santo - PRENSA PAISA\" \/>\n<meta property=\"og:description\" content=\"Prensapaisa.clm Un ataque con explosivos se registr\u00f3 este Viernes Santo en el municipio de Brice\u00f1o, donde una carga deton\u00f3 en la zona urbana, dejando como saldo un miembro de la&hellip;\" \/>\n<meta property=\"og:url\" content=\"https:\/\/prensapaisa.com\/index.php\/2026\/04\/04\/explosion-en-briceno-antioquia-deja-un-policia-herido-durante-el-viernes-santo\/\" \/>\n<meta property=\"og:site_name\" content=\"PRENSA PAISA\" \/>\n<meta property=\"article:published_time\" content=\"2026-04-04T17:08:01+00:00\" \/>\n<meta property=\"article:modified_time\" content=\"2026-04-04T17:08:02+00:00\" \/>\n<meta property=\"og:image\" content=\"https:\/\/prensapaisa.com\/wp-content\/uploads\/2026\/04\/660446069_990432773551710_2627545560428180655_n.jpg\" \/>\n\t<meta property=\"og:image:width\" content=\"720\" \/>\n\t<meta property=\"og:image:height\" content=\"1280\" \/>\n\t<meta property=\"og:image:type\" content=\"image\/jpeg\" \/>\n<meta name=\"author\" content=\"noticias@prensapaisa.com\" \/>\n<meta name=\"twitter:card\" content=\"summary_large_image\" \/>\n<meta name=\"twitter:label1\" content=\"Escrito por\" \/>\n\t<meta name=\"twitter:data1\" content=\"noticias@prensapaisa.com\" \/>\n\t<meta name=\"twitter:label2\" content=\"Tiempo de lectura\" \/>\n\t<meta name=\"twitter:data2\" content=\"2 minutos\" \/>\n<script type=\"application\/ld+json\" class=\"yoast-schema-graph\">{\"@context\":\"https:\\\/\\\/schema.org\",\"@graph\":[{\"@type\":\"Article\",\"@id\":\"https:\\\/\\\/prensapaisa.com\\\/index.php\\\/2026\\\/04\\\/04\\\/explosion-en-briceno-antioquia-deja-un-policia-herido-durante-el-viernes-santo\\\/#article\",\"isPartOf\":{\"@id\":\"https:\\\/\\\/prensapaisa.com\\\/index.php\\\/2026\\\/04\\\/04\\\/explosion-en-briceno-antioquia-deja-un-policia-herido-durante-el-viernes-santo\\\/\"},\"author\":{\"name\":\"noticias@prensapaisa.com\",\"@id\":\"https:\\\/\\\/prensapaisa.com\\\/#\\\/schema\\\/person\\\/c5899b8b285dbcd70faec88a7c1579f6\"},\"headline\":\"Explosi\u00f3n en Brice\u00f1o, Antioquia, deja un polic\u00eda herido durante el Viernes Santo\",\"datePublished\":\"2026-04-04T17:08:01+00:00\",\"dateModified\":\"2026-04-04T17:08:02+00:00\",\"mainEntityOfPage\":{\"@id\":\"https:\\\/\\\/prensapaisa.com\\\/index.php\\\/2026\\\/04\\\/04\\\/explosion-en-briceno-antioquia-deja-un-policia-herido-durante-el-viernes-santo\\\/\"},\"wordCount\":200,\"publisher\":{\"@id\":\"https:\\\/\\\/prensapaisa.com\\\/#organization\"},\"image\":{\"@id\":\"https:\\\/\\\/prensapaisa.com\\\/index.php\\\/2026\\\/04\\\/04\\\/explosion-en-briceno-antioquia-deja-un-policia-herido-durante-el-viernes-santo\\\/#primaryimage\"},\"thumbnailUrl\":\"https:\\\/\\\/prensapaisa.com\\\/wp-content\\\/uploads\\\/2026\\\/04\\\/660446069_990432773551710_2627545560428180655_n.jpg\",\"articleSection\":[\"Denuncias\",\"Municipios\",\"Noticias\",\"Orden Publico\",\"Redes Sociales\"],\"inLanguage\":\"es-CO\"},{\"@type\":\"WebPage\",\"@id\":\"https:\\\/\\\/prensapaisa.com\\\/index.php\\\/2026\\\/04\\\/04\\\/explosion-en-briceno-antioquia-deja-un-policia-herido-durante-el-viernes-santo\\\/\",\"url\":\"https:\\\/\\\/prensapaisa.com\\\/index.php\\\/2026\\\/04\\\/04\\\/explosion-en-briceno-antioquia-deja-un-policia-herido-durante-el-viernes-santo\\\/\",\"name\":\"Explosi\u00f3n en Brice\u00f1o, Antioquia, deja un polic\u00eda herido durante el Viernes Santo - PRENSA PAISA\",\"isPartOf\":{\"@id\":\"https:\\\/\\\/prensapaisa.com\\\/#website\"},\"primaryImageOfPage\":{\"@id\":\"https:\\\/\\\/prensapaisa.com\\\/index.php\\\/2026\\\/04\\\/04\\\/explosion-en-briceno-antioquia-deja-un-policia-herido-durante-el-viernes-santo\\\/#primaryimage\"},\"image\":{\"@id\":\"https:\\\/\\\/prensapaisa.com\\\/index.php\\\/2026\\\/04\\\/04\\\/explosion-en-briceno-antioquia-deja-un-policia-herido-durante-el-viernes-santo\\\/#primaryimage\"},\"thumbnailUrl\":\"https:\\\/\\\/prensapaisa.com\\\/wp-content\\\/uploads\\\/2026\\\/04\\\/660446069_990432773551710_2627545560428180655_n.jpg\",\"datePublished\":\"2026-04-04T17:08:01+00:00\",\"dateModified\":\"2026-04-04T17:08:02+00:00\",\"breadcrumb\":{\"@id\":\"https:\\\/\\\/prensapaisa.com\\\/index.php\\\/2026\\\/04\\\/04\\\/explosion-en-briceno-antioquia-deja-un-policia-herido-durante-el-viernes-santo\\\/#breadcrumb\"},\"inLanguage\":\"es-CO\",\"potentialAction\":[{\"@type\":\"ReadAction\",\"target\":[\"https:\\\/\\\/prensapaisa.com\\\/index.php\\\/2026\\\/04\\\/04\\\/explosion-en-briceno-antioquia-deja-un-policia-herido-durante-el-viernes-santo\\\/\"]}]},{\"@type\":\"ImageObject\",\"inLanguage\":\"es-CO\",\"@id\":\"https:\\\/\\\/prensapaisa.com\\\/index.php\\\/2026\\\/04\\\/04\\\/explosion-en-briceno-antioquia-deja-un-policia-herido-durante-el-viernes-santo\\\/#primaryimage\",\"url\":\"https:\\\/\\\/prensapaisa.com\\\/wp-content\\\/uploads\\\/2026\\\/04\\\/660446069_990432773551710_2627545560428180655_n.jpg\",\"contentUrl\":\"https:\\\/\\\/prensapaisa.com\\\/wp-content\\\/uploads\\\/2026\\\/04\\\/660446069_990432773551710_2627545560428180655_n.jpg\",\"width\":720,\"height\":1280},{\"@type\":\"BreadcrumbList\",\"@id\":\"https:\\\/\\\/prensapaisa.com\\\/index.php\\\/2026\\\/04\\\/04\\\/explosion-en-briceno-antioquia-deja-un-policia-herido-durante-el-viernes-santo\\\/#breadcrumb\",\"itemListElement\":[{\"@type\":\"ListItem\",\"position\":1,\"name\":\"Inicio\",\"item\":\"https:\\\/\\\/prensapaisa.com\\\/\"},{\"@type\":\"ListItem\",\"position\":2,\"name\":\"Explosi\u00f3n en Brice\u00f1o, Antioquia, deja un polic\u00eda herido durante el Viernes Santo\"}]},{\"@type\":\"WebSite\",\"@id\":\"https:\\\/\\\/prensapaisa.com\\\/#website\",\"url\":\"https:\\\/\\\/prensapaisa.com\\\/\",\"name\":\"PRENSA PAISA\",\"description\":\"Prensa Paisa la Original | Noticias de Medell\u00edn, Antioquia\",\"publisher\":{\"@id\":\"https:\\\/\\\/prensapaisa.com\\\/#organization\"},\"potentialAction\":[{\"@type\":\"SearchAction\",\"target\":{\"@type\":\"EntryPoint\",\"urlTemplate\":\"https:\\\/\\\/prensapaisa.com\\\/?s={search_term_string}\"},\"query-input\":{\"@type\":\"PropertyValueSpecification\",\"valueRequired\":true,\"valueName\":\"search_term_string\"}}],\"inLanguage\":\"es-CO\"},{\"@type\":\"Organization\",\"@id\":\"https:\\\/\\\/prensapaisa.com\\\/#organization\",\"name\":\"PRENSA PAISA\",\"url\":\"https:\\\/\\\/prensapaisa.com\\\/\",\"logo\":{\"@type\":\"ImageObject\",\"inLanguage\":\"es-CO\",\"@id\":\"https:\\\/\\\/prensapaisa.com\\\/#\\\/schema\\\/logo\\\/image\\\/\",\"url\":\"https:\\\/\\\/prensapaisa.com\\\/wp-content\\\/uploads\\\/2022\\\/05\\\/cropped-cropped-prensa.png\",\"contentUrl\":\"https:\\\/\\\/prensapaisa.com\\\/wp-content\\\/uploads\\\/2022\\\/05\\\/cropped-cropped-prensa.png\",\"width\":784,\"height\":524,\"caption\":\"PRENSA PAISA\"},\"image\":{\"@id\":\"https:\\\/\\\/prensapaisa.com\\\/#\\\/schema\\\/logo\\\/image\\\/\"}},{\"@type\":\"Person\",\"@id\":\"https:\\\/\\\/prensapaisa.com\\\/#\\\/schema\\\/person\\\/c5899b8b285dbcd70faec88a7c1579f6\",\"name\":\"noticias@prensapaisa.com\",\"image\":{\"@type\":\"ImageObject\",\"inLanguage\":\"es-CO\",\"@id\":\"https:\\\/\\\/secure.gravatar.com\\\/avatar\\\/ca2b49c1df14b84557c567431f045ea69c8ea5da2da50309fd4de9b811da0433?s=96&d=mm&r=g\",\"url\":\"https:\\\/\\\/secure.gravatar.com\\\/avatar\\\/ca2b49c1df14b84557c567431f045ea69c8ea5da2da50309fd4de9b811da0433?s=96&d=mm&r=g\",\"contentUrl\":\"https:\\\/\\\/secure.gravatar.com\\\/avatar\\\/ca2b49c1df14b84557c567431f045ea69c8ea5da2da50309fd4de9b811da0433?s=96&d=mm&r=g\",\"caption\":\"noticias@prensapaisa.com\"},\"sameAs\":[\"http:\\\/\\\/prensapaisa.com\"],\"url\":\"https:\\\/\\\/prensapaisa.com\\\/index.php\\\/author\\\/prensapaisagmail-com\\\/\"}]}<\/script>\n<!-- \/ Yoast SEO plugin. -->","yoast_head_json":{"title":"Explosi\u00f3n en Brice\u00f1o, Antioquia, deja un polic\u00eda herido durante el Viernes Santo - PRENSA PAISA","robots":{"index":"index","follow":"follow","max-snippet":"max-snippet:-1","max-image-preview":"max-image-preview:large","max-video-preview":"max-video-preview:-1"},"canonical":"https:\/\/prensapaisa.com\/index.php\/2026\/04\/04\/explosion-en-briceno-antioquia-deja-un-policia-herido-durante-el-viernes-santo\/","og_locale":"es_ES","og_type":"article","og_title":"Explosi\u00f3n en Brice\u00f1o, Antioquia, deja un polic\u00eda herido durante el Viernes Santo - PRENSA PAISA","og_description":"Prensapaisa.clm Un ataque con explosivos se registr\u00f3 este Viernes Santo en el municipio de Brice\u00f1o, donde una carga deton\u00f3 en la zona urbana, dejando como saldo un miembro de la&hellip;","og_url":"https:\/\/prensapaisa.com\/index.php\/2026\/04\/04\/explosion-en-briceno-antioquia-deja-un-policia-herido-durante-el-viernes-santo\/","og_site_name":"PRENSA PAISA","article_published_time":"2026-04-04T17:08:01+00:00","article_modified_time":"2026-04-04T17:08:02+00:00","og_image":[{"width":720,"height":1280,"url":"https:\/\/prensapaisa.com\/wp-content\/uploads\/2026\/04\/660446069_990432773551710_2627545560428180655_n.jpg","type":"image\/jpeg"}],"author":"noticias@prensapaisa.com","twitter_card":"summary_large_image","twitter_misc":{"Escrito por":"noticias@prensapaisa.com","Tiempo de lectura":"2 minutos"},"schema":{"@context":"https:\/\/schema.org","@graph":[{"@type":"Article","@id":"https:\/\/prensapaisa.com\/index.php\/2026\/04\/04\/explosion-en-briceno-antioquia-deja-un-policia-herido-durante-el-viernes-santo\/#article","isPartOf":{"@id":"https:\/\/prensapaisa.com\/index.php\/2026\/04\/04\/explosion-en-briceno-antioquia-deja-un-policia-herido-durante-el-viernes-santo\/"},"author":{"name":"noticias@prensapaisa.com","@id":"https:\/\/prensapaisa.com\/#\/schema\/person\/c5899b8b285dbcd70faec88a7c1579f6"},"headline":"Explosi\u00f3n en Brice\u00f1o, Antioquia, deja un polic\u00eda herido durante el Viernes Santo","datePublished":"2026-04-04T17:08:01+00:00","dateModified":"2026-04-04T17:08:02+00:00","mainEntityOfPage":{"@id":"https:\/\/prensapaisa.com\/index.php\/2026\/04\/04\/explosion-en-briceno-antioquia-deja-un-policia-herido-durante-el-viernes-santo\/"},"wordCount":200,"publisher":{"@id":"https:\/\/prensapaisa.com\/#organization"},"image":{"@id":"https:\/\/prensapaisa.com\/index.php\/2026\/04\/04\/explosion-en-briceno-antioquia-deja-un-policia-herido-durante-el-viernes-santo\/#primaryimage"},"thumbnailUrl":"https:\/\/prensapaisa.com\/wp-content\/uploads\/2026\/04\/660446069_990432773551710_2627545560428180655_n.jpg","articleSection":["Denuncias","Municipios","Noticias","Orden Publico","Redes Sociales"],"inLanguage":"es-CO"},{"@type":"WebPage","@id":"https:\/\/prensapaisa.com\/index.php\/2026\/04\/04\/explosion-en-briceno-antioquia-deja-un-policia-herido-durante-el-viernes-santo\/","url":"https:\/\/prensapaisa.com\/index.php\/2026\/04\/04\/explosion-en-briceno-antioquia-deja-un-policia-herido-durante-el-viernes-santo\/","name":"Explosi\u00f3n en Brice\u00f1o, Antioquia, deja un polic\u00eda herido durante el Viernes Santo - PRENSA PAISA","isPartOf":{"@id":"https:\/\/prensapaisa.com\/#website"},"primaryImageOfPage":{"@id":"https:\/\/prensapaisa.com\/index.php\/2026\/04\/04\/explosion-en-briceno-antioquia-deja-un-policia-herido-durante-el-viernes-santo\/#primaryimage"},"image":{"@id":"https:\/\/prensapaisa.com\/index.php\/2026\/04\/04\/explosion-en-briceno-antioquia-deja-un-policia-herido-durante-el-viernes-santo\/#primaryimage"},"thumbnailUrl":"https:\/\/prensapaisa.com\/wp-content\/uploads\/2026\/04\/660446069_990432773551710_2627545560428180655_n.jpg","datePublished":"2026-04-04T17:08:01+00:00","dateModified":"2026-04-04T17:08:02+00:00","breadcrumb":{"@id":"https:\/\/prensapaisa.com\/index.php\/2026\/04\/04\/explosion-en-briceno-antioquia-deja-un-policia-herido-durante-el-viernes-santo\/#breadcrumb"},"inLanguage":"es-CO","potentialAction":[{"@type":"ReadAction","target":["https:\/\/prensapaisa.com\/index.php\/2026\/04\/04\/explosion-en-briceno-antioquia-deja-un-policia-herido-durante-el-viernes-santo\/"]}]},{"@type":"ImageObject","inLanguage":"es-CO","@id":"https:\/\/prensapaisa.com\/index.php\/2026\/04\/04\/explosion-en-briceno-antioquia-deja-un-policia-herido-durante-el-viernes-santo\/#primaryimage","url":"https:\/\/prensapaisa.com\/wp-content\/uploads\/2026\/04\/660446069_990432773551710_2627545560428180655_n.jpg","contentUrl":"https:\/\/prensapaisa.com\/wp-content\/uploads\/2026\/04\/660446069_990432773551710_2627545560428180655_n.jpg","width":720,"height":1280},{"@type":"BreadcrumbList","@id":"https:\/\/prensapaisa.com\/index.php\/2026\/04\/04\/explosion-en-briceno-antioquia-deja-un-policia-herido-durante-el-viernes-santo\/#breadcrumb","itemListElement":[{"@type":"ListItem","position":1,"name":"Inicio","item":"https:\/\/prensapaisa.com\/"},{"@type":"ListItem","position":2,"name":"Explosi\u00f3n en Brice\u00f1o, Antioquia, deja un polic\u00eda herido durante el Viernes Santo"}]},{"@type":"WebSite","@id":"https:\/\/prensapaisa.com\/#website","url":"https:\/\/prensapaisa.com\/","name":"PRENSA PAISA","description":"Prensa Paisa la Original | Noticias de Medell\u00edn, Antioquia","publisher":{"@id":"https:\/\/prensapaisa.com\/#organization"},"potentialAction":[{"@type":"SearchAction","target":{"@type":"EntryPoint","urlTemplate":"https:\/\/prensapaisa.com\/?s={search_term_string}"},"query-input":{"@type":"PropertyValueSpecification","valueRequired":true,"valueName":"search_term_string"}}],"inLanguage":"es-CO"},{"@type":"Organization","@id":"https:\/\/prensapaisa.com\/#organization","name":"PRENSA PAISA","url":"https:\/\/prensapaisa.com\/","logo":{"@type":"ImageObject","inLanguage":"es-CO","@id":"https:\/\/prensapaisa.com\/#\/schema\/logo\/image\/","url":"https:\/\/prensapaisa.com\/wp-content\/uploads\/2022\/05\/cropped-cropped-prensa.png","contentUrl":"https:\/\/prensapaisa.com\/wp-content\/uploads\/2022\/05\/cropped-cropped-prensa.png","width":784,"height":524,"caption":"PRENSA PAISA"},"image":{"@id":"https:\/\/prensapaisa.com\/#\/schema\/logo\/image\/"}},{"@type":"Person","@id":"https:\/\/prensapaisa.com\/#\/schema\/person\/c5899b8b285dbcd70faec88a7c1579f6","name":"noticias@prensapaisa.com","image":{"@type":"ImageObject","inLanguage":"es-CO","@id":"https:\/\/secure.gravatar.com\/avatar\/ca2b49c1df14b84557c567431f045ea69c8ea5da2da50309fd4de9b811da0433?s=96&d=mm&r=g","url":"https:\/\/secure.gravatar.com\/avatar\/ca2b49c1df14b84557c567431f045ea69c8ea5da2da50309fd4de9b811da0433?s=96&d=mm&r=g","contentUrl":"https:\/\/secure.gravatar.com\/avatar\/ca2b49c1df14b84557c567431f045ea69c8ea5da2da50309fd4de9b811da0433?s=96&d=mm&r=g","caption":"noticias@prensapaisa.com"},"sameAs":["http:\/\/prensapaisa.com"],"url":"https:\/\/prensapaisa.com\/index.php\/author\/prensapaisagmail-com\/"}]}},"_links":{"self":[{"href":"https:\/\/prensapaisa.com\/index.php\/wp-json\/wp\/v2\/posts\/16410","targetHints":{"allow":["GET"]}}],"collection":[{"href":"https:\/\/prensapaisa.com\/index.php\/wp-json\/wp\/v2\/posts"}],"about":[{"href":"https:\/\/prensapaisa.com\/index.php\/wp-json\/wp\/v2\/types\/post"}],"author":[{"embeddable":true,"href":"https:\/\/prensapaisa.com\/index.php\/wp-json\/wp\/v2\/users\/1"}],"replies":[{"embeddable":true,"href":"https:\/\/prensapaisa.com\/index.php\/wp-json\/wp\/v2\/comments?post=16410"}],"version-history":[{"count":1,"href":"https:\/\/prensapaisa.com\/index.php\/wp-json\/wp\/v2\/posts\/16410\/revisions"}],"predecessor-version":[{"id":16413,"href":"https:\/\/prensapaisa.com\/index.php\/wp-json\/wp\/v2\/posts\/16410\/revisions\/16413"}],"wp:featuredmedia":[{"embeddable":true,"href":"https:\/\/prensapaisa.com\/index.php\/wp-json\/wp\/v2\/media\/16411"}],"wp:attachment":[{"href":"https:\/\/prensapaisa.com\/index.php\/wp-json\/wp\/v2\/media?parent=16410"}],"wp:term":[{"taxonomy":"category","embeddable":true,"href":"https:\/\/prensapaisa.com\/index.php\/wp-json\/wp\/v2\/categories?post=16410"},{"taxonomy":"post_tag","embeddable":true,"href":"https:\/\/prensapaisa.com\/index.php\/wp-json\/wp\/v2\/tags?post=16410"}],"curies":[{"name":"wp","href":"https:\/\/api.w.org\/{rel}","templated":true}]}}