{"id":16407,"date":"2026-04-04T11:57:06","date_gmt":"2026-04-04T16:57:06","guid":{"rendered":"https:\/\/prensapaisa.com\/?p=16407"},"modified":"2026-04-04T11:57:08","modified_gmt":"2026-04-04T16:57:08","slug":"hallan-sin-vida-a-un-taxista-en-zona-rural-de-san-cristobal-medellin","status":"publish","type":"post","link":"https:\/\/prensapaisa.com\/index.php\/2026\/04\/04\/hallan-sin-vida-a-un-taxista-en-zona-rural-de-san-cristobal-medellin\/","title":{"rendered":"Hallan sin vida a un taxista en zona rural de San Crist\u00f3bal, Medell\u00edn"},"content":{"rendered":"\n<p><a href=\"https:\/\/prensapaisa.com\/?fbclid=IwZXh0bgNhZW0CMTAAYnJpZBExSGlGRmNxbmk0WUFBeXVoQXNydGMGYXBwX2lkEDIyMjAzOTE3ODgyMDA4OTIAAR7rH7MyGpYMABqwMlda8nxGuo_i7bxA_ai7rXBqN4ABw07ISsNJO1qfK0XmFA_aem_TX_pO8XQV2XQe7P3BN3rWw\" rel=\"noreferrer noopener\" target=\"_blank\">Prensapaisa.com<\/a><\/p>\n\n\n\n<p>Un tr\u00e1gico hallazgo se registr\u00f3 en las \u00faltimas horas en la vereda El Yolombo, ubicada en el corregimiento de San Crist\u00f3bal, al Occidente de Medell\u00edn, donde fue encontrado sin vida un hombre que se desempe\u00f1aba como taxista.<\/p>\n\n\n\n<p>El cuerpo fue hallado a un costado de la v\u00eda, junto a su veh\u00edculo de servicio p\u00fablico, lo que alert\u00f3 a habitantes del sector, quienes dieron aviso inmediato a las autoridades. La v\u00edctima vest\u00eda prendas informales y presentaba signos que son materia de an\u00e1lisis por parte de los investigadores.<\/p>\n\n\n\n<p>Unidades de la Polic\u00eda y del CTI realizaron la inspecci\u00f3n t\u00e9cnica del lugar y adelantan las respectivas indagaciones para esclarecer las circunstancias del hecho. De manera preliminar, no se descarta que el caso est\u00e9 relacionado con un posible hurto, aunque esta hip\u00f3tesis a\u00fan no ha sido confirmada oficialmente.<\/p>\n\n\n\n<p>Las autoridades trabajan en la recolecci\u00f3n de pruebas y en la identificaci\u00f3n de posibles responsables, mientras hacen un llamado a la comunidad para que aporte cualquier informaci\u00f3n que pueda contribuir al esclarecimiento de este suceso.<\/p>\n\n\n\n<p>El caso genera preocupaci\u00f3n entre los conductores de servicio p\u00fablico, quienes reiteran la necesidad de mayores medidas de seguridad en zonas rurales y de baja circulaci\u00f3n.<\/p>\n\n\n\n<figure class=\"wp-block-image size-large\"><img fetchpriority=\"high\" decoding=\"async\" width=\"772\" height=\"1024\" src=\"https:\/\/prensapaisa.com\/wp-content\/uploads\/2026\/04\/659806524_990463046882016_2216739133679841349_n-772x1024.jpg\" alt=\"\" class=\"wp-image-16408\" srcset=\"https:\/\/prensapaisa.com\/wp-content\/uploads\/2026\/04\/659806524_990463046882016_2216739133679841349_n-772x1024.jpg 772w, https:\/\/prensapaisa.com\/wp-content\/uploads\/2026\/04\/659806524_990463046882016_2216739133679841349_n-226x300.jpg 226w, https:\/\/prensapaisa.com\/wp-content\/uploads\/2026\/04\/659806524_990463046882016_2216739133679841349_n-768x1018.jpg 768w, https:\/\/prensapaisa.com\/wp-content\/uploads\/2026\/04\/659806524_990463046882016_2216739133679841349_n-1159x1536.jpg 1159w, https:\/\/prensapaisa.com\/wp-content\/uploads\/2026\/04\/659806524_990463046882016_2216739133679841349_n-1170x1551.jpg 1170w, https:\/\/prensapaisa.com\/wp-content\/uploads\/2026\/04\/659806524_990463046882016_2216739133679841349_n-585x775.jpg 585w, https:\/\/prensapaisa.com\/wp-content\/uploads\/2026\/04\/659806524_990463046882016_2216739133679841349_n.jpg 1290w\" sizes=\"(max-width: 772px) 100vw, 772px\" \/><\/figure>\n","protected":false},"excerpt":{"rendered":"<p>Prensapaisa.com Un tr\u00e1gico hallazgo se registr\u00f3 en las \u00faltimas horas en la vereda El Yolombo, ubicada en el corregimiento de San Crist\u00f3bal, al Occidente de Medell\u00edn, donde fue encontrado sin&hellip;<\/p>\n","protected":false},"author":1,"featured_media":16408,"comment_status":"closed","ping_status":"open","sticky":false,"template":"","format":"standard","meta":{"footnotes":""},"categories":[45,50,43,44,16,1,47,46],"tags":[],"class_list":["post-16407","post","type-post","status-publish","format-standard","has-post-thumbnail","hentry","category-accidentes","category-denuncias","category-fallecidos","category-movilidad","category-municipios","category-noticias","category-orden-publico","category-redes-sociales"],"yoast_head":"<!-- This site is optimized with the Yoast SEO plugin v27.5 - https:\/\/yoast.com\/product\/yoast-seo-wordpress\/ -->\n<title>Hallan sin vida a un taxista en zona rural de San Crist\u00f3bal, Medell\u00edn - PRENSA PAISA<\/title>\n<meta name=\"robots\" content=\"index, follow, max-snippet:-1, max-image-preview:large, max-video-preview:-1\" \/>\n<link rel=\"canonical\" href=\"https:\/\/prensapaisa.com\/index.php\/2026\/04\/04\/hallan-sin-vida-a-un-taxista-en-zona-rural-de-san-cristobal-medellin\/\" \/>\n<meta property=\"og:locale\" content=\"es_ES\" \/>\n<meta property=\"og:type\" content=\"article\" \/>\n<meta property=\"og:title\" content=\"Hallan sin vida a un taxista en zona rural de San Crist\u00f3bal, Medell\u00edn - PRENSA PAISA\" \/>\n<meta property=\"og:description\" content=\"Prensapaisa.com Un tr\u00e1gico hallazgo se registr\u00f3 en las \u00faltimas horas en la vereda El Yolombo, ubicada en el corregimiento de San Crist\u00f3bal, al Occidente de Medell\u00edn, donde fue encontrado sin&hellip;\" \/>\n<meta property=\"og:url\" content=\"https:\/\/prensapaisa.com\/index.php\/2026\/04\/04\/hallan-sin-vida-a-un-taxista-en-zona-rural-de-san-cristobal-medellin\/\" \/>\n<meta property=\"og:site_name\" content=\"PRENSA PAISA\" \/>\n<meta property=\"article:published_time\" content=\"2026-04-04T16:57:06+00:00\" \/>\n<meta property=\"article:modified_time\" content=\"2026-04-04T16:57:08+00:00\" \/>\n<meta property=\"og:image\" content=\"https:\/\/prensapaisa.com\/wp-content\/uploads\/2026\/04\/659806524_990463046882016_2216739133679841349_n.jpg\" \/>\n\t<meta property=\"og:image:width\" content=\"1290\" \/>\n\t<meta property=\"og:image:height\" content=\"1710\" \/>\n\t<meta property=\"og:image:type\" content=\"image\/jpeg\" \/>\n<meta name=\"author\" content=\"noticias@prensapaisa.com\" \/>\n<meta name=\"twitter:card\" content=\"summary_large_image\" \/>\n<meta name=\"twitter:label1\" content=\"Escrito por\" \/>\n\t<meta name=\"twitter:data1\" content=\"noticias@prensapaisa.com\" \/>\n\t<meta name=\"twitter:label2\" content=\"Tiempo de lectura\" \/>\n\t<meta name=\"twitter:data2\" content=\"2 minutos\" \/>\n<script type=\"application\/ld+json\" class=\"yoast-schema-graph\">{\"@context\":\"https:\\\/\\\/schema.org\",\"@graph\":[{\"@type\":\"Article\",\"@id\":\"https:\\\/\\\/prensapaisa.com\\\/index.php\\\/2026\\\/04\\\/04\\\/hallan-sin-vida-a-un-taxista-en-zona-rural-de-san-cristobal-medellin\\\/#article\",\"isPartOf\":{\"@id\":\"https:\\\/\\\/prensapaisa.com\\\/index.php\\\/2026\\\/04\\\/04\\\/hallan-sin-vida-a-un-taxista-en-zona-rural-de-san-cristobal-medellin\\\/\"},\"author\":{\"name\":\"noticias@prensapaisa.com\",\"@id\":\"https:\\\/\\\/prensapaisa.com\\\/#\\\/schema\\\/person\\\/c5899b8b285dbcd70faec88a7c1579f6\"},\"headline\":\"Hallan sin vida a un taxista en zona rural de San Crist\u00f3bal, Medell\u00edn\",\"datePublished\":\"2026-04-04T16:57:06+00:00\",\"dateModified\":\"2026-04-04T16:57:08+00:00\",\"mainEntityOfPage\":{\"@id\":\"https:\\\/\\\/prensapaisa.com\\\/index.php\\\/2026\\\/04\\\/04\\\/hallan-sin-vida-a-un-taxista-en-zona-rural-de-san-cristobal-medellin\\\/\"},\"wordCount\":233,\"publisher\":{\"@id\":\"https:\\\/\\\/prensapaisa.com\\\/#organization\"},\"image\":{\"@id\":\"https:\\\/\\\/prensapaisa.com\\\/index.php\\\/2026\\\/04\\\/04\\\/hallan-sin-vida-a-un-taxista-en-zona-rural-de-san-cristobal-medellin\\\/#primaryimage\"},\"thumbnailUrl\":\"https:\\\/\\\/prensapaisa.com\\\/wp-content\\\/uploads\\\/2026\\\/04\\\/659806524_990463046882016_2216739133679841349_n.jpg\",\"articleSection\":[\"Accidentes\",\"Denuncias\",\"Fallecidos\",\"Movilidad\",\"Municipios\",\"Noticias\",\"Orden Publico\",\"Redes Sociales\"],\"inLanguage\":\"es-CO\"},{\"@type\":\"WebPage\",\"@id\":\"https:\\\/\\\/prensapaisa.com\\\/index.php\\\/2026\\\/04\\\/04\\\/hallan-sin-vida-a-un-taxista-en-zona-rural-de-san-cristobal-medellin\\\/\",\"url\":\"https:\\\/\\\/prensapaisa.com\\\/index.php\\\/2026\\\/04\\\/04\\\/hallan-sin-vida-a-un-taxista-en-zona-rural-de-san-cristobal-medellin\\\/\",\"name\":\"Hallan sin vida a un taxista en zona rural de San Crist\u00f3bal, Medell\u00edn - PRENSA PAISA\",\"isPartOf\":{\"@id\":\"https:\\\/\\\/prensapaisa.com\\\/#website\"},\"primaryImageOfPage\":{\"@id\":\"https:\\\/\\\/prensapaisa.com\\\/index.php\\\/2026\\\/04\\\/04\\\/hallan-sin-vida-a-un-taxista-en-zona-rural-de-san-cristobal-medellin\\\/#primaryimage\"},\"image\":{\"@id\":\"https:\\\/\\\/prensapaisa.com\\\/index.php\\\/2026\\\/04\\\/04\\\/hallan-sin-vida-a-un-taxista-en-zona-rural-de-san-cristobal-medellin\\\/#primaryimage\"},\"thumbnailUrl\":\"https:\\\/\\\/prensapaisa.com\\\/wp-content\\\/uploads\\\/2026\\\/04\\\/659806524_990463046882016_2216739133679841349_n.jpg\",\"datePublished\":\"2026-04-04T16:57:06+00:00\",\"dateModified\":\"2026-04-04T16:57:08+00:00\",\"breadcrumb\":{\"@id\":\"https:\\\/\\\/prensapaisa.com\\\/index.php\\\/2026\\\/04\\\/04\\\/hallan-sin-vida-a-un-taxista-en-zona-rural-de-san-cristobal-medellin\\\/#breadcrumb\"},\"inLanguage\":\"es-CO\",\"potentialAction\":[{\"@type\":\"ReadAction\",\"target\":[\"https:\\\/\\\/prensapaisa.com\\\/index.php\\\/2026\\\/04\\\/04\\\/hallan-sin-vida-a-un-taxista-en-zona-rural-de-san-cristobal-medellin\\\/\"]}]},{\"@type\":\"ImageObject\",\"inLanguage\":\"es-CO\",\"@id\":\"https:\\\/\\\/prensapaisa.com\\\/index.php\\\/2026\\\/04\\\/04\\\/hallan-sin-vida-a-un-taxista-en-zona-rural-de-san-cristobal-medellin\\\/#primaryimage\",\"url\":\"https:\\\/\\\/prensapaisa.com\\\/wp-content\\\/uploads\\\/2026\\\/04\\\/659806524_990463046882016_2216739133679841349_n.jpg\",\"contentUrl\":\"https:\\\/\\\/prensapaisa.com\\\/wp-content\\\/uploads\\\/2026\\\/04\\\/659806524_990463046882016_2216739133679841349_n.jpg\",\"width\":1290,\"height\":1710},{\"@type\":\"BreadcrumbList\",\"@id\":\"https:\\\/\\\/prensapaisa.com\\\/index.php\\\/2026\\\/04\\\/04\\\/hallan-sin-vida-a-un-taxista-en-zona-rural-de-san-cristobal-medellin\\\/#breadcrumb\",\"itemListElement\":[{\"@type\":\"ListItem\",\"position\":1,\"name\":\"Inicio\",\"item\":\"https:\\\/\\\/prensapaisa.com\\\/\"},{\"@type\":\"ListItem\",\"position\":2,\"name\":\"Hallan sin vida a un taxista en zona rural de San Crist\u00f3bal, Medell\u00edn\"}]},{\"@type\":\"WebSite\",\"@id\":\"https:\\\/\\\/prensapaisa.com\\\/#website\",\"url\":\"https:\\\/\\\/prensapaisa.com\\\/\",\"name\":\"PRENSA PAISA\",\"description\":\"Prensa Paisa la Original | Noticias de Medell\u00edn, Antioquia\",\"publisher\":{\"@id\":\"https:\\\/\\\/prensapaisa.com\\\/#organization\"},\"potentialAction\":[{\"@type\":\"SearchAction\",\"target\":{\"@type\":\"EntryPoint\",\"urlTemplate\":\"https:\\\/\\\/prensapaisa.com\\\/?s={search_term_string}\"},\"query-input\":{\"@type\":\"PropertyValueSpecification\",\"valueRequired\":true,\"valueName\":\"search_term_string\"}}],\"inLanguage\":\"es-CO\"},{\"@type\":\"Organization\",\"@id\":\"https:\\\/\\\/prensapaisa.com\\\/#organization\",\"name\":\"PRENSA PAISA\",\"url\":\"https:\\\/\\\/prensapaisa.com\\\/\",\"logo\":{\"@type\":\"ImageObject\",\"inLanguage\":\"es-CO\",\"@id\":\"https:\\\/\\\/prensapaisa.com\\\/#\\\/schema\\\/logo\\\/image\\\/\",\"url\":\"https:\\\/\\\/prensapaisa.com\\\/wp-content\\\/uploads\\\/2022\\\/05\\\/cropped-cropped-prensa.png\",\"contentUrl\":\"https:\\\/\\\/prensapaisa.com\\\/wp-content\\\/uploads\\\/2022\\\/05\\\/cropped-cropped-prensa.png\",\"width\":784,\"height\":524,\"caption\":\"PRENSA PAISA\"},\"image\":{\"@id\":\"https:\\\/\\\/prensapaisa.com\\\/#\\\/schema\\\/logo\\\/image\\\/\"}},{\"@type\":\"Person\",\"@id\":\"https:\\\/\\\/prensapaisa.com\\\/#\\\/schema\\\/person\\\/c5899b8b285dbcd70faec88a7c1579f6\",\"name\":\"noticias@prensapaisa.com\",\"image\":{\"@type\":\"ImageObject\",\"inLanguage\":\"es-CO\",\"@id\":\"https:\\\/\\\/secure.gravatar.com\\\/avatar\\\/ca2b49c1df14b84557c567431f045ea69c8ea5da2da50309fd4de9b811da0433?s=96&d=mm&r=g\",\"url\":\"https:\\\/\\\/secure.gravatar.com\\\/avatar\\\/ca2b49c1df14b84557c567431f045ea69c8ea5da2da50309fd4de9b811da0433?s=96&d=mm&r=g\",\"contentUrl\":\"https:\\\/\\\/secure.gravatar.com\\\/avatar\\\/ca2b49c1df14b84557c567431f045ea69c8ea5da2da50309fd4de9b811da0433?s=96&d=mm&r=g\",\"caption\":\"noticias@prensapaisa.com\"},\"sameAs\":[\"http:\\\/\\\/prensapaisa.com\"],\"url\":\"https:\\\/\\\/prensapaisa.com\\\/index.php\\\/author\\\/prensapaisagmail-com\\\/\"}]}<\/script>\n<!-- \/ Yoast SEO plugin. -->","yoast_head_json":{"title":"Hallan sin vida a un taxista en zona rural de San Crist\u00f3bal, Medell\u00edn - PRENSA PAISA","robots":{"index":"index","follow":"follow","max-snippet":"max-snippet:-1","max-image-preview":"max-image-preview:large","max-video-preview":"max-video-preview:-1"},"canonical":"https:\/\/prensapaisa.com\/index.php\/2026\/04\/04\/hallan-sin-vida-a-un-taxista-en-zona-rural-de-san-cristobal-medellin\/","og_locale":"es_ES","og_type":"article","og_title":"Hallan sin vida a un taxista en zona rural de San Crist\u00f3bal, Medell\u00edn - PRENSA PAISA","og_description":"Prensapaisa.com Un tr\u00e1gico hallazgo se registr\u00f3 en las \u00faltimas horas en la vereda El Yolombo, ubicada en el corregimiento de San Crist\u00f3bal, al Occidente de Medell\u00edn, donde fue encontrado sin&hellip;","og_url":"https:\/\/prensapaisa.com\/index.php\/2026\/04\/04\/hallan-sin-vida-a-un-taxista-en-zona-rural-de-san-cristobal-medellin\/","og_site_name":"PRENSA PAISA","article_published_time":"2026-04-04T16:57:06+00:00","article_modified_time":"2026-04-04T16:57:08+00:00","og_image":[{"width":1290,"height":1710,"url":"https:\/\/prensapaisa.com\/wp-content\/uploads\/2026\/04\/659806524_990463046882016_2216739133679841349_n.jpg","type":"image\/jpeg"}],"author":"noticias@prensapaisa.com","twitter_card":"summary_large_image","twitter_misc":{"Escrito por":"noticias@prensapaisa.com","Tiempo de lectura":"2 minutos"},"schema":{"@context":"https:\/\/schema.org","@graph":[{"@type":"Article","@id":"https:\/\/prensapaisa.com\/index.php\/2026\/04\/04\/hallan-sin-vida-a-un-taxista-en-zona-rural-de-san-cristobal-medellin\/#article","isPartOf":{"@id":"https:\/\/prensapaisa.com\/index.php\/2026\/04\/04\/hallan-sin-vida-a-un-taxista-en-zona-rural-de-san-cristobal-medellin\/"},"author":{"name":"noticias@prensapaisa.com","@id":"https:\/\/prensapaisa.com\/#\/schema\/person\/c5899b8b285dbcd70faec88a7c1579f6"},"headline":"Hallan sin vida a un taxista en zona rural de San Crist\u00f3bal, Medell\u00edn","datePublished":"2026-04-04T16:57:06+00:00","dateModified":"2026-04-04T16:57:08+00:00","mainEntityOfPage":{"@id":"https:\/\/prensapaisa.com\/index.php\/2026\/04\/04\/hallan-sin-vida-a-un-taxista-en-zona-rural-de-san-cristobal-medellin\/"},"wordCount":233,"publisher":{"@id":"https:\/\/prensapaisa.com\/#organization"},"image":{"@id":"https:\/\/prensapaisa.com\/index.php\/2026\/04\/04\/hallan-sin-vida-a-un-taxista-en-zona-rural-de-san-cristobal-medellin\/#primaryimage"},"thumbnailUrl":"https:\/\/prensapaisa.com\/wp-content\/uploads\/2026\/04\/659806524_990463046882016_2216739133679841349_n.jpg","articleSection":["Accidentes","Denuncias","Fallecidos","Movilidad","Municipios","Noticias","Orden Publico","Redes Sociales"],"inLanguage":"es-CO"},{"@type":"WebPage","@id":"https:\/\/prensapaisa.com\/index.php\/2026\/04\/04\/hallan-sin-vida-a-un-taxista-en-zona-rural-de-san-cristobal-medellin\/","url":"https:\/\/prensapaisa.com\/index.php\/2026\/04\/04\/hallan-sin-vida-a-un-taxista-en-zona-rural-de-san-cristobal-medellin\/","name":"Hallan sin vida a un taxista en zona rural de San Crist\u00f3bal, Medell\u00edn - PRENSA PAISA","isPartOf":{"@id":"https:\/\/prensapaisa.com\/#website"},"primaryImageOfPage":{"@id":"https:\/\/prensapaisa.com\/index.php\/2026\/04\/04\/hallan-sin-vida-a-un-taxista-en-zona-rural-de-san-cristobal-medellin\/#primaryimage"},"image":{"@id":"https:\/\/prensapaisa.com\/index.php\/2026\/04\/04\/hallan-sin-vida-a-un-taxista-en-zona-rural-de-san-cristobal-medellin\/#primaryimage"},"thumbnailUrl":"https:\/\/prensapaisa.com\/wp-content\/uploads\/2026\/04\/659806524_990463046882016_2216739133679841349_n.jpg","datePublished":"2026-04-04T16:57:06+00:00","dateModified":"2026-04-04T16:57:08+00:00","breadcrumb":{"@id":"https:\/\/prensapaisa.com\/index.php\/2026\/04\/04\/hallan-sin-vida-a-un-taxista-en-zona-rural-de-san-cristobal-medellin\/#breadcrumb"},"inLanguage":"es-CO","potentialAction":[{"@type":"ReadAction","target":["https:\/\/prensapaisa.com\/index.php\/2026\/04\/04\/hallan-sin-vida-a-un-taxista-en-zona-rural-de-san-cristobal-medellin\/"]}]},{"@type":"ImageObject","inLanguage":"es-CO","@id":"https:\/\/prensapaisa.com\/index.php\/2026\/04\/04\/hallan-sin-vida-a-un-taxista-en-zona-rural-de-san-cristobal-medellin\/#primaryimage","url":"https:\/\/prensapaisa.com\/wp-content\/uploads\/2026\/04\/659806524_990463046882016_2216739133679841349_n.jpg","contentUrl":"https:\/\/prensapaisa.com\/wp-content\/uploads\/2026\/04\/659806524_990463046882016_2216739133679841349_n.jpg","width":1290,"height":1710},{"@type":"BreadcrumbList","@id":"https:\/\/prensapaisa.com\/index.php\/2026\/04\/04\/hallan-sin-vida-a-un-taxista-en-zona-rural-de-san-cristobal-medellin\/#breadcrumb","itemListElement":[{"@type":"ListItem","position":1,"name":"Inicio","item":"https:\/\/prensapaisa.com\/"},{"@type":"ListItem","position":2,"name":"Hallan sin vida a un taxista en zona rural de San Crist\u00f3bal, Medell\u00edn"}]},{"@type":"WebSite","@id":"https:\/\/prensapaisa.com\/#website","url":"https:\/\/prensapaisa.com\/","name":"PRENSA PAISA","description":"Prensa Paisa la Original | Noticias de Medell\u00edn, Antioquia","publisher":{"@id":"https:\/\/prensapaisa.com\/#organization"},"potentialAction":[{"@type":"SearchAction","target":{"@type":"EntryPoint","urlTemplate":"https:\/\/prensapaisa.com\/?s={search_term_string}"},"query-input":{"@type":"PropertyValueSpecification","valueRequired":true,"valueName":"search_term_string"}}],"inLanguage":"es-CO"},{"@type":"Organization","@id":"https:\/\/prensapaisa.com\/#organization","name":"PRENSA PAISA","url":"https:\/\/prensapaisa.com\/","logo":{"@type":"ImageObject","inLanguage":"es-CO","@id":"https:\/\/prensapaisa.com\/#\/schema\/logo\/image\/","url":"https:\/\/prensapaisa.com\/wp-content\/uploads\/2022\/05\/cropped-cropped-prensa.png","contentUrl":"https:\/\/prensapaisa.com\/wp-content\/uploads\/2022\/05\/cropped-cropped-prensa.png","width":784,"height":524,"caption":"PRENSA PAISA"},"image":{"@id":"https:\/\/prensapaisa.com\/#\/schema\/logo\/image\/"}},{"@type":"Person","@id":"https:\/\/prensapaisa.com\/#\/schema\/person\/c5899b8b285dbcd70faec88a7c1579f6","name":"noticias@prensapaisa.com","image":{"@type":"ImageObject","inLanguage":"es-CO","@id":"https:\/\/secure.gravatar.com\/avatar\/ca2b49c1df14b84557c567431f045ea69c8ea5da2da50309fd4de9b811da0433?s=96&d=mm&r=g","url":"https:\/\/secure.gravatar.com\/avatar\/ca2b49c1df14b84557c567431f045ea69c8ea5da2da50309fd4de9b811da0433?s=96&d=mm&r=g","contentUrl":"https:\/\/secure.gravatar.com\/avatar\/ca2b49c1df14b84557c567431f045ea69c8ea5da2da50309fd4de9b811da0433?s=96&d=mm&r=g","caption":"noticias@prensapaisa.com"},"sameAs":["http:\/\/prensapaisa.com"],"url":"https:\/\/prensapaisa.com\/index.php\/author\/prensapaisagmail-com\/"}]}},"_links":{"self":[{"href":"https:\/\/prensapaisa.com\/index.php\/wp-json\/wp\/v2\/posts\/16407","targetHints":{"allow":["GET"]}}],"collection":[{"href":"https:\/\/prensapaisa.com\/index.php\/wp-json\/wp\/v2\/posts"}],"about":[{"href":"https:\/\/prensapaisa.com\/index.php\/wp-json\/wp\/v2\/types\/post"}],"author":[{"embeddable":true,"href":"https:\/\/prensapaisa.com\/index.php\/wp-json\/wp\/v2\/users\/1"}],"replies":[{"embeddable":true,"href":"https:\/\/prensapaisa.com\/index.php\/wp-json\/wp\/v2\/comments?post=16407"}],"version-history":[{"count":1,"href":"https:\/\/prensapaisa.com\/index.php\/wp-json\/wp\/v2\/posts\/16407\/revisions"}],"predecessor-version":[{"id":16409,"href":"https:\/\/prensapaisa.com\/index.php\/wp-json\/wp\/v2\/posts\/16407\/revisions\/16409"}],"wp:featuredmedia":[{"embeddable":true,"href":"https:\/\/prensapaisa.com\/index.php\/wp-json\/wp\/v2\/media\/16408"}],"wp:attachment":[{"href":"https:\/\/prensapaisa.com\/index.php\/wp-json\/wp\/v2\/media?parent=16407"}],"wp:term":[{"taxonomy":"category","embeddable":true,"href":"https:\/\/prensapaisa.com\/index.php\/wp-json\/wp\/v2\/categories?post=16407"},{"taxonomy":"post_tag","embeddable":true,"href":"https:\/\/prensapaisa.com\/index.php\/wp-json\/wp\/v2\/tags?post=16407"}],"curies":[{"name":"wp","href":"https:\/\/api.w.org\/{rel}","templated":true}]}}