{"id":14989,"date":"2025-08-21T21:45:32","date_gmt":"2025-08-22T02:45:32","guid":{"rendered":"https:\/\/prensapaisa.com\/?p=14989"},"modified":"2025-08-21T21:45:34","modified_gmt":"2025-08-22T02:45:34","slug":"motociclista-fallecio-en-itagui-antioquia-en-uno-de-sus-bolsillos-tenia-una-libreta-con-siete-suenos-anotados","status":"publish","type":"post","link":"https:\/\/prensapaisa.com\/index.php\/2025\/08\/21\/motociclista-fallecio-en-itagui-antioquia-en-uno-de-sus-bolsillos-tenia-una-libreta-con-siete-suenos-anotados\/","title":{"rendered":"Motociclista falleci\u00f3 en Itag\u00fc\u00ed, Antioquia; en uno de sus bolsillos ten\u00eda una libreta con siete sue\u00f1os anotados\u2026"},"content":{"rendered":"\n<p><\/p>\n\n\n\n<p>A Laurence Torres Pineda, un hombre trabajador y so\u00f1ador, la vida se le apag\u00f3 en plena v\u00eda cuando iba en su moto, sobre el puente Sim\u00f3n Bol\u00edvar \u2013 Pandequeso, en el municipio de Itag\u00fc\u00ed.<\/p>\n\n\n\n<p>Testigos contaron, durante el amanecer del 16 de agosto, que cuando llegaron vieron a dos veh\u00edculos sospechosos que lo rodearon y no saben si causaron el accidente o lo iban a robar, pero lo cierto es que qued\u00f3 tendido en el pavimento, sin nadie que pudiera auxiliarlo a tiempo.<\/p>\n\n\n\n<p>Su celular estaba bloqueado, y por m\u00e1s que la gente quiso ayudar, nadie pudo contactar a su familia. Si alguien lo reconoce, por favor avise a sus seres queridos.<\/p>\n\n\n\n<p>Motociclistas explicaron que llamaron a las autoridades, pero la respuesta fue indignante:<\/p>\n\n\n\n<p>\u201cEstamos ocupados con las fiestas del municipio\u201d, les dijeron. Y se demoraron 40 minutos en llegar.<\/p>\n\n\n\n<p>Y como si el dolor no fuera suficiente, en su billetera encontraron una libreta con sue\u00f1os escritos a pu\u00f1o y letra:<\/p>\n\n\n\n<p>\u2022 Pagar deudas<\/p>\n\n\n\n<p>\u2022 Casarse<\/p>\n\n\n\n<p>\u2022 Comprar casa<\/p>\n\n\n\n<p>\u2022 Comprar carro<\/p>\n\n\n\n<p>\u2022 Viajar<\/p>\n\n\n\n<p>\u2022 Hacer deporte<\/p>\n\n\n\n<p>\u2022 Ganarse el baloto<\/p>\n\n\n\n<p>\u201cMuri\u00f3 con los sue\u00f1os en el bolsillo\u201d, dijo una de las personas que vio la escena.<\/p>\n\n\n\n<p>Laurence ten\u00eda 7 metas, todas sencillas, todas humanas\u2026 y ahora, todas interrumpidas por una muerte que a\u00fan no tiene explicaci\u00f3n.<\/p>\n\n\n\n<figure class=\"wp-block-image size-large\"><img fetchpriority=\"high\" decoding=\"async\" width=\"837\" height=\"1024\" src=\"https:\/\/prensapaisa.com\/wp-content\/uploads\/2025\/08\/533115018_802750432319946_3600232800199404425_n-837x1024.jpg\" alt=\"\" class=\"wp-image-14994\" srcset=\"https:\/\/prensapaisa.com\/wp-content\/uploads\/2025\/08\/533115018_802750432319946_3600232800199404425_n-837x1024.jpg 837w, https:\/\/prensapaisa.com\/wp-content\/uploads\/2025\/08\/533115018_802750432319946_3600232800199404425_n-245x300.jpg 245w, https:\/\/prensapaisa.com\/wp-content\/uploads\/2025\/08\/533115018_802750432319946_3600232800199404425_n-768x939.jpg 768w, https:\/\/prensapaisa.com\/wp-content\/uploads\/2025\/08\/533115018_802750432319946_3600232800199404425_n-1256x1536.jpg 1256w, https:\/\/prensapaisa.com\/wp-content\/uploads\/2025\/08\/533115018_802750432319946_3600232800199404425_n-1170x1431.jpg 1170w, https:\/\/prensapaisa.com\/wp-content\/uploads\/2025\/08\/533115018_802750432319946_3600232800199404425_n-585x716.jpg 585w, https:\/\/prensapaisa.com\/wp-content\/uploads\/2025\/08\/533115018_802750432319946_3600232800199404425_n.jpg 1290w\" sizes=\"(max-width: 837px) 100vw, 837px\" \/><\/figure>\n\n\n\n<figure class=\"wp-block-image size-large\"><img decoding=\"async\" width=\"577\" height=\"1024\" src=\"https:\/\/prensapaisa.com\/wp-content\/uploads\/2025\/08\/534414954_802757998985856_7258792694605873692_n-577x1024.jpg\" alt=\"\" class=\"wp-image-14993\" srcset=\"https:\/\/prensapaisa.com\/wp-content\/uploads\/2025\/08\/534414954_802757998985856_7258792694605873692_n-577x1024.jpg 577w, https:\/\/prensapaisa.com\/wp-content\/uploads\/2025\/08\/534414954_802757998985856_7258792694605873692_n-169x300.jpg 169w, https:\/\/prensapaisa.com\/wp-content\/uploads\/2025\/08\/534414954_802757998985856_7258792694605873692_n-768x1364.jpg 768w, https:\/\/prensapaisa.com\/wp-content\/uploads\/2025\/08\/534414954_802757998985856_7258792694605873692_n-865x1536.jpg 865w, https:\/\/prensapaisa.com\/wp-content\/uploads\/2025\/08\/534414954_802757998985856_7258792694605873692_n-585x1039.jpg 585w, https:\/\/prensapaisa.com\/wp-content\/uploads\/2025\/08\/534414954_802757998985856_7258792694605873692_n.jpg 1153w\" sizes=\"(max-width: 577px) 100vw, 577px\" \/><\/figure>\n\n\n\n<figure class=\"wp-block-image size-large\"><img decoding=\"async\" width=\"577\" height=\"1024\" src=\"https:\/\/prensapaisa.com\/wp-content\/uploads\/2025\/08\/532945308_802758062319183_3997627969094697889_n-577x1024.jpg\" alt=\"\" class=\"wp-image-14992\" srcset=\"https:\/\/prensapaisa.com\/wp-content\/uploads\/2025\/08\/532945308_802758062319183_3997627969094697889_n-577x1024.jpg 577w, https:\/\/prensapaisa.com\/wp-content\/uploads\/2025\/08\/532945308_802758062319183_3997627969094697889_n-169x300.jpg 169w, https:\/\/prensapaisa.com\/wp-content\/uploads\/2025\/08\/532945308_802758062319183_3997627969094697889_n-768x1364.jpg 768w, https:\/\/prensapaisa.com\/wp-content\/uploads\/2025\/08\/532945308_802758062319183_3997627969094697889_n-865x1536.jpg 865w, https:\/\/prensapaisa.com\/wp-content\/uploads\/2025\/08\/532945308_802758062319183_3997627969094697889_n-585x1039.jpg 585w, https:\/\/prensapaisa.com\/wp-content\/uploads\/2025\/08\/532945308_802758062319183_3997627969094697889_n.jpg 1153w\" sizes=\"(max-width: 577px) 100vw, 577px\" \/><\/figure>\n\n\n\n<figure class=\"wp-block-image size-large\"><img loading=\"lazy\" decoding=\"async\" width=\"577\" height=\"1024\" src=\"https:\/\/prensapaisa.com\/wp-content\/uploads\/2025\/08\/534836162_802758008985855_5843426595197726250_n-577x1024.jpg\" alt=\"\" class=\"wp-image-14991\" srcset=\"https:\/\/prensapaisa.com\/wp-content\/uploads\/2025\/08\/534836162_802758008985855_5843426595197726250_n-577x1024.jpg 577w, https:\/\/prensapaisa.com\/wp-content\/uploads\/2025\/08\/534836162_802758008985855_5843426595197726250_n-169x300.jpg 169w, https:\/\/prensapaisa.com\/wp-content\/uploads\/2025\/08\/534836162_802758008985855_5843426595197726250_n-768x1364.jpg 768w, https:\/\/prensapaisa.com\/wp-content\/uploads\/2025\/08\/534836162_802758008985855_5843426595197726250_n-865x1536.jpg 865w, https:\/\/prensapaisa.com\/wp-content\/uploads\/2025\/08\/534836162_802758008985855_5843426595197726250_n-585x1039.jpg 585w, https:\/\/prensapaisa.com\/wp-content\/uploads\/2025\/08\/534836162_802758008985855_5843426595197726250_n.jpg 1153w\" sizes=\"(max-width: 577px) 100vw, 577px\" \/><\/figure>\n\n\n\n<figure class=\"wp-block-image size-large\"><img loading=\"lazy\" decoding=\"async\" width=\"770\" height=\"1024\" src=\"https:\/\/prensapaisa.com\/wp-content\/uploads\/2025\/08\/535017982_802757968985859_8712390687977371757_n-770x1024.jpg\" alt=\"\" class=\"wp-image-14990\" srcset=\"https:\/\/prensapaisa.com\/wp-content\/uploads\/2025\/08\/535017982_802757968985859_8712390687977371757_n-770x1024.jpg 770w, https:\/\/prensapaisa.com\/wp-content\/uploads\/2025\/08\/535017982_802757968985859_8712390687977371757_n-226x300.jpg 226w, https:\/\/prensapaisa.com\/wp-content\/uploads\/2025\/08\/535017982_802757968985859_8712390687977371757_n-768x1022.jpg 768w, https:\/\/prensapaisa.com\/wp-content\/uploads\/2025\/08\/535017982_802757968985859_8712390687977371757_n-1155x1536.jpg 1155w, https:\/\/prensapaisa.com\/wp-content\/uploads\/2025\/08\/535017982_802757968985859_8712390687977371757_n-1170x1556.jpg 1170w, https:\/\/prensapaisa.com\/wp-content\/uploads\/2025\/08\/535017982_802757968985859_8712390687977371757_n-585x778.jpg 585w, https:\/\/prensapaisa.com\/wp-content\/uploads\/2025\/08\/535017982_802757968985859_8712390687977371757_n.jpg 1290w\" sizes=\"(max-width: 770px) 100vw, 770px\" \/><\/figure>\n","protected":false},"excerpt":{"rendered":"<p>A Laurence Torres Pineda, un hombre trabajador y so\u00f1ador, la vida se le apag\u00f3 en plena v\u00eda cuando iba en su moto, sobre el puente Sim\u00f3n Bol\u00edvar \u2013 Pandequeso, en&hellip;<\/p>\n","protected":false},"author":1,"featured_media":14990,"comment_status":"closed","ping_status":"open","sticky":false,"template":"","format":"standard","meta":{"footnotes":""},"categories":[45,43,44,16,1,47,46],"tags":[],"class_list":["post-14989","post","type-post","status-publish","format-standard","has-post-thumbnail","hentry","category-accidentes","category-fallecidos","category-movilidad","category-municipios","category-noticias","category-orden-publico","category-redes-sociales"],"yoast_head":"<!-- This site is optimized with the Yoast SEO plugin v27.5 - https:\/\/yoast.com\/product\/yoast-seo-wordpress\/ -->\n<title>Motociclista falleci\u00f3 en Itag\u00fc\u00ed, Antioquia; en uno de sus bolsillos ten\u00eda una libreta con siete sue\u00f1os anotados\u2026 - PRENSA PAISA<\/title>\n<meta name=\"robots\" content=\"index, follow, max-snippet:-1, max-image-preview:large, max-video-preview:-1\" \/>\n<link rel=\"canonical\" href=\"https:\/\/prensapaisa.com\/index.php\/2025\/08\/21\/motociclista-fallecio-en-itagui-antioquia-en-uno-de-sus-bolsillos-tenia-una-libreta-con-siete-suenos-anotados\/\" \/>\n<meta property=\"og:locale\" content=\"es_ES\" \/>\n<meta property=\"og:type\" content=\"article\" \/>\n<meta property=\"og:title\" content=\"Motociclista falleci\u00f3 en Itag\u00fc\u00ed, Antioquia; en uno de sus bolsillos ten\u00eda una libreta con siete sue\u00f1os anotados\u2026 - PRENSA PAISA\" \/>\n<meta property=\"og:description\" content=\"A Laurence Torres Pineda, un hombre trabajador y so\u00f1ador, la vida se le apag\u00f3 en plena v\u00eda cuando iba en su moto, sobre el puente Sim\u00f3n Bol\u00edvar \u2013 Pandequeso, en&hellip;\" \/>\n<meta property=\"og:url\" content=\"https:\/\/prensapaisa.com\/index.php\/2025\/08\/21\/motociclista-fallecio-en-itagui-antioquia-en-uno-de-sus-bolsillos-tenia-una-libreta-con-siete-suenos-anotados\/\" \/>\n<meta property=\"og:site_name\" content=\"PRENSA PAISA\" \/>\n<meta property=\"article:published_time\" content=\"2025-08-22T02:45:32+00:00\" \/>\n<meta property=\"article:modified_time\" content=\"2025-08-22T02:45:34+00:00\" \/>\n<meta property=\"og:image\" content=\"https:\/\/prensapaisa.com\/wp-content\/uploads\/2025\/08\/535017982_802757968985859_8712390687977371757_n.jpg\" \/>\n\t<meta property=\"og:image:width\" content=\"1290\" \/>\n\t<meta property=\"og:image:height\" content=\"1716\" \/>\n\t<meta property=\"og:image:type\" content=\"image\/jpeg\" \/>\n<meta name=\"author\" content=\"noticias@prensapaisa.com\" \/>\n<meta name=\"twitter:card\" content=\"summary_large_image\" \/>\n<meta name=\"twitter:label1\" content=\"Escrito por\" \/>\n\t<meta name=\"twitter:data1\" content=\"noticias@prensapaisa.com\" \/>\n\t<meta name=\"twitter:label2\" content=\"Tiempo de lectura\" \/>\n\t<meta name=\"twitter:data2\" content=\"3 minutos\" \/>\n<script type=\"application\/ld+json\" class=\"yoast-schema-graph\">{\"@context\":\"https:\\\/\\\/schema.org\",\"@graph\":[{\"@type\":\"Article\",\"@id\":\"https:\\\/\\\/prensapaisa.com\\\/index.php\\\/2025\\\/08\\\/21\\\/motociclista-fallecio-en-itagui-antioquia-en-uno-de-sus-bolsillos-tenia-una-libreta-con-siete-suenos-anotados\\\/#article\",\"isPartOf\":{\"@id\":\"https:\\\/\\\/prensapaisa.com\\\/index.php\\\/2025\\\/08\\\/21\\\/motociclista-fallecio-en-itagui-antioquia-en-uno-de-sus-bolsillos-tenia-una-libreta-con-siete-suenos-anotados\\\/\"},\"author\":{\"name\":\"noticias@prensapaisa.com\",\"@id\":\"https:\\\/\\\/prensapaisa.com\\\/#\\\/schema\\\/person\\\/c5899b8b285dbcd70faec88a7c1579f6\"},\"headline\":\"Motociclista falleci\u00f3 en Itag\u00fc\u00ed, Antioquia; en uno de sus bolsillos ten\u00eda una libreta con siete sue\u00f1os anotados\u2026\",\"datePublished\":\"2025-08-22T02:45:32+00:00\",\"dateModified\":\"2025-08-22T02:45:34+00:00\",\"mainEntityOfPage\":{\"@id\":\"https:\\\/\\\/prensapaisa.com\\\/index.php\\\/2025\\\/08\\\/21\\\/motociclista-fallecio-en-itagui-antioquia-en-uno-de-sus-bolsillos-tenia-una-libreta-con-siete-suenos-anotados\\\/\"},\"wordCount\":237,\"publisher\":{\"@id\":\"https:\\\/\\\/prensapaisa.com\\\/#organization\"},\"image\":{\"@id\":\"https:\\\/\\\/prensapaisa.com\\\/index.php\\\/2025\\\/08\\\/21\\\/motociclista-fallecio-en-itagui-antioquia-en-uno-de-sus-bolsillos-tenia-una-libreta-con-siete-suenos-anotados\\\/#primaryimage\"},\"thumbnailUrl\":\"https:\\\/\\\/prensapaisa.com\\\/wp-content\\\/uploads\\\/2025\\\/08\\\/535017982_802757968985859_8712390687977371757_n.jpg\",\"articleSection\":[\"Accidentes\",\"Fallecidos\",\"Movilidad\",\"Municipios\",\"Noticias\",\"Orden Publico\",\"Redes Sociales\"],\"inLanguage\":\"es-CO\"},{\"@type\":\"WebPage\",\"@id\":\"https:\\\/\\\/prensapaisa.com\\\/index.php\\\/2025\\\/08\\\/21\\\/motociclista-fallecio-en-itagui-antioquia-en-uno-de-sus-bolsillos-tenia-una-libreta-con-siete-suenos-anotados\\\/\",\"url\":\"https:\\\/\\\/prensapaisa.com\\\/index.php\\\/2025\\\/08\\\/21\\\/motociclista-fallecio-en-itagui-antioquia-en-uno-de-sus-bolsillos-tenia-una-libreta-con-siete-suenos-anotados\\\/\",\"name\":\"Motociclista falleci\u00f3 en Itag\u00fc\u00ed, Antioquia; en uno de sus bolsillos ten\u00eda una libreta con siete sue\u00f1os anotados\u2026 - PRENSA PAISA\",\"isPartOf\":{\"@id\":\"https:\\\/\\\/prensapaisa.com\\\/#website\"},\"primaryImageOfPage\":{\"@id\":\"https:\\\/\\\/prensapaisa.com\\\/index.php\\\/2025\\\/08\\\/21\\\/motociclista-fallecio-en-itagui-antioquia-en-uno-de-sus-bolsillos-tenia-una-libreta-con-siete-suenos-anotados\\\/#primaryimage\"},\"image\":{\"@id\":\"https:\\\/\\\/prensapaisa.com\\\/index.php\\\/2025\\\/08\\\/21\\\/motociclista-fallecio-en-itagui-antioquia-en-uno-de-sus-bolsillos-tenia-una-libreta-con-siete-suenos-anotados\\\/#primaryimage\"},\"thumbnailUrl\":\"https:\\\/\\\/prensapaisa.com\\\/wp-content\\\/uploads\\\/2025\\\/08\\\/535017982_802757968985859_8712390687977371757_n.jpg\",\"datePublished\":\"2025-08-22T02:45:32+00:00\",\"dateModified\":\"2025-08-22T02:45:34+00:00\",\"breadcrumb\":{\"@id\":\"https:\\\/\\\/prensapaisa.com\\\/index.php\\\/2025\\\/08\\\/21\\\/motociclista-fallecio-en-itagui-antioquia-en-uno-de-sus-bolsillos-tenia-una-libreta-con-siete-suenos-anotados\\\/#breadcrumb\"},\"inLanguage\":\"es-CO\",\"potentialAction\":[{\"@type\":\"ReadAction\",\"target\":[\"https:\\\/\\\/prensapaisa.com\\\/index.php\\\/2025\\\/08\\\/21\\\/motociclista-fallecio-en-itagui-antioquia-en-uno-de-sus-bolsillos-tenia-una-libreta-con-siete-suenos-anotados\\\/\"]}]},{\"@type\":\"ImageObject\",\"inLanguage\":\"es-CO\",\"@id\":\"https:\\\/\\\/prensapaisa.com\\\/index.php\\\/2025\\\/08\\\/21\\\/motociclista-fallecio-en-itagui-antioquia-en-uno-de-sus-bolsillos-tenia-una-libreta-con-siete-suenos-anotados\\\/#primaryimage\",\"url\":\"https:\\\/\\\/prensapaisa.com\\\/wp-content\\\/uploads\\\/2025\\\/08\\\/535017982_802757968985859_8712390687977371757_n.jpg\",\"contentUrl\":\"https:\\\/\\\/prensapaisa.com\\\/wp-content\\\/uploads\\\/2025\\\/08\\\/535017982_802757968985859_8712390687977371757_n.jpg\",\"width\":1290,\"height\":1716},{\"@type\":\"BreadcrumbList\",\"@id\":\"https:\\\/\\\/prensapaisa.com\\\/index.php\\\/2025\\\/08\\\/21\\\/motociclista-fallecio-en-itagui-antioquia-en-uno-de-sus-bolsillos-tenia-una-libreta-con-siete-suenos-anotados\\\/#breadcrumb\",\"itemListElement\":[{\"@type\":\"ListItem\",\"position\":1,\"name\":\"Inicio\",\"item\":\"https:\\\/\\\/prensapaisa.com\\\/\"},{\"@type\":\"ListItem\",\"position\":2,\"name\":\"Motociclista falleci\u00f3 en Itag\u00fc\u00ed, Antioquia; en uno de sus bolsillos ten\u00eda una libreta con siete sue\u00f1os anotados\u2026\"}]},{\"@type\":\"WebSite\",\"@id\":\"https:\\\/\\\/prensapaisa.com\\\/#website\",\"url\":\"https:\\\/\\\/prensapaisa.com\\\/\",\"name\":\"PRENSA PAISA\",\"description\":\"Prensa Paisa la Original | Noticias de Medell\u00edn, Antioquia\",\"publisher\":{\"@id\":\"https:\\\/\\\/prensapaisa.com\\\/#organization\"},\"potentialAction\":[{\"@type\":\"SearchAction\",\"target\":{\"@type\":\"EntryPoint\",\"urlTemplate\":\"https:\\\/\\\/prensapaisa.com\\\/?s={search_term_string}\"},\"query-input\":{\"@type\":\"PropertyValueSpecification\",\"valueRequired\":true,\"valueName\":\"search_term_string\"}}],\"inLanguage\":\"es-CO\"},{\"@type\":\"Organization\",\"@id\":\"https:\\\/\\\/prensapaisa.com\\\/#organization\",\"name\":\"PRENSA PAISA\",\"url\":\"https:\\\/\\\/prensapaisa.com\\\/\",\"logo\":{\"@type\":\"ImageObject\",\"inLanguage\":\"es-CO\",\"@id\":\"https:\\\/\\\/prensapaisa.com\\\/#\\\/schema\\\/logo\\\/image\\\/\",\"url\":\"https:\\\/\\\/prensapaisa.com\\\/wp-content\\\/uploads\\\/2022\\\/05\\\/cropped-cropped-prensa.png\",\"contentUrl\":\"https:\\\/\\\/prensapaisa.com\\\/wp-content\\\/uploads\\\/2022\\\/05\\\/cropped-cropped-prensa.png\",\"width\":784,\"height\":524,\"caption\":\"PRENSA PAISA\"},\"image\":{\"@id\":\"https:\\\/\\\/prensapaisa.com\\\/#\\\/schema\\\/logo\\\/image\\\/\"}},{\"@type\":\"Person\",\"@id\":\"https:\\\/\\\/prensapaisa.com\\\/#\\\/schema\\\/person\\\/c5899b8b285dbcd70faec88a7c1579f6\",\"name\":\"noticias@prensapaisa.com\",\"image\":{\"@type\":\"ImageObject\",\"inLanguage\":\"es-CO\",\"@id\":\"https:\\\/\\\/secure.gravatar.com\\\/avatar\\\/ca2b49c1df14b84557c567431f045ea69c8ea5da2da50309fd4de9b811da0433?s=96&d=mm&r=g\",\"url\":\"https:\\\/\\\/secure.gravatar.com\\\/avatar\\\/ca2b49c1df14b84557c567431f045ea69c8ea5da2da50309fd4de9b811da0433?s=96&d=mm&r=g\",\"contentUrl\":\"https:\\\/\\\/secure.gravatar.com\\\/avatar\\\/ca2b49c1df14b84557c567431f045ea69c8ea5da2da50309fd4de9b811da0433?s=96&d=mm&r=g\",\"caption\":\"noticias@prensapaisa.com\"},\"sameAs\":[\"http:\\\/\\\/prensapaisa.com\"],\"url\":\"https:\\\/\\\/prensapaisa.com\\\/index.php\\\/author\\\/prensapaisagmail-com\\\/\"}]}<\/script>\n<!-- \/ Yoast SEO plugin. -->","yoast_head_json":{"title":"Motociclista falleci\u00f3 en Itag\u00fc\u00ed, Antioquia; en uno de sus bolsillos ten\u00eda una libreta con siete sue\u00f1os anotados\u2026 - PRENSA PAISA","robots":{"index":"index","follow":"follow","max-snippet":"max-snippet:-1","max-image-preview":"max-image-preview:large","max-video-preview":"max-video-preview:-1"},"canonical":"https:\/\/prensapaisa.com\/index.php\/2025\/08\/21\/motociclista-fallecio-en-itagui-antioquia-en-uno-de-sus-bolsillos-tenia-una-libreta-con-siete-suenos-anotados\/","og_locale":"es_ES","og_type":"article","og_title":"Motociclista falleci\u00f3 en Itag\u00fc\u00ed, Antioquia; en uno de sus bolsillos ten\u00eda una libreta con siete sue\u00f1os anotados\u2026 - PRENSA PAISA","og_description":"A Laurence Torres Pineda, un hombre trabajador y so\u00f1ador, la vida se le apag\u00f3 en plena v\u00eda cuando iba en su moto, sobre el puente Sim\u00f3n Bol\u00edvar \u2013 Pandequeso, en&hellip;","og_url":"https:\/\/prensapaisa.com\/index.php\/2025\/08\/21\/motociclista-fallecio-en-itagui-antioquia-en-uno-de-sus-bolsillos-tenia-una-libreta-con-siete-suenos-anotados\/","og_site_name":"PRENSA PAISA","article_published_time":"2025-08-22T02:45:32+00:00","article_modified_time":"2025-08-22T02:45:34+00:00","og_image":[{"width":1290,"height":1716,"url":"https:\/\/prensapaisa.com\/wp-content\/uploads\/2025\/08\/535017982_802757968985859_8712390687977371757_n.jpg","type":"image\/jpeg"}],"author":"noticias@prensapaisa.com","twitter_card":"summary_large_image","twitter_misc":{"Escrito por":"noticias@prensapaisa.com","Tiempo de lectura":"3 minutos"},"schema":{"@context":"https:\/\/schema.org","@graph":[{"@type":"Article","@id":"https:\/\/prensapaisa.com\/index.php\/2025\/08\/21\/motociclista-fallecio-en-itagui-antioquia-en-uno-de-sus-bolsillos-tenia-una-libreta-con-siete-suenos-anotados\/#article","isPartOf":{"@id":"https:\/\/prensapaisa.com\/index.php\/2025\/08\/21\/motociclista-fallecio-en-itagui-antioquia-en-uno-de-sus-bolsillos-tenia-una-libreta-con-siete-suenos-anotados\/"},"author":{"name":"noticias@prensapaisa.com","@id":"https:\/\/prensapaisa.com\/#\/schema\/person\/c5899b8b285dbcd70faec88a7c1579f6"},"headline":"Motociclista falleci\u00f3 en Itag\u00fc\u00ed, Antioquia; en uno de sus bolsillos ten\u00eda una libreta con siete sue\u00f1os anotados\u2026","datePublished":"2025-08-22T02:45:32+00:00","dateModified":"2025-08-22T02:45:34+00:00","mainEntityOfPage":{"@id":"https:\/\/prensapaisa.com\/index.php\/2025\/08\/21\/motociclista-fallecio-en-itagui-antioquia-en-uno-de-sus-bolsillos-tenia-una-libreta-con-siete-suenos-anotados\/"},"wordCount":237,"publisher":{"@id":"https:\/\/prensapaisa.com\/#organization"},"image":{"@id":"https:\/\/prensapaisa.com\/index.php\/2025\/08\/21\/motociclista-fallecio-en-itagui-antioquia-en-uno-de-sus-bolsillos-tenia-una-libreta-con-siete-suenos-anotados\/#primaryimage"},"thumbnailUrl":"https:\/\/prensapaisa.com\/wp-content\/uploads\/2025\/08\/535017982_802757968985859_8712390687977371757_n.jpg","articleSection":["Accidentes","Fallecidos","Movilidad","Municipios","Noticias","Orden Publico","Redes Sociales"],"inLanguage":"es-CO"},{"@type":"WebPage","@id":"https:\/\/prensapaisa.com\/index.php\/2025\/08\/21\/motociclista-fallecio-en-itagui-antioquia-en-uno-de-sus-bolsillos-tenia-una-libreta-con-siete-suenos-anotados\/","url":"https:\/\/prensapaisa.com\/index.php\/2025\/08\/21\/motociclista-fallecio-en-itagui-antioquia-en-uno-de-sus-bolsillos-tenia-una-libreta-con-siete-suenos-anotados\/","name":"Motociclista falleci\u00f3 en Itag\u00fc\u00ed, Antioquia; en uno de sus bolsillos ten\u00eda una libreta con siete sue\u00f1os anotados\u2026 - PRENSA PAISA","isPartOf":{"@id":"https:\/\/prensapaisa.com\/#website"},"primaryImageOfPage":{"@id":"https:\/\/prensapaisa.com\/index.php\/2025\/08\/21\/motociclista-fallecio-en-itagui-antioquia-en-uno-de-sus-bolsillos-tenia-una-libreta-con-siete-suenos-anotados\/#primaryimage"},"image":{"@id":"https:\/\/prensapaisa.com\/index.php\/2025\/08\/21\/motociclista-fallecio-en-itagui-antioquia-en-uno-de-sus-bolsillos-tenia-una-libreta-con-siete-suenos-anotados\/#primaryimage"},"thumbnailUrl":"https:\/\/prensapaisa.com\/wp-content\/uploads\/2025\/08\/535017982_802757968985859_8712390687977371757_n.jpg","datePublished":"2025-08-22T02:45:32+00:00","dateModified":"2025-08-22T02:45:34+00:00","breadcrumb":{"@id":"https:\/\/prensapaisa.com\/index.php\/2025\/08\/21\/motociclista-fallecio-en-itagui-antioquia-en-uno-de-sus-bolsillos-tenia-una-libreta-con-siete-suenos-anotados\/#breadcrumb"},"inLanguage":"es-CO","potentialAction":[{"@type":"ReadAction","target":["https:\/\/prensapaisa.com\/index.php\/2025\/08\/21\/motociclista-fallecio-en-itagui-antioquia-en-uno-de-sus-bolsillos-tenia-una-libreta-con-siete-suenos-anotados\/"]}]},{"@type":"ImageObject","inLanguage":"es-CO","@id":"https:\/\/prensapaisa.com\/index.php\/2025\/08\/21\/motociclista-fallecio-en-itagui-antioquia-en-uno-de-sus-bolsillos-tenia-una-libreta-con-siete-suenos-anotados\/#primaryimage","url":"https:\/\/prensapaisa.com\/wp-content\/uploads\/2025\/08\/535017982_802757968985859_8712390687977371757_n.jpg","contentUrl":"https:\/\/prensapaisa.com\/wp-content\/uploads\/2025\/08\/535017982_802757968985859_8712390687977371757_n.jpg","width":1290,"height":1716},{"@type":"BreadcrumbList","@id":"https:\/\/prensapaisa.com\/index.php\/2025\/08\/21\/motociclista-fallecio-en-itagui-antioquia-en-uno-de-sus-bolsillos-tenia-una-libreta-con-siete-suenos-anotados\/#breadcrumb","itemListElement":[{"@type":"ListItem","position":1,"name":"Inicio","item":"https:\/\/prensapaisa.com\/"},{"@type":"ListItem","position":2,"name":"Motociclista falleci\u00f3 en Itag\u00fc\u00ed, Antioquia; en uno de sus bolsillos ten\u00eda una libreta con siete sue\u00f1os anotados\u2026"}]},{"@type":"WebSite","@id":"https:\/\/prensapaisa.com\/#website","url":"https:\/\/prensapaisa.com\/","name":"PRENSA PAISA","description":"Prensa Paisa la Original | Noticias de Medell\u00edn, Antioquia","publisher":{"@id":"https:\/\/prensapaisa.com\/#organization"},"potentialAction":[{"@type":"SearchAction","target":{"@type":"EntryPoint","urlTemplate":"https:\/\/prensapaisa.com\/?s={search_term_string}"},"query-input":{"@type":"PropertyValueSpecification","valueRequired":true,"valueName":"search_term_string"}}],"inLanguage":"es-CO"},{"@type":"Organization","@id":"https:\/\/prensapaisa.com\/#organization","name":"PRENSA PAISA","url":"https:\/\/prensapaisa.com\/","logo":{"@type":"ImageObject","inLanguage":"es-CO","@id":"https:\/\/prensapaisa.com\/#\/schema\/logo\/image\/","url":"https:\/\/prensapaisa.com\/wp-content\/uploads\/2022\/05\/cropped-cropped-prensa.png","contentUrl":"https:\/\/prensapaisa.com\/wp-content\/uploads\/2022\/05\/cropped-cropped-prensa.png","width":784,"height":524,"caption":"PRENSA PAISA"},"image":{"@id":"https:\/\/prensapaisa.com\/#\/schema\/logo\/image\/"}},{"@type":"Person","@id":"https:\/\/prensapaisa.com\/#\/schema\/person\/c5899b8b285dbcd70faec88a7c1579f6","name":"noticias@prensapaisa.com","image":{"@type":"ImageObject","inLanguage":"es-CO","@id":"https:\/\/secure.gravatar.com\/avatar\/ca2b49c1df14b84557c567431f045ea69c8ea5da2da50309fd4de9b811da0433?s=96&d=mm&r=g","url":"https:\/\/secure.gravatar.com\/avatar\/ca2b49c1df14b84557c567431f045ea69c8ea5da2da50309fd4de9b811da0433?s=96&d=mm&r=g","contentUrl":"https:\/\/secure.gravatar.com\/avatar\/ca2b49c1df14b84557c567431f045ea69c8ea5da2da50309fd4de9b811da0433?s=96&d=mm&r=g","caption":"noticias@prensapaisa.com"},"sameAs":["http:\/\/prensapaisa.com"],"url":"https:\/\/prensapaisa.com\/index.php\/author\/prensapaisagmail-com\/"}]}},"_links":{"self":[{"href":"https:\/\/prensapaisa.com\/index.php\/wp-json\/wp\/v2\/posts\/14989","targetHints":{"allow":["GET"]}}],"collection":[{"href":"https:\/\/prensapaisa.com\/index.php\/wp-json\/wp\/v2\/posts"}],"about":[{"href":"https:\/\/prensapaisa.com\/index.php\/wp-json\/wp\/v2\/types\/post"}],"author":[{"embeddable":true,"href":"https:\/\/prensapaisa.com\/index.php\/wp-json\/wp\/v2\/users\/1"}],"replies":[{"embeddable":true,"href":"https:\/\/prensapaisa.com\/index.php\/wp-json\/wp\/v2\/comments?post=14989"}],"version-history":[{"count":1,"href":"https:\/\/prensapaisa.com\/index.php\/wp-json\/wp\/v2\/posts\/14989\/revisions"}],"predecessor-version":[{"id":14995,"href":"https:\/\/prensapaisa.com\/index.php\/wp-json\/wp\/v2\/posts\/14989\/revisions\/14995"}],"wp:featuredmedia":[{"embeddable":true,"href":"https:\/\/prensapaisa.com\/index.php\/wp-json\/wp\/v2\/media\/14990"}],"wp:attachment":[{"href":"https:\/\/prensapaisa.com\/index.php\/wp-json\/wp\/v2\/media?parent=14989"}],"wp:term":[{"taxonomy":"category","embeddable":true,"href":"https:\/\/prensapaisa.com\/index.php\/wp-json\/wp\/v2\/categories?post=14989"},{"taxonomy":"post_tag","embeddable":true,"href":"https:\/\/prensapaisa.com\/index.php\/wp-json\/wp\/v2\/tags?post=14989"}],"curies":[{"name":"wp","href":"https:\/\/api.w.org\/{rel}","templated":true}]}}