{"id":14222,"date":"2025-04-26T07:22:11","date_gmt":"2025-04-26T12:22:11","guid":{"rendered":"https:\/\/prensapaisa.com\/?p=14222"},"modified":"2025-04-26T07:22:15","modified_gmt":"2025-04-26T12:22:15","slug":"paisa-fue-asesinada-por-equivocacion-cuando-se-fue-de-paseo-para-cartagena","status":"publish","type":"post","link":"https:\/\/prensapaisa.com\/index.php\/2025\/04\/26\/paisa-fue-asesinada-por-equivocacion-cuando-se-fue-de-paseo-para-cartagena\/","title":{"rendered":"Paisa fue asesinada por equivocaci\u00f3n cuando se fue de paseo para Cartagena"},"content":{"rendered":"\n<p><a href=\"https:\/\/prensapaisa.com\/?fbclid=IwZXh0bgNhZW0CMTAAYnJpZBExZlhZdTl5Rk40aXhIQlJzZwEeMLZOhj3QmDtsgm5BTYjW3JXP__YVnkURc7dL20g_QyFPYboxnjE2fVLFSL4_aem_O8zPIY11C7AKMU97EOe42A\" rel=\"noreferrer noopener\" target=\"_blank\">Prensapaisa.com<\/a><\/p>\n\n\n\n<figure class=\"wp-block-embed\"><div class=\"wp-block-embed__wrapper\">\nhttps:\/\/www.instagram.com\/prensapaisa?igsh=MWlhNDNia255djZyOA==\n<\/div><\/figure>\n\n\n\n<p>&#8220;Familiares y amigos le hacen luto a Jhesica Quintero Duque, antioque\u00f1a de 29 a\u00f1os, quien fue asesinada por error en un atentado en Cartagena.<\/p>\n\n\n\n<p>Una bala que no estaba destinada para su vida termin\u00f3 arrebat\u00e1ndosela. Jhesica Quintero Duque, una joven de 29 a\u00f1os, oriunda del corregimiento de La Danta, en Sons\u00f3n, Antioquia, fue asesinada el pasado s\u00e1bado mientras se desplazaba en motocicleta con otra persona por la Troncal de Occidente, cerca del cementerio Jardines de Paz en Cartagena.<\/p>\n\n\n\n<p>Jhesica cursaba el \u00faltimo semestre de Ingenier\u00eda Industrial en la Universidad Nacional Abierta y a Distancia (UNAD) y resid\u00eda en el municipio de Turbaco, Bol\u00edvar. So\u00f1aba con graduarse para sacar adelante a su familia y construir un mejor futuro.<\/p>\n\n\n\n<p>El ataque ocurri\u00f3 alrededor de las 3:45 de la tarde, cuando dos sicarios en moto se acercaron a la pareja y dispararon en repetidas ocasiones. Aunque su acompa\u00f1ante result\u00f3 ileso, Jhesica perdi\u00f3 la vida en el lugar. Todo indica que ella no era el objetivo, sino que fue v\u00edctima de una equivocaci\u00f3n fatal.<\/p>\n\n\n\n<p>Detr\u00e1s de este crimen, seg\u00fan informaci\u00f3n exclusiva obtenida por el medio alternativo Zona Activa Informa, estar\u00eda una vendetta interna dentro de la banda criminal conocida como Los Salsas Mexicanos, que ya ha dejado al menos dos antioque\u00f1os muertos en los \u00faltimos d\u00edas. Los autores intelectuales ser\u00edan alias \u2018Jacobo\u2019 y alias \u2018El Canoso\u2019, por orden directa de alias \u2018Gordo 60\u2019, uno de los m\u00e1ximos cabecillas de esta estructura delincuencial que opera desde la comuna de Robledo, en Medell\u00edn.<\/p>\n\n\n\n<p>La familia y la comunidad exigen justicia, mientras lloran la partida de una joven alegre, brillante y sin enemigos conocidos, cuya vida fue apagada en medio de una guerra que no era la suya&#8221;.<\/p>\n\n\n\n<p><a href=\"https:\/\/www.facebook.com\/hashtag\/fotinfo?__eep__=6&amp;__cft__[0]=AZXlHZOQ0Kihv_3Lfez86gwNHnRRxOacCzhtvpFDqbmRYT9sfvO-TCMHEN-S3BdD5L9_EtzgwVhOhToEcuOdH7b3aXSkkkIebn3rsstD4HXGfYkUAs2-N7exyVDZW3YnSIVQh-2uQnrZLNQVu_s0dvNF-iVOtJNaGFcJgu3o85sNCy57I7c_xJ5hRHPrTsDrIHk&amp;__tn__=*NK-R\">#Fotinfo<\/a>: Brayan Camargo<\/p>\n\n\n\n<figure class=\"wp-block-image size-full\"><img fetchpriority=\"high\" decoding=\"async\" width=\"600\" height=\"600\" src=\"https:\/\/prensapaisa.com\/wp-content\/uploads\/2025\/04\/492524272_712821004646223_7235731952874668044_n.jpg\" alt=\"\" class=\"wp-image-14223\" srcset=\"https:\/\/prensapaisa.com\/wp-content\/uploads\/2025\/04\/492524272_712821004646223_7235731952874668044_n.jpg 600w, https:\/\/prensapaisa.com\/wp-content\/uploads\/2025\/04\/492524272_712821004646223_7235731952874668044_n-300x300.jpg 300w, https:\/\/prensapaisa.com\/wp-content\/uploads\/2025\/04\/492524272_712821004646223_7235731952874668044_n-150x150.jpg 150w, https:\/\/prensapaisa.com\/wp-content\/uploads\/2025\/04\/492524272_712821004646223_7235731952874668044_n-585x585.jpg 585w\" sizes=\"(max-width: 600px) 100vw, 600px\" \/><\/figure>\n\n\n\n<figure class=\"wp-block-image size-full\"><img decoding=\"async\" width=\"600\" height=\"600\" src=\"https:\/\/prensapaisa.com\/wp-content\/uploads\/2025\/04\/492010477_712820964646227_634330261420708735_n.jpg\" alt=\"\" class=\"wp-image-14224\" srcset=\"https:\/\/prensapaisa.com\/wp-content\/uploads\/2025\/04\/492010477_712820964646227_634330261420708735_n.jpg 600w, https:\/\/prensapaisa.com\/wp-content\/uploads\/2025\/04\/492010477_712820964646227_634330261420708735_n-300x300.jpg 300w, https:\/\/prensapaisa.com\/wp-content\/uploads\/2025\/04\/492010477_712820964646227_634330261420708735_n-150x150.jpg 150w, https:\/\/prensapaisa.com\/wp-content\/uploads\/2025\/04\/492010477_712820964646227_634330261420708735_n-585x585.jpg 585w\" sizes=\"(max-width: 600px) 100vw, 600px\" \/><\/figure>\n\n\n\n<figure class=\"wp-block-image size-large\"><img decoding=\"async\" width=\"1024\" height=\"1024\" src=\"https:\/\/prensapaisa.com\/wp-content\/uploads\/2025\/04\/492085973_712821024646221_2188670238290457718_n-1024x1024.jpg\" alt=\"\" class=\"wp-image-14225\" srcset=\"https:\/\/prensapaisa.com\/wp-content\/uploads\/2025\/04\/492085973_712821024646221_2188670238290457718_n-1024x1024.jpg 1024w, https:\/\/prensapaisa.com\/wp-content\/uploads\/2025\/04\/492085973_712821024646221_2188670238290457718_n-300x300.jpg 300w, https:\/\/prensapaisa.com\/wp-content\/uploads\/2025\/04\/492085973_712821024646221_2188670238290457718_n-150x150.jpg 150w, https:\/\/prensapaisa.com\/wp-content\/uploads\/2025\/04\/492085973_712821024646221_2188670238290457718_n-768x768.jpg 768w, https:\/\/prensapaisa.com\/wp-content\/uploads\/2025\/04\/492085973_712821024646221_2188670238290457718_n-585x585.jpg 585w, https:\/\/prensapaisa.com\/wp-content\/uploads\/2025\/04\/492085973_712821024646221_2188670238290457718_n.jpg 1080w\" sizes=\"(max-width: 1024px) 100vw, 1024px\" \/><\/figure>\n\n\n\n<figure class=\"wp-block-image size-large\"><img loading=\"lazy\" decoding=\"async\" width=\"1024\" height=\"1024\" src=\"https:\/\/prensapaisa.com\/wp-content\/uploads\/2025\/04\/491996150_712820994646224_3637965155970102324_n-1024x1024.jpg\" alt=\"\" class=\"wp-image-14226\" srcset=\"https:\/\/prensapaisa.com\/wp-content\/uploads\/2025\/04\/491996150_712820994646224_3637965155970102324_n-1024x1024.jpg 1024w, https:\/\/prensapaisa.com\/wp-content\/uploads\/2025\/04\/491996150_712820994646224_3637965155970102324_n-300x300.jpg 300w, https:\/\/prensapaisa.com\/wp-content\/uploads\/2025\/04\/491996150_712820994646224_3637965155970102324_n-150x150.jpg 150w, https:\/\/prensapaisa.com\/wp-content\/uploads\/2025\/04\/491996150_712820994646224_3637965155970102324_n-768x768.jpg 768w, https:\/\/prensapaisa.com\/wp-content\/uploads\/2025\/04\/491996150_712820994646224_3637965155970102324_n-585x585.jpg 585w, https:\/\/prensapaisa.com\/wp-content\/uploads\/2025\/04\/491996150_712820994646224_3637965155970102324_n.jpg 1043w\" sizes=\"(max-width: 1024px) 100vw, 1024px\" \/><\/figure>\n","protected":false},"excerpt":{"rendered":"<p>Prensapaisa.com &#8220;Familiares y amigos le hacen luto a Jhesica Quintero Duque, antioque\u00f1a de 29 a\u00f1os, quien fue asesinada por error en un atentado en Cartagena. Una bala que no estaba&hellip;<\/p>\n","protected":false},"author":1,"featured_media":14225,"comment_status":"closed","ping_status":"open","sticky":false,"template":"","format":"standard","meta":{"footnotes":""},"categories":[43,16,1,47,46],"tags":[],"class_list":["post-14222","post","type-post","status-publish","format-standard","has-post-thumbnail","hentry","category-fallecidos","category-municipios","category-noticias","category-orden-publico","category-redes-sociales"],"yoast_head":"<!-- This site is optimized with the Yoast SEO plugin v27.5 - https:\/\/yoast.com\/product\/yoast-seo-wordpress\/ -->\n<title>Paisa fue asesinada por equivocaci\u00f3n cuando se fue de paseo para Cartagena - PRENSA PAISA<\/title>\n<meta name=\"robots\" content=\"index, follow, max-snippet:-1, max-image-preview:large, max-video-preview:-1\" \/>\n<link rel=\"canonical\" href=\"https:\/\/prensapaisa.com\/index.php\/2025\/04\/26\/paisa-fue-asesinada-por-equivocacion-cuando-se-fue-de-paseo-para-cartagena\/\" \/>\n<meta property=\"og:locale\" content=\"es_ES\" \/>\n<meta property=\"og:type\" content=\"article\" \/>\n<meta property=\"og:title\" content=\"Paisa fue asesinada por equivocaci\u00f3n cuando se fue de paseo para Cartagena - PRENSA PAISA\" \/>\n<meta property=\"og:description\" content=\"Prensapaisa.com &#8220;Familiares y amigos le hacen luto a Jhesica Quintero Duque, antioque\u00f1a de 29 a\u00f1os, quien fue asesinada por error en un atentado en Cartagena. Una bala que no estaba&hellip;\" \/>\n<meta property=\"og:url\" content=\"https:\/\/prensapaisa.com\/index.php\/2025\/04\/26\/paisa-fue-asesinada-por-equivocacion-cuando-se-fue-de-paseo-para-cartagena\/\" \/>\n<meta property=\"og:site_name\" content=\"PRENSA PAISA\" \/>\n<meta property=\"article:published_time\" content=\"2025-04-26T12:22:11+00:00\" \/>\n<meta property=\"article:modified_time\" content=\"2025-04-26T12:22:15+00:00\" \/>\n<meta property=\"og:image\" content=\"https:\/\/prensapaisa.com\/wp-content\/uploads\/2025\/04\/492085973_712821024646221_2188670238290457718_n.jpg\" \/>\n\t<meta property=\"og:image:width\" content=\"1080\" \/>\n\t<meta property=\"og:image:height\" content=\"1080\" \/>\n\t<meta property=\"og:image:type\" content=\"image\/jpeg\" \/>\n<meta name=\"author\" content=\"noticias@prensapaisa.com\" \/>\n<meta name=\"twitter:card\" content=\"summary_large_image\" \/>\n<meta name=\"twitter:label1\" content=\"Escrito por\" \/>\n\t<meta name=\"twitter:data1\" content=\"noticias@prensapaisa.com\" \/>\n\t<meta name=\"twitter:label2\" content=\"Tiempo de lectura\" \/>\n\t<meta name=\"twitter:data2\" content=\"3 minutos\" \/>\n<script type=\"application\/ld+json\" class=\"yoast-schema-graph\">{\"@context\":\"https:\\\/\\\/schema.org\",\"@graph\":[{\"@type\":\"Article\",\"@id\":\"https:\\\/\\\/prensapaisa.com\\\/index.php\\\/2025\\\/04\\\/26\\\/paisa-fue-asesinada-por-equivocacion-cuando-se-fue-de-paseo-para-cartagena\\\/#article\",\"isPartOf\":{\"@id\":\"https:\\\/\\\/prensapaisa.com\\\/index.php\\\/2025\\\/04\\\/26\\\/paisa-fue-asesinada-por-equivocacion-cuando-se-fue-de-paseo-para-cartagena\\\/\"},\"author\":{\"name\":\"noticias@prensapaisa.com\",\"@id\":\"https:\\\/\\\/prensapaisa.com\\\/#\\\/schema\\\/person\\\/c5899b8b285dbcd70faec88a7c1579f6\"},\"headline\":\"Paisa fue asesinada por equivocaci\u00f3n cuando se fue de paseo para Cartagena\",\"datePublished\":\"2025-04-26T12:22:11+00:00\",\"dateModified\":\"2025-04-26T12:22:15+00:00\",\"mainEntityOfPage\":{\"@id\":\"https:\\\/\\\/prensapaisa.com\\\/index.php\\\/2025\\\/04\\\/26\\\/paisa-fue-asesinada-por-equivocacion-cuando-se-fue-de-paseo-para-cartagena\\\/\"},\"wordCount\":325,\"publisher\":{\"@id\":\"https:\\\/\\\/prensapaisa.com\\\/#organization\"},\"image\":{\"@id\":\"https:\\\/\\\/prensapaisa.com\\\/index.php\\\/2025\\\/04\\\/26\\\/paisa-fue-asesinada-por-equivocacion-cuando-se-fue-de-paseo-para-cartagena\\\/#primaryimage\"},\"thumbnailUrl\":\"https:\\\/\\\/prensapaisa.com\\\/wp-content\\\/uploads\\\/2025\\\/04\\\/492085973_712821024646221_2188670238290457718_n.jpg\",\"articleSection\":[\"Fallecidos\",\"Municipios\",\"Noticias\",\"Orden Publico\",\"Redes Sociales\"],\"inLanguage\":\"es-CO\"},{\"@type\":\"WebPage\",\"@id\":\"https:\\\/\\\/prensapaisa.com\\\/index.php\\\/2025\\\/04\\\/26\\\/paisa-fue-asesinada-por-equivocacion-cuando-se-fue-de-paseo-para-cartagena\\\/\",\"url\":\"https:\\\/\\\/prensapaisa.com\\\/index.php\\\/2025\\\/04\\\/26\\\/paisa-fue-asesinada-por-equivocacion-cuando-se-fue-de-paseo-para-cartagena\\\/\",\"name\":\"Paisa fue asesinada por equivocaci\u00f3n cuando se fue de paseo para Cartagena - PRENSA PAISA\",\"isPartOf\":{\"@id\":\"https:\\\/\\\/prensapaisa.com\\\/#website\"},\"primaryImageOfPage\":{\"@id\":\"https:\\\/\\\/prensapaisa.com\\\/index.php\\\/2025\\\/04\\\/26\\\/paisa-fue-asesinada-por-equivocacion-cuando-se-fue-de-paseo-para-cartagena\\\/#primaryimage\"},\"image\":{\"@id\":\"https:\\\/\\\/prensapaisa.com\\\/index.php\\\/2025\\\/04\\\/26\\\/paisa-fue-asesinada-por-equivocacion-cuando-se-fue-de-paseo-para-cartagena\\\/#primaryimage\"},\"thumbnailUrl\":\"https:\\\/\\\/prensapaisa.com\\\/wp-content\\\/uploads\\\/2025\\\/04\\\/492085973_712821024646221_2188670238290457718_n.jpg\",\"datePublished\":\"2025-04-26T12:22:11+00:00\",\"dateModified\":\"2025-04-26T12:22:15+00:00\",\"breadcrumb\":{\"@id\":\"https:\\\/\\\/prensapaisa.com\\\/index.php\\\/2025\\\/04\\\/26\\\/paisa-fue-asesinada-por-equivocacion-cuando-se-fue-de-paseo-para-cartagena\\\/#breadcrumb\"},\"inLanguage\":\"es-CO\",\"potentialAction\":[{\"@type\":\"ReadAction\",\"target\":[\"https:\\\/\\\/prensapaisa.com\\\/index.php\\\/2025\\\/04\\\/26\\\/paisa-fue-asesinada-por-equivocacion-cuando-se-fue-de-paseo-para-cartagena\\\/\"]}]},{\"@type\":\"ImageObject\",\"inLanguage\":\"es-CO\",\"@id\":\"https:\\\/\\\/prensapaisa.com\\\/index.php\\\/2025\\\/04\\\/26\\\/paisa-fue-asesinada-por-equivocacion-cuando-se-fue-de-paseo-para-cartagena\\\/#primaryimage\",\"url\":\"https:\\\/\\\/prensapaisa.com\\\/wp-content\\\/uploads\\\/2025\\\/04\\\/492085973_712821024646221_2188670238290457718_n.jpg\",\"contentUrl\":\"https:\\\/\\\/prensapaisa.com\\\/wp-content\\\/uploads\\\/2025\\\/04\\\/492085973_712821024646221_2188670238290457718_n.jpg\",\"width\":1080,\"height\":1080},{\"@type\":\"BreadcrumbList\",\"@id\":\"https:\\\/\\\/prensapaisa.com\\\/index.php\\\/2025\\\/04\\\/26\\\/paisa-fue-asesinada-por-equivocacion-cuando-se-fue-de-paseo-para-cartagena\\\/#breadcrumb\",\"itemListElement\":[{\"@type\":\"ListItem\",\"position\":1,\"name\":\"Inicio\",\"item\":\"https:\\\/\\\/prensapaisa.com\\\/\"},{\"@type\":\"ListItem\",\"position\":2,\"name\":\"Paisa fue asesinada por equivocaci\u00f3n cuando se fue de paseo para Cartagena\"}]},{\"@type\":\"WebSite\",\"@id\":\"https:\\\/\\\/prensapaisa.com\\\/#website\",\"url\":\"https:\\\/\\\/prensapaisa.com\\\/\",\"name\":\"PRENSA PAISA\",\"description\":\"Prensa Paisa la Original | Noticias de Medell\u00edn, Antioquia\",\"publisher\":{\"@id\":\"https:\\\/\\\/prensapaisa.com\\\/#organization\"},\"potentialAction\":[{\"@type\":\"SearchAction\",\"target\":{\"@type\":\"EntryPoint\",\"urlTemplate\":\"https:\\\/\\\/prensapaisa.com\\\/?s={search_term_string}\"},\"query-input\":{\"@type\":\"PropertyValueSpecification\",\"valueRequired\":true,\"valueName\":\"search_term_string\"}}],\"inLanguage\":\"es-CO\"},{\"@type\":\"Organization\",\"@id\":\"https:\\\/\\\/prensapaisa.com\\\/#organization\",\"name\":\"PRENSA PAISA\",\"url\":\"https:\\\/\\\/prensapaisa.com\\\/\",\"logo\":{\"@type\":\"ImageObject\",\"inLanguage\":\"es-CO\",\"@id\":\"https:\\\/\\\/prensapaisa.com\\\/#\\\/schema\\\/logo\\\/image\\\/\",\"url\":\"https:\\\/\\\/prensapaisa.com\\\/wp-content\\\/uploads\\\/2022\\\/05\\\/cropped-cropped-prensa.png\",\"contentUrl\":\"https:\\\/\\\/prensapaisa.com\\\/wp-content\\\/uploads\\\/2022\\\/05\\\/cropped-cropped-prensa.png\",\"width\":784,\"height\":524,\"caption\":\"PRENSA PAISA\"},\"image\":{\"@id\":\"https:\\\/\\\/prensapaisa.com\\\/#\\\/schema\\\/logo\\\/image\\\/\"}},{\"@type\":\"Person\",\"@id\":\"https:\\\/\\\/prensapaisa.com\\\/#\\\/schema\\\/person\\\/c5899b8b285dbcd70faec88a7c1579f6\",\"name\":\"noticias@prensapaisa.com\",\"image\":{\"@type\":\"ImageObject\",\"inLanguage\":\"es-CO\",\"@id\":\"https:\\\/\\\/secure.gravatar.com\\\/avatar\\\/ca2b49c1df14b84557c567431f045ea69c8ea5da2da50309fd4de9b811da0433?s=96&d=mm&r=g\",\"url\":\"https:\\\/\\\/secure.gravatar.com\\\/avatar\\\/ca2b49c1df14b84557c567431f045ea69c8ea5da2da50309fd4de9b811da0433?s=96&d=mm&r=g\",\"contentUrl\":\"https:\\\/\\\/secure.gravatar.com\\\/avatar\\\/ca2b49c1df14b84557c567431f045ea69c8ea5da2da50309fd4de9b811da0433?s=96&d=mm&r=g\",\"caption\":\"noticias@prensapaisa.com\"},\"sameAs\":[\"http:\\\/\\\/prensapaisa.com\"],\"url\":\"https:\\\/\\\/prensapaisa.com\\\/index.php\\\/author\\\/prensapaisagmail-com\\\/\"}]}<\/script>\n<!-- \/ Yoast SEO plugin. -->","yoast_head_json":{"title":"Paisa fue asesinada por equivocaci\u00f3n cuando se fue de paseo para Cartagena - PRENSA PAISA","robots":{"index":"index","follow":"follow","max-snippet":"max-snippet:-1","max-image-preview":"max-image-preview:large","max-video-preview":"max-video-preview:-1"},"canonical":"https:\/\/prensapaisa.com\/index.php\/2025\/04\/26\/paisa-fue-asesinada-por-equivocacion-cuando-se-fue-de-paseo-para-cartagena\/","og_locale":"es_ES","og_type":"article","og_title":"Paisa fue asesinada por equivocaci\u00f3n cuando se fue de paseo para Cartagena - PRENSA PAISA","og_description":"Prensapaisa.com &#8220;Familiares y amigos le hacen luto a Jhesica Quintero Duque, antioque\u00f1a de 29 a\u00f1os, quien fue asesinada por error en un atentado en Cartagena. Una bala que no estaba&hellip;","og_url":"https:\/\/prensapaisa.com\/index.php\/2025\/04\/26\/paisa-fue-asesinada-por-equivocacion-cuando-se-fue-de-paseo-para-cartagena\/","og_site_name":"PRENSA PAISA","article_published_time":"2025-04-26T12:22:11+00:00","article_modified_time":"2025-04-26T12:22:15+00:00","og_image":[{"width":1080,"height":1080,"url":"https:\/\/prensapaisa.com\/wp-content\/uploads\/2025\/04\/492085973_712821024646221_2188670238290457718_n.jpg","type":"image\/jpeg"}],"author":"noticias@prensapaisa.com","twitter_card":"summary_large_image","twitter_misc":{"Escrito por":"noticias@prensapaisa.com","Tiempo de lectura":"3 minutos"},"schema":{"@context":"https:\/\/schema.org","@graph":[{"@type":"Article","@id":"https:\/\/prensapaisa.com\/index.php\/2025\/04\/26\/paisa-fue-asesinada-por-equivocacion-cuando-se-fue-de-paseo-para-cartagena\/#article","isPartOf":{"@id":"https:\/\/prensapaisa.com\/index.php\/2025\/04\/26\/paisa-fue-asesinada-por-equivocacion-cuando-se-fue-de-paseo-para-cartagena\/"},"author":{"name":"noticias@prensapaisa.com","@id":"https:\/\/prensapaisa.com\/#\/schema\/person\/c5899b8b285dbcd70faec88a7c1579f6"},"headline":"Paisa fue asesinada por equivocaci\u00f3n cuando se fue de paseo para Cartagena","datePublished":"2025-04-26T12:22:11+00:00","dateModified":"2025-04-26T12:22:15+00:00","mainEntityOfPage":{"@id":"https:\/\/prensapaisa.com\/index.php\/2025\/04\/26\/paisa-fue-asesinada-por-equivocacion-cuando-se-fue-de-paseo-para-cartagena\/"},"wordCount":325,"publisher":{"@id":"https:\/\/prensapaisa.com\/#organization"},"image":{"@id":"https:\/\/prensapaisa.com\/index.php\/2025\/04\/26\/paisa-fue-asesinada-por-equivocacion-cuando-se-fue-de-paseo-para-cartagena\/#primaryimage"},"thumbnailUrl":"https:\/\/prensapaisa.com\/wp-content\/uploads\/2025\/04\/492085973_712821024646221_2188670238290457718_n.jpg","articleSection":["Fallecidos","Municipios","Noticias","Orden Publico","Redes Sociales"],"inLanguage":"es-CO"},{"@type":"WebPage","@id":"https:\/\/prensapaisa.com\/index.php\/2025\/04\/26\/paisa-fue-asesinada-por-equivocacion-cuando-se-fue-de-paseo-para-cartagena\/","url":"https:\/\/prensapaisa.com\/index.php\/2025\/04\/26\/paisa-fue-asesinada-por-equivocacion-cuando-se-fue-de-paseo-para-cartagena\/","name":"Paisa fue asesinada por equivocaci\u00f3n cuando se fue de paseo para Cartagena - PRENSA PAISA","isPartOf":{"@id":"https:\/\/prensapaisa.com\/#website"},"primaryImageOfPage":{"@id":"https:\/\/prensapaisa.com\/index.php\/2025\/04\/26\/paisa-fue-asesinada-por-equivocacion-cuando-se-fue-de-paseo-para-cartagena\/#primaryimage"},"image":{"@id":"https:\/\/prensapaisa.com\/index.php\/2025\/04\/26\/paisa-fue-asesinada-por-equivocacion-cuando-se-fue-de-paseo-para-cartagena\/#primaryimage"},"thumbnailUrl":"https:\/\/prensapaisa.com\/wp-content\/uploads\/2025\/04\/492085973_712821024646221_2188670238290457718_n.jpg","datePublished":"2025-04-26T12:22:11+00:00","dateModified":"2025-04-26T12:22:15+00:00","breadcrumb":{"@id":"https:\/\/prensapaisa.com\/index.php\/2025\/04\/26\/paisa-fue-asesinada-por-equivocacion-cuando-se-fue-de-paseo-para-cartagena\/#breadcrumb"},"inLanguage":"es-CO","potentialAction":[{"@type":"ReadAction","target":["https:\/\/prensapaisa.com\/index.php\/2025\/04\/26\/paisa-fue-asesinada-por-equivocacion-cuando-se-fue-de-paseo-para-cartagena\/"]}]},{"@type":"ImageObject","inLanguage":"es-CO","@id":"https:\/\/prensapaisa.com\/index.php\/2025\/04\/26\/paisa-fue-asesinada-por-equivocacion-cuando-se-fue-de-paseo-para-cartagena\/#primaryimage","url":"https:\/\/prensapaisa.com\/wp-content\/uploads\/2025\/04\/492085973_712821024646221_2188670238290457718_n.jpg","contentUrl":"https:\/\/prensapaisa.com\/wp-content\/uploads\/2025\/04\/492085973_712821024646221_2188670238290457718_n.jpg","width":1080,"height":1080},{"@type":"BreadcrumbList","@id":"https:\/\/prensapaisa.com\/index.php\/2025\/04\/26\/paisa-fue-asesinada-por-equivocacion-cuando-se-fue-de-paseo-para-cartagena\/#breadcrumb","itemListElement":[{"@type":"ListItem","position":1,"name":"Inicio","item":"https:\/\/prensapaisa.com\/"},{"@type":"ListItem","position":2,"name":"Paisa fue asesinada por equivocaci\u00f3n cuando se fue de paseo para Cartagena"}]},{"@type":"WebSite","@id":"https:\/\/prensapaisa.com\/#website","url":"https:\/\/prensapaisa.com\/","name":"PRENSA PAISA","description":"Prensa Paisa la Original | Noticias de Medell\u00edn, Antioquia","publisher":{"@id":"https:\/\/prensapaisa.com\/#organization"},"potentialAction":[{"@type":"SearchAction","target":{"@type":"EntryPoint","urlTemplate":"https:\/\/prensapaisa.com\/?s={search_term_string}"},"query-input":{"@type":"PropertyValueSpecification","valueRequired":true,"valueName":"search_term_string"}}],"inLanguage":"es-CO"},{"@type":"Organization","@id":"https:\/\/prensapaisa.com\/#organization","name":"PRENSA PAISA","url":"https:\/\/prensapaisa.com\/","logo":{"@type":"ImageObject","inLanguage":"es-CO","@id":"https:\/\/prensapaisa.com\/#\/schema\/logo\/image\/","url":"https:\/\/prensapaisa.com\/wp-content\/uploads\/2022\/05\/cropped-cropped-prensa.png","contentUrl":"https:\/\/prensapaisa.com\/wp-content\/uploads\/2022\/05\/cropped-cropped-prensa.png","width":784,"height":524,"caption":"PRENSA PAISA"},"image":{"@id":"https:\/\/prensapaisa.com\/#\/schema\/logo\/image\/"}},{"@type":"Person","@id":"https:\/\/prensapaisa.com\/#\/schema\/person\/c5899b8b285dbcd70faec88a7c1579f6","name":"noticias@prensapaisa.com","image":{"@type":"ImageObject","inLanguage":"es-CO","@id":"https:\/\/secure.gravatar.com\/avatar\/ca2b49c1df14b84557c567431f045ea69c8ea5da2da50309fd4de9b811da0433?s=96&d=mm&r=g","url":"https:\/\/secure.gravatar.com\/avatar\/ca2b49c1df14b84557c567431f045ea69c8ea5da2da50309fd4de9b811da0433?s=96&d=mm&r=g","contentUrl":"https:\/\/secure.gravatar.com\/avatar\/ca2b49c1df14b84557c567431f045ea69c8ea5da2da50309fd4de9b811da0433?s=96&d=mm&r=g","caption":"noticias@prensapaisa.com"},"sameAs":["http:\/\/prensapaisa.com"],"url":"https:\/\/prensapaisa.com\/index.php\/author\/prensapaisagmail-com\/"}]}},"_links":{"self":[{"href":"https:\/\/prensapaisa.com\/index.php\/wp-json\/wp\/v2\/posts\/14222","targetHints":{"allow":["GET"]}}],"collection":[{"href":"https:\/\/prensapaisa.com\/index.php\/wp-json\/wp\/v2\/posts"}],"about":[{"href":"https:\/\/prensapaisa.com\/index.php\/wp-json\/wp\/v2\/types\/post"}],"author":[{"embeddable":true,"href":"https:\/\/prensapaisa.com\/index.php\/wp-json\/wp\/v2\/users\/1"}],"replies":[{"embeddable":true,"href":"https:\/\/prensapaisa.com\/index.php\/wp-json\/wp\/v2\/comments?post=14222"}],"version-history":[{"count":1,"href":"https:\/\/prensapaisa.com\/index.php\/wp-json\/wp\/v2\/posts\/14222\/revisions"}],"predecessor-version":[{"id":14227,"href":"https:\/\/prensapaisa.com\/index.php\/wp-json\/wp\/v2\/posts\/14222\/revisions\/14227"}],"wp:featuredmedia":[{"embeddable":true,"href":"https:\/\/prensapaisa.com\/index.php\/wp-json\/wp\/v2\/media\/14225"}],"wp:attachment":[{"href":"https:\/\/prensapaisa.com\/index.php\/wp-json\/wp\/v2\/media?parent=14222"}],"wp:term":[{"taxonomy":"category","embeddable":true,"href":"https:\/\/prensapaisa.com\/index.php\/wp-json\/wp\/v2\/categories?post=14222"},{"taxonomy":"post_tag","embeddable":true,"href":"https:\/\/prensapaisa.com\/index.php\/wp-json\/wp\/v2\/tags?post=14222"}],"curies":[{"name":"wp","href":"https:\/\/api.w.org\/{rel}","templated":true}]}}