{"id":13854,"date":"2024-12-30T01:02:11","date_gmt":"2024-12-30T06:02:11","guid":{"rendered":"https:\/\/prensapaisa.com\/?p=13854"},"modified":"2025-01-11T16:12:35","modified_gmt":"2025-01-11T21:12:35","slug":"capturan-a-la-banda-de-la-natilla-por-extorsion","status":"publish","type":"post","link":"https:\/\/prensapaisa.com\/index.php\/2024\/12\/30\/capturan-a-la-banda-de-la-natilla-por-extorsion\/","title":{"rendered":"Capturan a la banda de la &#8220;natilla&#8221; por extorsi\u00f3n"},"content":{"rendered":"\n<p>17 personas fueron detenidas, en las que se encuentran alias &#8220;bu\u00f1uelo&#8221;, alias &#8220;empanada&#8221; y alias &#8220;palito&#8221;, quienes se dedicaban a la extorsi\u00f3n de la canasta b\u00e1sica familiar como arepas, huevos, l\u00e1cteos y gas propano<\/p>\n\n\n\n<p><a href=\"https:\/\/prensapaisa.com\/?fbclid=IwZXh0bgNhZW0CMTAAAR0TeP3_3qKUVIdiJgGVPJ3P4QLv-J9E8XY3fDv5lBncK9Ypi3D5sUOm15M_aem_asjatuvQjcJN3z9VVkccwg\" rel=\"noreferrer noopener\" target=\"_blank\">Prensapaisa.com<\/a><\/p>\n\n\n\n<p>&#8220;Polic\u00edas, entrenados con las mejores t\u00e9cnicas de defensa personal, realizaron un operativo donde capturaron por orden judicial a 17 hombres por los delitos de extorsi\u00f3n, desplazamiento forzado y concierto para delinquir en Medell\u00edn y en el <a><\/a>municipio de Bello.<\/p>\n\n\n\n<p>Con 10 meses de investigaci\u00f3n hombres y mujeres del GAULA Metropolitano recolectaron todo el acervo probatorio contra estas personas, lo que permiti\u00f3 que la Fiscal\u00eda General de la Naci\u00f3n, solicitara a un juez las ordenes de captura, las cuales fueron ejecutadas y materializadas en 19 diligencias de registro y allanamiento en los barrios Florencia, Santander, Gratamira, y los Sauces del distrito de Medell\u00edn y en los barrios Paris y La Maruchenga del municipio de Bello.<\/p>\n\n\n\n<p>Entre los capturados se resalta la captura de un hombre conocido como \u201corejas\u201d, quien al parecer se desempe\u00f1aba como cabecilla de este grupo de delincuencia com\u00fan organizada. Esta persona ser\u00eda quien dinamizaba y determinaba la ejecuci\u00f3n de todas las conductas il\u00edcitas realizadas y quien a estado privado de la libertad en centros carcelarios en 15 oportunidades por delitos como concierto para delinquir con fines de narcotr\u00e1fico y hurto, as\u00ed mismo, actualmente contaba con vigilancia electr\u00f3nica del INPEC, por monopolio rent\u00edsticos de la actividad econ\u00f3mica.<\/p>\n\n\n\n<p>A este se suman las capturas de 4 coordinadores conocidos como \u201cpapo\u201d, \u201cjhon papo\u201d, \u201c\u00f1ato o \u00f1o\u00f1o\u201d y \u201cel mono o gabo\u201d y 12 integrantes m\u00e1s, quienes posterior a las audiencias preliminares fueron privados de la libertad en centro carcelario.<\/p>\n\n\n\n<p>En el transcurso del programa metodol\u00f3gico, los investigadores conocieron que estas personas se dedicaban, especialmente al monopolio de la venta de productos b\u00e1sicos de la canasta familiar como son; arepas, l\u00e1cteos, huevos y gas propano, los cuales eran comercializados a trav\u00e9s de tiendas y minimercados de esta jurisdicci\u00f3n.<\/p>\n\n\n\n<p>As\u00ed mismo, realizaban exigencias de dinero a comerciantes y vendedores informales por sumas que oscilaban entre los 100 mil y los 20 millones de pesos, con lo que ampliaban sus rentas criminales recaudando aproximadamente 1.800 millones de pesos mensuales&#8221;.<\/p>\n\n\n\n<p><a href=\"https:\/\/www.facebook.com\/hashtag\/fotinfo?__eep__=6&amp;__cft__[0]=AZU9IomvkVbabSAYLqeKDJt2roWr2J4-0UodOGtFUyItISsftyIsRFrH5p8OTm6e_4X0h-kdjdbFGzZB44LytizMc_opuMfYTB1GgMp_mJh5sg3iDUppdEUCfpV8SAz43cL_8BC6fZBG1M1eZyxayILfoJdG7ct6PtptVahjbV-75Ixp4vcV2qUGviplh2CvGxY&amp;__tn__=*NK-R\">#Fotinfo<\/a>: Manuel Villa<\/p>\n\n\n\n<figure class=\"wp-block-image size-large\"><img fetchpriority=\"high\" decoding=\"async\" width=\"1024\" height=\"767\" src=\"https:\/\/prensapaisa.com\/wp-content\/uploads\/2024\/12\/470237074_621315787130079_6391466635108463297_n-2-1024x767.jpg\" alt=\"\" class=\"wp-image-13856\" srcset=\"https:\/\/prensapaisa.com\/wp-content\/uploads\/2024\/12\/470237074_621315787130079_6391466635108463297_n-2-1024x767.jpg 1024w, https:\/\/prensapaisa.com\/wp-content\/uploads\/2024\/12\/470237074_621315787130079_6391466635108463297_n-2-300x225.jpg 300w, https:\/\/prensapaisa.com\/wp-content\/uploads\/2024\/12\/470237074_621315787130079_6391466635108463297_n-2-768x575.jpg 768w, https:\/\/prensapaisa.com\/wp-content\/uploads\/2024\/12\/470237074_621315787130079_6391466635108463297_n-2-1170x877.jpg 1170w, https:\/\/prensapaisa.com\/wp-content\/uploads\/2024\/12\/470237074_621315787130079_6391466635108463297_n-2-585x438.jpg 585w, https:\/\/prensapaisa.com\/wp-content\/uploads\/2024\/12\/470237074_621315787130079_6391466635108463297_n-2.jpg 1280w\" sizes=\"(max-width: 1024px) 100vw, 1024px\" \/><\/figure>\n","protected":false},"excerpt":{"rendered":"<p>17 personas fueron detenidas, en las que se encuentran alias &#8220;bu\u00f1uelo&#8221;, alias &#8220;empanada&#8221; y alias &#8220;palito&#8221;, quienes se dedicaban a la extorsi\u00f3n de la canasta b\u00e1sica familiar como arepas, huevos,&hellip;<\/p>\n","protected":false},"author":1,"featured_media":13856,"comment_status":"open","ping_status":"open","sticky":false,"template":"","format":"standard","meta":{"footnotes":""},"categories":[49,50,48,16,1,47,46],"tags":[],"class_list":["post-13854","post","type-post","status-publish","format-standard","has-post-thumbnail","hentry","category-capturas","category-denuncias","category-hurtos","category-municipios","category-noticias","category-orden-publico","category-redes-sociales"],"yoast_head":"<!-- This site is optimized with the Yoast SEO plugin v27.5 - https:\/\/yoast.com\/product\/yoast-seo-wordpress\/ -->\n<title>Capturan a la banda de la &quot;natilla&quot; por extorsi\u00f3n - PRENSA PAISA<\/title>\n<meta name=\"robots\" content=\"index, follow, max-snippet:-1, max-image-preview:large, max-video-preview:-1\" \/>\n<link rel=\"canonical\" href=\"https:\/\/prensapaisa.com\/index.php\/2024\/12\/30\/capturan-a-la-banda-de-la-natilla-por-extorsion\/\" \/>\n<meta property=\"og:locale\" content=\"es_ES\" \/>\n<meta property=\"og:type\" content=\"article\" \/>\n<meta property=\"og:title\" content=\"Capturan a la banda de la &quot;natilla&quot; por extorsi\u00f3n - PRENSA PAISA\" \/>\n<meta property=\"og:description\" content=\"17 personas fueron detenidas, en las que se encuentran alias &#8220;bu\u00f1uelo&#8221;, alias &#8220;empanada&#8221; y alias &#8220;palito&#8221;, quienes se dedicaban a la extorsi\u00f3n de la canasta b\u00e1sica familiar como arepas, huevos,&hellip;\" \/>\n<meta property=\"og:url\" content=\"https:\/\/prensapaisa.com\/index.php\/2024\/12\/30\/capturan-a-la-banda-de-la-natilla-por-extorsion\/\" \/>\n<meta property=\"og:site_name\" content=\"PRENSA PAISA\" \/>\n<meta property=\"article:published_time\" content=\"2024-12-30T06:02:11+00:00\" \/>\n<meta property=\"article:modified_time\" content=\"2025-01-11T21:12:35+00:00\" \/>\n<meta property=\"og:image\" content=\"https:\/\/prensapaisa.com\/wp-content\/uploads\/2024\/12\/470237074_621315787130079_6391466635108463297_n-2.jpg\" \/>\n\t<meta property=\"og:image:width\" content=\"1280\" \/>\n\t<meta property=\"og:image:height\" content=\"959\" \/>\n\t<meta property=\"og:image:type\" content=\"image\/jpeg\" \/>\n<meta name=\"author\" content=\"noticias@prensapaisa.com\" \/>\n<meta name=\"twitter:card\" content=\"summary_large_image\" \/>\n<meta name=\"twitter:label1\" content=\"Escrito por\" \/>\n\t<meta name=\"twitter:data1\" content=\"noticias@prensapaisa.com\" \/>\n\t<meta name=\"twitter:label2\" content=\"Tiempo de lectura\" \/>\n\t<meta name=\"twitter:data2\" content=\"3 minutos\" \/>\n<script type=\"application\/ld+json\" class=\"yoast-schema-graph\">{\"@context\":\"https:\\\/\\\/schema.org\",\"@graph\":[{\"@type\":\"Article\",\"@id\":\"https:\\\/\\\/prensapaisa.com\\\/index.php\\\/2024\\\/12\\\/30\\\/capturan-a-la-banda-de-la-natilla-por-extorsion\\\/#article\",\"isPartOf\":{\"@id\":\"https:\\\/\\\/prensapaisa.com\\\/index.php\\\/2024\\\/12\\\/30\\\/capturan-a-la-banda-de-la-natilla-por-extorsion\\\/\"},\"author\":{\"name\":\"noticias@prensapaisa.com\",\"@id\":\"https:\\\/\\\/prensapaisa.com\\\/#\\\/schema\\\/person\\\/c5899b8b285dbcd70faec88a7c1579f6\"},\"headline\":\"Capturan a la banda de la &#8220;natilla&#8221; por extorsi\u00f3n\",\"datePublished\":\"2024-12-30T06:02:11+00:00\",\"dateModified\":\"2025-01-11T21:12:35+00:00\",\"mainEntityOfPage\":{\"@id\":\"https:\\\/\\\/prensapaisa.com\\\/index.php\\\/2024\\\/12\\\/30\\\/capturan-a-la-banda-de-la-natilla-por-extorsion\\\/\"},\"wordCount\":392,\"commentCount\":0,\"publisher\":{\"@id\":\"https:\\\/\\\/prensapaisa.com\\\/#organization\"},\"image\":{\"@id\":\"https:\\\/\\\/prensapaisa.com\\\/index.php\\\/2024\\\/12\\\/30\\\/capturan-a-la-banda-de-la-natilla-por-extorsion\\\/#primaryimage\"},\"thumbnailUrl\":\"https:\\\/\\\/prensapaisa.com\\\/wp-content\\\/uploads\\\/2024\\\/12\\\/470237074_621315787130079_6391466635108463297_n-2.jpg\",\"articleSection\":[\"Capturas\",\"Denuncias\",\"Hurtos\",\"Municipios\",\"Noticias\",\"Orden Publico\",\"Redes Sociales\"],\"inLanguage\":\"es-CO\",\"potentialAction\":[{\"@type\":\"CommentAction\",\"name\":\"Comment\",\"target\":[\"https:\\\/\\\/prensapaisa.com\\\/index.php\\\/2024\\\/12\\\/30\\\/capturan-a-la-banda-de-la-natilla-por-extorsion\\\/#respond\"]}]},{\"@type\":\"WebPage\",\"@id\":\"https:\\\/\\\/prensapaisa.com\\\/index.php\\\/2024\\\/12\\\/30\\\/capturan-a-la-banda-de-la-natilla-por-extorsion\\\/\",\"url\":\"https:\\\/\\\/prensapaisa.com\\\/index.php\\\/2024\\\/12\\\/30\\\/capturan-a-la-banda-de-la-natilla-por-extorsion\\\/\",\"name\":\"Capturan a la banda de la \\\"natilla\\\" por extorsi\u00f3n - PRENSA PAISA\",\"isPartOf\":{\"@id\":\"https:\\\/\\\/prensapaisa.com\\\/#website\"},\"primaryImageOfPage\":{\"@id\":\"https:\\\/\\\/prensapaisa.com\\\/index.php\\\/2024\\\/12\\\/30\\\/capturan-a-la-banda-de-la-natilla-por-extorsion\\\/#primaryimage\"},\"image\":{\"@id\":\"https:\\\/\\\/prensapaisa.com\\\/index.php\\\/2024\\\/12\\\/30\\\/capturan-a-la-banda-de-la-natilla-por-extorsion\\\/#primaryimage\"},\"thumbnailUrl\":\"https:\\\/\\\/prensapaisa.com\\\/wp-content\\\/uploads\\\/2024\\\/12\\\/470237074_621315787130079_6391466635108463297_n-2.jpg\",\"datePublished\":\"2024-12-30T06:02:11+00:00\",\"dateModified\":\"2025-01-11T21:12:35+00:00\",\"breadcrumb\":{\"@id\":\"https:\\\/\\\/prensapaisa.com\\\/index.php\\\/2024\\\/12\\\/30\\\/capturan-a-la-banda-de-la-natilla-por-extorsion\\\/#breadcrumb\"},\"inLanguage\":\"es-CO\",\"potentialAction\":[{\"@type\":\"ReadAction\",\"target\":[\"https:\\\/\\\/prensapaisa.com\\\/index.php\\\/2024\\\/12\\\/30\\\/capturan-a-la-banda-de-la-natilla-por-extorsion\\\/\"]}]},{\"@type\":\"ImageObject\",\"inLanguage\":\"es-CO\",\"@id\":\"https:\\\/\\\/prensapaisa.com\\\/index.php\\\/2024\\\/12\\\/30\\\/capturan-a-la-banda-de-la-natilla-por-extorsion\\\/#primaryimage\",\"url\":\"https:\\\/\\\/prensapaisa.com\\\/wp-content\\\/uploads\\\/2024\\\/12\\\/470237074_621315787130079_6391466635108463297_n-2.jpg\",\"contentUrl\":\"https:\\\/\\\/prensapaisa.com\\\/wp-content\\\/uploads\\\/2024\\\/12\\\/470237074_621315787130079_6391466635108463297_n-2.jpg\",\"width\":1280,\"height\":959},{\"@type\":\"BreadcrumbList\",\"@id\":\"https:\\\/\\\/prensapaisa.com\\\/index.php\\\/2024\\\/12\\\/30\\\/capturan-a-la-banda-de-la-natilla-por-extorsion\\\/#breadcrumb\",\"itemListElement\":[{\"@type\":\"ListItem\",\"position\":1,\"name\":\"Inicio\",\"item\":\"https:\\\/\\\/prensapaisa.com\\\/\"},{\"@type\":\"ListItem\",\"position\":2,\"name\":\"Capturan a la banda de la &#8220;natilla&#8221; por extorsi\u00f3n\"}]},{\"@type\":\"WebSite\",\"@id\":\"https:\\\/\\\/prensapaisa.com\\\/#website\",\"url\":\"https:\\\/\\\/prensapaisa.com\\\/\",\"name\":\"PRENSA PAISA\",\"description\":\"Prensa Paisa la Original | Noticias de Medell\u00edn, Antioquia\",\"publisher\":{\"@id\":\"https:\\\/\\\/prensapaisa.com\\\/#organization\"},\"potentialAction\":[{\"@type\":\"SearchAction\",\"target\":{\"@type\":\"EntryPoint\",\"urlTemplate\":\"https:\\\/\\\/prensapaisa.com\\\/?s={search_term_string}\"},\"query-input\":{\"@type\":\"PropertyValueSpecification\",\"valueRequired\":true,\"valueName\":\"search_term_string\"}}],\"inLanguage\":\"es-CO\"},{\"@type\":\"Organization\",\"@id\":\"https:\\\/\\\/prensapaisa.com\\\/#organization\",\"name\":\"PRENSA PAISA\",\"url\":\"https:\\\/\\\/prensapaisa.com\\\/\",\"logo\":{\"@type\":\"ImageObject\",\"inLanguage\":\"es-CO\",\"@id\":\"https:\\\/\\\/prensapaisa.com\\\/#\\\/schema\\\/logo\\\/image\\\/\",\"url\":\"https:\\\/\\\/prensapaisa.com\\\/wp-content\\\/uploads\\\/2022\\\/05\\\/cropped-cropped-prensa.png\",\"contentUrl\":\"https:\\\/\\\/prensapaisa.com\\\/wp-content\\\/uploads\\\/2022\\\/05\\\/cropped-cropped-prensa.png\",\"width\":784,\"height\":524,\"caption\":\"PRENSA PAISA\"},\"image\":{\"@id\":\"https:\\\/\\\/prensapaisa.com\\\/#\\\/schema\\\/logo\\\/image\\\/\"}},{\"@type\":\"Person\",\"@id\":\"https:\\\/\\\/prensapaisa.com\\\/#\\\/schema\\\/person\\\/c5899b8b285dbcd70faec88a7c1579f6\",\"name\":\"noticias@prensapaisa.com\",\"image\":{\"@type\":\"ImageObject\",\"inLanguage\":\"es-CO\",\"@id\":\"https:\\\/\\\/secure.gravatar.com\\\/avatar\\\/ca2b49c1df14b84557c567431f045ea69c8ea5da2da50309fd4de9b811da0433?s=96&d=mm&r=g\",\"url\":\"https:\\\/\\\/secure.gravatar.com\\\/avatar\\\/ca2b49c1df14b84557c567431f045ea69c8ea5da2da50309fd4de9b811da0433?s=96&d=mm&r=g\",\"contentUrl\":\"https:\\\/\\\/secure.gravatar.com\\\/avatar\\\/ca2b49c1df14b84557c567431f045ea69c8ea5da2da50309fd4de9b811da0433?s=96&d=mm&r=g\",\"caption\":\"noticias@prensapaisa.com\"},\"sameAs\":[\"http:\\\/\\\/prensapaisa.com\"],\"url\":\"https:\\\/\\\/prensapaisa.com\\\/index.php\\\/author\\\/prensapaisagmail-com\\\/\"}]}<\/script>\n<!-- \/ Yoast SEO plugin. -->","yoast_head_json":{"title":"Capturan a la banda de la \"natilla\" por extorsi\u00f3n - PRENSA PAISA","robots":{"index":"index","follow":"follow","max-snippet":"max-snippet:-1","max-image-preview":"max-image-preview:large","max-video-preview":"max-video-preview:-1"},"canonical":"https:\/\/prensapaisa.com\/index.php\/2024\/12\/30\/capturan-a-la-banda-de-la-natilla-por-extorsion\/","og_locale":"es_ES","og_type":"article","og_title":"Capturan a la banda de la \"natilla\" por extorsi\u00f3n - PRENSA PAISA","og_description":"17 personas fueron detenidas, en las que se encuentran alias &#8220;bu\u00f1uelo&#8221;, alias &#8220;empanada&#8221; y alias &#8220;palito&#8221;, quienes se dedicaban a la extorsi\u00f3n de la canasta b\u00e1sica familiar como arepas, huevos,&hellip;","og_url":"https:\/\/prensapaisa.com\/index.php\/2024\/12\/30\/capturan-a-la-banda-de-la-natilla-por-extorsion\/","og_site_name":"PRENSA PAISA","article_published_time":"2024-12-30T06:02:11+00:00","article_modified_time":"2025-01-11T21:12:35+00:00","og_image":[{"width":1280,"height":959,"url":"https:\/\/prensapaisa.com\/wp-content\/uploads\/2024\/12\/470237074_621315787130079_6391466635108463297_n-2.jpg","type":"image\/jpeg"}],"author":"noticias@prensapaisa.com","twitter_card":"summary_large_image","twitter_misc":{"Escrito por":"noticias@prensapaisa.com","Tiempo de lectura":"3 minutos"},"schema":{"@context":"https:\/\/schema.org","@graph":[{"@type":"Article","@id":"https:\/\/prensapaisa.com\/index.php\/2024\/12\/30\/capturan-a-la-banda-de-la-natilla-por-extorsion\/#article","isPartOf":{"@id":"https:\/\/prensapaisa.com\/index.php\/2024\/12\/30\/capturan-a-la-banda-de-la-natilla-por-extorsion\/"},"author":{"name":"noticias@prensapaisa.com","@id":"https:\/\/prensapaisa.com\/#\/schema\/person\/c5899b8b285dbcd70faec88a7c1579f6"},"headline":"Capturan a la banda de la &#8220;natilla&#8221; por extorsi\u00f3n","datePublished":"2024-12-30T06:02:11+00:00","dateModified":"2025-01-11T21:12:35+00:00","mainEntityOfPage":{"@id":"https:\/\/prensapaisa.com\/index.php\/2024\/12\/30\/capturan-a-la-banda-de-la-natilla-por-extorsion\/"},"wordCount":392,"commentCount":0,"publisher":{"@id":"https:\/\/prensapaisa.com\/#organization"},"image":{"@id":"https:\/\/prensapaisa.com\/index.php\/2024\/12\/30\/capturan-a-la-banda-de-la-natilla-por-extorsion\/#primaryimage"},"thumbnailUrl":"https:\/\/prensapaisa.com\/wp-content\/uploads\/2024\/12\/470237074_621315787130079_6391466635108463297_n-2.jpg","articleSection":["Capturas","Denuncias","Hurtos","Municipios","Noticias","Orden Publico","Redes Sociales"],"inLanguage":"es-CO","potentialAction":[{"@type":"CommentAction","name":"Comment","target":["https:\/\/prensapaisa.com\/index.php\/2024\/12\/30\/capturan-a-la-banda-de-la-natilla-por-extorsion\/#respond"]}]},{"@type":"WebPage","@id":"https:\/\/prensapaisa.com\/index.php\/2024\/12\/30\/capturan-a-la-banda-de-la-natilla-por-extorsion\/","url":"https:\/\/prensapaisa.com\/index.php\/2024\/12\/30\/capturan-a-la-banda-de-la-natilla-por-extorsion\/","name":"Capturan a la banda de la \"natilla\" por extorsi\u00f3n - PRENSA PAISA","isPartOf":{"@id":"https:\/\/prensapaisa.com\/#website"},"primaryImageOfPage":{"@id":"https:\/\/prensapaisa.com\/index.php\/2024\/12\/30\/capturan-a-la-banda-de-la-natilla-por-extorsion\/#primaryimage"},"image":{"@id":"https:\/\/prensapaisa.com\/index.php\/2024\/12\/30\/capturan-a-la-banda-de-la-natilla-por-extorsion\/#primaryimage"},"thumbnailUrl":"https:\/\/prensapaisa.com\/wp-content\/uploads\/2024\/12\/470237074_621315787130079_6391466635108463297_n-2.jpg","datePublished":"2024-12-30T06:02:11+00:00","dateModified":"2025-01-11T21:12:35+00:00","breadcrumb":{"@id":"https:\/\/prensapaisa.com\/index.php\/2024\/12\/30\/capturan-a-la-banda-de-la-natilla-por-extorsion\/#breadcrumb"},"inLanguage":"es-CO","potentialAction":[{"@type":"ReadAction","target":["https:\/\/prensapaisa.com\/index.php\/2024\/12\/30\/capturan-a-la-banda-de-la-natilla-por-extorsion\/"]}]},{"@type":"ImageObject","inLanguage":"es-CO","@id":"https:\/\/prensapaisa.com\/index.php\/2024\/12\/30\/capturan-a-la-banda-de-la-natilla-por-extorsion\/#primaryimage","url":"https:\/\/prensapaisa.com\/wp-content\/uploads\/2024\/12\/470237074_621315787130079_6391466635108463297_n-2.jpg","contentUrl":"https:\/\/prensapaisa.com\/wp-content\/uploads\/2024\/12\/470237074_621315787130079_6391466635108463297_n-2.jpg","width":1280,"height":959},{"@type":"BreadcrumbList","@id":"https:\/\/prensapaisa.com\/index.php\/2024\/12\/30\/capturan-a-la-banda-de-la-natilla-por-extorsion\/#breadcrumb","itemListElement":[{"@type":"ListItem","position":1,"name":"Inicio","item":"https:\/\/prensapaisa.com\/"},{"@type":"ListItem","position":2,"name":"Capturan a la banda de la &#8220;natilla&#8221; por extorsi\u00f3n"}]},{"@type":"WebSite","@id":"https:\/\/prensapaisa.com\/#website","url":"https:\/\/prensapaisa.com\/","name":"PRENSA PAISA","description":"Prensa Paisa la Original | Noticias de Medell\u00edn, Antioquia","publisher":{"@id":"https:\/\/prensapaisa.com\/#organization"},"potentialAction":[{"@type":"SearchAction","target":{"@type":"EntryPoint","urlTemplate":"https:\/\/prensapaisa.com\/?s={search_term_string}"},"query-input":{"@type":"PropertyValueSpecification","valueRequired":true,"valueName":"search_term_string"}}],"inLanguage":"es-CO"},{"@type":"Organization","@id":"https:\/\/prensapaisa.com\/#organization","name":"PRENSA PAISA","url":"https:\/\/prensapaisa.com\/","logo":{"@type":"ImageObject","inLanguage":"es-CO","@id":"https:\/\/prensapaisa.com\/#\/schema\/logo\/image\/","url":"https:\/\/prensapaisa.com\/wp-content\/uploads\/2022\/05\/cropped-cropped-prensa.png","contentUrl":"https:\/\/prensapaisa.com\/wp-content\/uploads\/2022\/05\/cropped-cropped-prensa.png","width":784,"height":524,"caption":"PRENSA PAISA"},"image":{"@id":"https:\/\/prensapaisa.com\/#\/schema\/logo\/image\/"}},{"@type":"Person","@id":"https:\/\/prensapaisa.com\/#\/schema\/person\/c5899b8b285dbcd70faec88a7c1579f6","name":"noticias@prensapaisa.com","image":{"@type":"ImageObject","inLanguage":"es-CO","@id":"https:\/\/secure.gravatar.com\/avatar\/ca2b49c1df14b84557c567431f045ea69c8ea5da2da50309fd4de9b811da0433?s=96&d=mm&r=g","url":"https:\/\/secure.gravatar.com\/avatar\/ca2b49c1df14b84557c567431f045ea69c8ea5da2da50309fd4de9b811da0433?s=96&d=mm&r=g","contentUrl":"https:\/\/secure.gravatar.com\/avatar\/ca2b49c1df14b84557c567431f045ea69c8ea5da2da50309fd4de9b811da0433?s=96&d=mm&r=g","caption":"noticias@prensapaisa.com"},"sameAs":["http:\/\/prensapaisa.com"],"url":"https:\/\/prensapaisa.com\/index.php\/author\/prensapaisagmail-com\/"}]}},"_links":{"self":[{"href":"https:\/\/prensapaisa.com\/index.php\/wp-json\/wp\/v2\/posts\/13854","targetHints":{"allow":["GET"]}}],"collection":[{"href":"https:\/\/prensapaisa.com\/index.php\/wp-json\/wp\/v2\/posts"}],"about":[{"href":"https:\/\/prensapaisa.com\/index.php\/wp-json\/wp\/v2\/types\/post"}],"author":[{"embeddable":true,"href":"https:\/\/prensapaisa.com\/index.php\/wp-json\/wp\/v2\/users\/1"}],"replies":[{"embeddable":true,"href":"https:\/\/prensapaisa.com\/index.php\/wp-json\/wp\/v2\/comments?post=13854"}],"version-history":[{"count":2,"href":"https:\/\/prensapaisa.com\/index.php\/wp-json\/wp\/v2\/posts\/13854\/revisions"}],"predecessor-version":[{"id":13857,"href":"https:\/\/prensapaisa.com\/index.php\/wp-json\/wp\/v2\/posts\/13854\/revisions\/13857"}],"wp:featuredmedia":[{"embeddable":true,"href":"https:\/\/prensapaisa.com\/index.php\/wp-json\/wp\/v2\/media\/13856"}],"wp:attachment":[{"href":"https:\/\/prensapaisa.com\/index.php\/wp-json\/wp\/v2\/media?parent=13854"}],"wp:term":[{"taxonomy":"category","embeddable":true,"href":"https:\/\/prensapaisa.com\/index.php\/wp-json\/wp\/v2\/categories?post=13854"},{"taxonomy":"post_tag","embeddable":true,"href":"https:\/\/prensapaisa.com\/index.php\/wp-json\/wp\/v2\/tags?post=13854"}],"curies":[{"name":"wp","href":"https:\/\/api.w.org\/{rel}","templated":true}]}}