{"id":13766,"date":"2024-12-12T09:46:05","date_gmt":"2024-12-12T14:46:05","guid":{"rendered":"https:\/\/prensapaisa.com\/?p=13766"},"modified":"2024-12-12T09:46:07","modified_gmt":"2024-12-12T14:46:07","slug":"un-joven-que-fue-atacado-a-bala-en-el-bajo-cauca-hace-38-dias-murio-en-cordoba","status":"publish","type":"post","link":"https:\/\/prensapaisa.com\/index.php\/2024\/12\/12\/un-joven-que-fue-atacado-a-bala-en-el-bajo-cauca-hace-38-dias-murio-en-cordoba\/","title":{"rendered":"Un joven que fue atacado a bala en el Bajo Cauca, hace 38 d\u00edas, muri\u00f3 en C\u00f3rdoba"},"content":{"rendered":"\n<p><a href=\"https:\/\/prensapaisa.com\/?fbclid=IwZXh0bgNhZW0CMTAAAR0e0h4U_DyNhjmwzasi0rtU9mF7C3uUHeYp3r_9qrMgp-ywg9rK3ab-66E_aem_ZmFrZWR1bW15MTZieXRlcw\" rel=\"noreferrer noopener\" target=\"_blank\">Prensapaisa.com<\/a><\/p>\n\n\n\n<p>Familiares y amigos le hacen luto a Juan Esteban Vel\u00e1zquez, quien fue herido a tiros el pasado 28 de octubre en el sector de La Pesquera, en el municipio de Caucasia, Antioquia y falleci\u00f3 en un centro asistencial de la ciudad de Monter\u00eda.<\/p>\n\n\n\n<p>El <a><\/a>chico, oriundo de Caucasia, recibi\u00f3 varios impactos en su cuerpo mientras trabajaba en un taller. Luego, fue trasladado a la capital de C\u00f3rdoba donde se qued\u00f3 sin signos vitales debido a la complejidad de las heridas y a la falta de donantes de sangre.<\/p>\n\n\n\n<p>Sus parientes aseguraron que Juan Esteban era un padre de familia muy trabajador, no ten\u00eda problemas o amenazas y era muy buena persona.<\/p>\n\n\n\n<figure class=\"wp-block-image size-full\"><img fetchpriority=\"high\" decoding=\"async\" width=\"450\" height=\"600\" src=\"https:\/\/prensapaisa.com\/wp-content\/uploads\/2024\/12\/469411468_613132357948422_3308245438004105702_n.jpg\" alt=\"\" class=\"wp-image-13771\" srcset=\"https:\/\/prensapaisa.com\/wp-content\/uploads\/2024\/12\/469411468_613132357948422_3308245438004105702_n.jpg 450w, https:\/\/prensapaisa.com\/wp-content\/uploads\/2024\/12\/469411468_613132357948422_3308245438004105702_n-225x300.jpg 225w\" sizes=\"(max-width: 450px) 100vw, 450px\" \/><\/figure>\n\n\n\n<figure class=\"wp-block-image size-large\"><img decoding=\"async\" width=\"768\" height=\"1024\" src=\"https:\/\/prensapaisa.com\/wp-content\/uploads\/2024\/12\/469506516_613132634615061_6322360279792677203_n-768x1024.jpg\" alt=\"\" class=\"wp-image-13769\" srcset=\"https:\/\/prensapaisa.com\/wp-content\/uploads\/2024\/12\/469506516_613132634615061_6322360279792677203_n-768x1023.jpg 768w, https:\/\/prensapaisa.com\/wp-content\/uploads\/2024\/12\/469506516_613132634615061_6322360279792677203_n-225x300.jpg 225w, https:\/\/prensapaisa.com\/wp-content\/uploads\/2024\/12\/469506516_613132634615061_6322360279792677203_n-1153x1536.jpg 1153w, https:\/\/prensapaisa.com\/wp-content\/uploads\/2024\/12\/469506516_613132634615061_6322360279792677203_n-1170x1559.jpg 1170w, https:\/\/prensapaisa.com\/wp-content\/uploads\/2024\/12\/469506516_613132634615061_6322360279792677203_n-585x780.jpg 585w, https:\/\/prensapaisa.com\/wp-content\/uploads\/2024\/12\/469506516_613132634615061_6322360279792677203_n.jpg 1512w\" sizes=\"(max-width: 768px) 100vw, 768px\" \/><\/figure>\n\n\n\n<figure class=\"wp-block-image size-large\"><img decoding=\"async\" width=\"717\" height=\"1024\" src=\"https:\/\/prensapaisa.com\/wp-content\/uploads\/2024\/12\/469644029_613131567948501_7316289571838370212_n-717x1024.jpg\" alt=\"\" class=\"wp-image-13768\" srcset=\"https:\/\/prensapaisa.com\/wp-content\/uploads\/2024\/12\/469644029_613131567948501_7316289571838370212_n-717x1024.jpg 717w, https:\/\/prensapaisa.com\/wp-content\/uploads\/2024\/12\/469644029_613131567948501_7316289571838370212_n-210x300.jpg 210w, https:\/\/prensapaisa.com\/wp-content\/uploads\/2024\/12\/469644029_613131567948501_7316289571838370212_n-768x1097.jpg 768w, https:\/\/prensapaisa.com\/wp-content\/uploads\/2024\/12\/469644029_613131567948501_7316289571838370212_n-1076x1536.jpg 1076w, https:\/\/prensapaisa.com\/wp-content\/uploads\/2024\/12\/469644029_613131567948501_7316289571838370212_n-1170x1671.jpg 1170w, https:\/\/prensapaisa.com\/wp-content\/uploads\/2024\/12\/469644029_613131567948501_7316289571838370212_n-585x835.jpg 585w, https:\/\/prensapaisa.com\/wp-content\/uploads\/2024\/12\/469644029_613131567948501_7316289571838370212_n.jpg 1290w\" sizes=\"(max-width: 717px) 100vw, 717px\" \/><\/figure>\n\n\n\n<figure class=\"wp-block-image size-full\"><img loading=\"lazy\" decoding=\"async\" width=\"576\" height=\"1024\" src=\"https:\/\/prensapaisa.com\/wp-content\/uploads\/2024\/12\/469557864_613132664615058_8652585757724991513_n.jpg\" alt=\"\" class=\"wp-image-13767\" srcset=\"https:\/\/prensapaisa.com\/wp-content\/uploads\/2024\/12\/469557864_613132664615058_8652585757724991513_n.jpg 576w, https:\/\/prensapaisa.com\/wp-content\/uploads\/2024\/12\/469557864_613132664615058_8652585757724991513_n-169x300.jpg 169w\" sizes=\"(max-width: 576px) 100vw, 576px\" \/><\/figure>\n\n\n\n<p><a href=\"https:\/\/www.facebook.com\/photo\/?fbid=613131127948545&amp;set=pcb.613132144615110&amp;__cft__[0]=AZUARNeARzLmkjEOlvc7A2DKmhZVrurpMWU-BDlM_zLiP47PoezkSahgD3CgA8znJhMio-gtxwBUw_3LSLkUUrAIx1jqjK_3o-28uXJSy6akUtubrXc8-4Sv3ob0NsXg8R2sMA5rlaTfffzesBf2HVt8RMQC-VftpD5qthP6jZFGwYYhI5cJ14cLAPmlhb79yRk&amp;__tn__=*bH-R\"><\/a><\/p>\n\n\n\n<p><a href=\"https:\/\/www.facebook.com\/photo\/?fbid=613131147948543&amp;set=pcb.613132144615110&amp;__cft__[0]=AZUARNeARzLmkjEOlvc7A2DKmhZVrurpMWU-BDlM_zLiP47PoezkSahgD3CgA8znJhMio-gtxwBUw_3LSLkUUrAIx1jqjK_3o-28uXJSy6akUtubrXc8-4Sv3ob0NsXg8R2sMA5rlaTfffzesBf2HVt8RMQC-VftpD5qthP6jZFGwYYhI5cJ14cLAPmlhb79yRk&amp;__tn__=*bH-R\"><\/a><\/p>\n\n\n\n<p><a href=\"https:\/\/www.facebook.com\/photo\/?fbid=613131264615198&amp;set=pcb.613132144615110&amp;__cft__[0]=AZUARNeARzLmkjEOlvc7A2DKmhZVrurpMWU-BDlM_zLiP47PoezkSahgD3CgA8znJhMio-gtxwBUw_3LSLkUUrAIx1jqjK_3o-28uXJSy6akUtubrXc8-4Sv3ob0NsXg8R2sMA5rlaTfffzesBf2HVt8RMQC-VftpD5qthP6jZFGwYYhI5cJ14cLAPmlhb79yRk&amp;__tn__=*bH-R\"><\/a><\/p>\n\n\n\n<p><\/p>\n","protected":false},"excerpt":{"rendered":"<p>Prensapaisa.com Familiares y amigos le hacen luto a Juan Esteban Vel\u00e1zquez, quien fue herido a tiros el pasado 28 de octubre en el sector de La Pesquera, en el municipio&hellip;<\/p>\n","protected":false},"author":1,"featured_media":13768,"comment_status":"open","ping_status":"open","sticky":false,"template":"","format":"standard","meta":{"footnotes":""},"categories":[43,16,1,47,46],"tags":[],"class_list":["post-13766","post","type-post","status-publish","format-standard","has-post-thumbnail","hentry","category-fallecidos","category-municipios","category-noticias","category-orden-publico","category-redes-sociales"],"yoast_head":"<!-- This site is optimized with the Yoast SEO plugin v27.5 - https:\/\/yoast.com\/product\/yoast-seo-wordpress\/ -->\n<title>Un joven que fue atacado a bala en el Bajo Cauca, hace 38 d\u00edas, muri\u00f3 en C\u00f3rdoba - PRENSA PAISA<\/title>\n<meta name=\"robots\" content=\"index, follow, max-snippet:-1, max-image-preview:large, max-video-preview:-1\" \/>\n<link rel=\"canonical\" href=\"https:\/\/prensapaisa.com\/index.php\/2024\/12\/12\/un-joven-que-fue-atacado-a-bala-en-el-bajo-cauca-hace-38-dias-murio-en-cordoba\/\" \/>\n<meta property=\"og:locale\" content=\"es_ES\" \/>\n<meta property=\"og:type\" content=\"article\" \/>\n<meta property=\"og:title\" content=\"Un joven que fue atacado a bala en el Bajo Cauca, hace 38 d\u00edas, muri\u00f3 en C\u00f3rdoba - PRENSA PAISA\" \/>\n<meta property=\"og:description\" content=\"Prensapaisa.com Familiares y amigos le hacen luto a Juan Esteban Vel\u00e1zquez, quien fue herido a tiros el pasado 28 de octubre en el sector de La Pesquera, en el municipio&hellip;\" \/>\n<meta property=\"og:url\" content=\"https:\/\/prensapaisa.com\/index.php\/2024\/12\/12\/un-joven-que-fue-atacado-a-bala-en-el-bajo-cauca-hace-38-dias-murio-en-cordoba\/\" \/>\n<meta property=\"og:site_name\" content=\"PRENSA PAISA\" \/>\n<meta property=\"article:published_time\" content=\"2024-12-12T14:46:05+00:00\" \/>\n<meta property=\"article:modified_time\" content=\"2024-12-12T14:46:07+00:00\" \/>\n<meta property=\"og:image\" content=\"https:\/\/prensapaisa.com\/wp-content\/uploads\/2024\/12\/469644029_613131567948501_7316289571838370212_n.jpg\" \/>\n\t<meta property=\"og:image:width\" content=\"1290\" \/>\n\t<meta property=\"og:image:height\" content=\"1842\" \/>\n\t<meta property=\"og:image:type\" content=\"image\/jpeg\" \/>\n<meta name=\"author\" content=\"noticias@prensapaisa.com\" \/>\n<meta name=\"twitter:card\" content=\"summary_large_image\" \/>\n<meta name=\"twitter:label1\" content=\"Escrito por\" \/>\n\t<meta name=\"twitter:data1\" content=\"noticias@prensapaisa.com\" \/>\n\t<meta name=\"twitter:label2\" content=\"Tiempo de lectura\" \/>\n\t<meta name=\"twitter:data2\" content=\"2 minutos\" \/>\n<script type=\"application\/ld+json\" class=\"yoast-schema-graph\">{\"@context\":\"https:\\\/\\\/schema.org\",\"@graph\":[{\"@type\":\"Article\",\"@id\":\"https:\\\/\\\/prensapaisa.com\\\/index.php\\\/2024\\\/12\\\/12\\\/un-joven-que-fue-atacado-a-bala-en-el-bajo-cauca-hace-38-dias-murio-en-cordoba\\\/#article\",\"isPartOf\":{\"@id\":\"https:\\\/\\\/prensapaisa.com\\\/index.php\\\/2024\\\/12\\\/12\\\/un-joven-que-fue-atacado-a-bala-en-el-bajo-cauca-hace-38-dias-murio-en-cordoba\\\/\"},\"author\":{\"name\":\"noticias@prensapaisa.com\",\"@id\":\"https:\\\/\\\/prensapaisa.com\\\/#\\\/schema\\\/person\\\/c5899b8b285dbcd70faec88a7c1579f6\"},\"headline\":\"Un joven que fue atacado a bala en el Bajo Cauca, hace 38 d\u00edas, muri\u00f3 en C\u00f3rdoba\",\"datePublished\":\"2024-12-12T14:46:05+00:00\",\"dateModified\":\"2024-12-12T14:46:07+00:00\",\"mainEntityOfPage\":{\"@id\":\"https:\\\/\\\/prensapaisa.com\\\/index.php\\\/2024\\\/12\\\/12\\\/un-joven-que-fue-atacado-a-bala-en-el-bajo-cauca-hace-38-dias-murio-en-cordoba\\\/\"},\"wordCount\":134,\"commentCount\":0,\"publisher\":{\"@id\":\"https:\\\/\\\/prensapaisa.com\\\/#organization\"},\"image\":{\"@id\":\"https:\\\/\\\/prensapaisa.com\\\/index.php\\\/2024\\\/12\\\/12\\\/un-joven-que-fue-atacado-a-bala-en-el-bajo-cauca-hace-38-dias-murio-en-cordoba\\\/#primaryimage\"},\"thumbnailUrl\":\"https:\\\/\\\/prensapaisa.com\\\/wp-content\\\/uploads\\\/2024\\\/12\\\/469644029_613131567948501_7316289571838370212_n.jpg\",\"articleSection\":[\"Fallecidos\",\"Municipios\",\"Noticias\",\"Orden Publico\",\"Redes Sociales\"],\"inLanguage\":\"es-CO\",\"potentialAction\":[{\"@type\":\"CommentAction\",\"name\":\"Comment\",\"target\":[\"https:\\\/\\\/prensapaisa.com\\\/index.php\\\/2024\\\/12\\\/12\\\/un-joven-que-fue-atacado-a-bala-en-el-bajo-cauca-hace-38-dias-murio-en-cordoba\\\/#respond\"]}]},{\"@type\":\"WebPage\",\"@id\":\"https:\\\/\\\/prensapaisa.com\\\/index.php\\\/2024\\\/12\\\/12\\\/un-joven-que-fue-atacado-a-bala-en-el-bajo-cauca-hace-38-dias-murio-en-cordoba\\\/\",\"url\":\"https:\\\/\\\/prensapaisa.com\\\/index.php\\\/2024\\\/12\\\/12\\\/un-joven-que-fue-atacado-a-bala-en-el-bajo-cauca-hace-38-dias-murio-en-cordoba\\\/\",\"name\":\"Un joven que fue atacado a bala en el Bajo Cauca, hace 38 d\u00edas, muri\u00f3 en C\u00f3rdoba - PRENSA PAISA\",\"isPartOf\":{\"@id\":\"https:\\\/\\\/prensapaisa.com\\\/#website\"},\"primaryImageOfPage\":{\"@id\":\"https:\\\/\\\/prensapaisa.com\\\/index.php\\\/2024\\\/12\\\/12\\\/un-joven-que-fue-atacado-a-bala-en-el-bajo-cauca-hace-38-dias-murio-en-cordoba\\\/#primaryimage\"},\"image\":{\"@id\":\"https:\\\/\\\/prensapaisa.com\\\/index.php\\\/2024\\\/12\\\/12\\\/un-joven-que-fue-atacado-a-bala-en-el-bajo-cauca-hace-38-dias-murio-en-cordoba\\\/#primaryimage\"},\"thumbnailUrl\":\"https:\\\/\\\/prensapaisa.com\\\/wp-content\\\/uploads\\\/2024\\\/12\\\/469644029_613131567948501_7316289571838370212_n.jpg\",\"datePublished\":\"2024-12-12T14:46:05+00:00\",\"dateModified\":\"2024-12-12T14:46:07+00:00\",\"breadcrumb\":{\"@id\":\"https:\\\/\\\/prensapaisa.com\\\/index.php\\\/2024\\\/12\\\/12\\\/un-joven-que-fue-atacado-a-bala-en-el-bajo-cauca-hace-38-dias-murio-en-cordoba\\\/#breadcrumb\"},\"inLanguage\":\"es-CO\",\"potentialAction\":[{\"@type\":\"ReadAction\",\"target\":[\"https:\\\/\\\/prensapaisa.com\\\/index.php\\\/2024\\\/12\\\/12\\\/un-joven-que-fue-atacado-a-bala-en-el-bajo-cauca-hace-38-dias-murio-en-cordoba\\\/\"]}]},{\"@type\":\"ImageObject\",\"inLanguage\":\"es-CO\",\"@id\":\"https:\\\/\\\/prensapaisa.com\\\/index.php\\\/2024\\\/12\\\/12\\\/un-joven-que-fue-atacado-a-bala-en-el-bajo-cauca-hace-38-dias-murio-en-cordoba\\\/#primaryimage\",\"url\":\"https:\\\/\\\/prensapaisa.com\\\/wp-content\\\/uploads\\\/2024\\\/12\\\/469644029_613131567948501_7316289571838370212_n.jpg\",\"contentUrl\":\"https:\\\/\\\/prensapaisa.com\\\/wp-content\\\/uploads\\\/2024\\\/12\\\/469644029_613131567948501_7316289571838370212_n.jpg\",\"width\":1290,\"height\":1842},{\"@type\":\"BreadcrumbList\",\"@id\":\"https:\\\/\\\/prensapaisa.com\\\/index.php\\\/2024\\\/12\\\/12\\\/un-joven-que-fue-atacado-a-bala-en-el-bajo-cauca-hace-38-dias-murio-en-cordoba\\\/#breadcrumb\",\"itemListElement\":[{\"@type\":\"ListItem\",\"position\":1,\"name\":\"Inicio\",\"item\":\"https:\\\/\\\/prensapaisa.com\\\/\"},{\"@type\":\"ListItem\",\"position\":2,\"name\":\"Un joven que fue atacado a bala en el Bajo Cauca, hace 38 d\u00edas, muri\u00f3 en C\u00f3rdoba\"}]},{\"@type\":\"WebSite\",\"@id\":\"https:\\\/\\\/prensapaisa.com\\\/#website\",\"url\":\"https:\\\/\\\/prensapaisa.com\\\/\",\"name\":\"PRENSA PAISA\",\"description\":\"Prensa Paisa la Original | Noticias de Medell\u00edn, Antioquia\",\"publisher\":{\"@id\":\"https:\\\/\\\/prensapaisa.com\\\/#organization\"},\"potentialAction\":[{\"@type\":\"SearchAction\",\"target\":{\"@type\":\"EntryPoint\",\"urlTemplate\":\"https:\\\/\\\/prensapaisa.com\\\/?s={search_term_string}\"},\"query-input\":{\"@type\":\"PropertyValueSpecification\",\"valueRequired\":true,\"valueName\":\"search_term_string\"}}],\"inLanguage\":\"es-CO\"},{\"@type\":\"Organization\",\"@id\":\"https:\\\/\\\/prensapaisa.com\\\/#organization\",\"name\":\"PRENSA PAISA\",\"url\":\"https:\\\/\\\/prensapaisa.com\\\/\",\"logo\":{\"@type\":\"ImageObject\",\"inLanguage\":\"es-CO\",\"@id\":\"https:\\\/\\\/prensapaisa.com\\\/#\\\/schema\\\/logo\\\/image\\\/\",\"url\":\"https:\\\/\\\/prensapaisa.com\\\/wp-content\\\/uploads\\\/2022\\\/05\\\/cropped-cropped-prensa.png\",\"contentUrl\":\"https:\\\/\\\/prensapaisa.com\\\/wp-content\\\/uploads\\\/2022\\\/05\\\/cropped-cropped-prensa.png\",\"width\":784,\"height\":524,\"caption\":\"PRENSA PAISA\"},\"image\":{\"@id\":\"https:\\\/\\\/prensapaisa.com\\\/#\\\/schema\\\/logo\\\/image\\\/\"}},{\"@type\":\"Person\",\"@id\":\"https:\\\/\\\/prensapaisa.com\\\/#\\\/schema\\\/person\\\/c5899b8b285dbcd70faec88a7c1579f6\",\"name\":\"noticias@prensapaisa.com\",\"image\":{\"@type\":\"ImageObject\",\"inLanguage\":\"es-CO\",\"@id\":\"https:\\\/\\\/secure.gravatar.com\\\/avatar\\\/ca2b49c1df14b84557c567431f045ea69c8ea5da2da50309fd4de9b811da0433?s=96&d=mm&r=g\",\"url\":\"https:\\\/\\\/secure.gravatar.com\\\/avatar\\\/ca2b49c1df14b84557c567431f045ea69c8ea5da2da50309fd4de9b811da0433?s=96&d=mm&r=g\",\"contentUrl\":\"https:\\\/\\\/secure.gravatar.com\\\/avatar\\\/ca2b49c1df14b84557c567431f045ea69c8ea5da2da50309fd4de9b811da0433?s=96&d=mm&r=g\",\"caption\":\"noticias@prensapaisa.com\"},\"sameAs\":[\"http:\\\/\\\/prensapaisa.com\"],\"url\":\"https:\\\/\\\/prensapaisa.com\\\/index.php\\\/author\\\/prensapaisagmail-com\\\/\"}]}<\/script>\n<!-- \/ Yoast SEO plugin. -->","yoast_head_json":{"title":"Un joven que fue atacado a bala en el Bajo Cauca, hace 38 d\u00edas, muri\u00f3 en C\u00f3rdoba - PRENSA PAISA","robots":{"index":"index","follow":"follow","max-snippet":"max-snippet:-1","max-image-preview":"max-image-preview:large","max-video-preview":"max-video-preview:-1"},"canonical":"https:\/\/prensapaisa.com\/index.php\/2024\/12\/12\/un-joven-que-fue-atacado-a-bala-en-el-bajo-cauca-hace-38-dias-murio-en-cordoba\/","og_locale":"es_ES","og_type":"article","og_title":"Un joven que fue atacado a bala en el Bajo Cauca, hace 38 d\u00edas, muri\u00f3 en C\u00f3rdoba - PRENSA PAISA","og_description":"Prensapaisa.com Familiares y amigos le hacen luto a Juan Esteban Vel\u00e1zquez, quien fue herido a tiros el pasado 28 de octubre en el sector de La Pesquera, en el municipio&hellip;","og_url":"https:\/\/prensapaisa.com\/index.php\/2024\/12\/12\/un-joven-que-fue-atacado-a-bala-en-el-bajo-cauca-hace-38-dias-murio-en-cordoba\/","og_site_name":"PRENSA PAISA","article_published_time":"2024-12-12T14:46:05+00:00","article_modified_time":"2024-12-12T14:46:07+00:00","og_image":[{"width":1290,"height":1842,"url":"https:\/\/prensapaisa.com\/wp-content\/uploads\/2024\/12\/469644029_613131567948501_7316289571838370212_n.jpg","type":"image\/jpeg"}],"author":"noticias@prensapaisa.com","twitter_card":"summary_large_image","twitter_misc":{"Escrito por":"noticias@prensapaisa.com","Tiempo de lectura":"2 minutos"},"schema":{"@context":"https:\/\/schema.org","@graph":[{"@type":"Article","@id":"https:\/\/prensapaisa.com\/index.php\/2024\/12\/12\/un-joven-que-fue-atacado-a-bala-en-el-bajo-cauca-hace-38-dias-murio-en-cordoba\/#article","isPartOf":{"@id":"https:\/\/prensapaisa.com\/index.php\/2024\/12\/12\/un-joven-que-fue-atacado-a-bala-en-el-bajo-cauca-hace-38-dias-murio-en-cordoba\/"},"author":{"name":"noticias@prensapaisa.com","@id":"https:\/\/prensapaisa.com\/#\/schema\/person\/c5899b8b285dbcd70faec88a7c1579f6"},"headline":"Un joven que fue atacado a bala en el Bajo Cauca, hace 38 d\u00edas, muri\u00f3 en C\u00f3rdoba","datePublished":"2024-12-12T14:46:05+00:00","dateModified":"2024-12-12T14:46:07+00:00","mainEntityOfPage":{"@id":"https:\/\/prensapaisa.com\/index.php\/2024\/12\/12\/un-joven-que-fue-atacado-a-bala-en-el-bajo-cauca-hace-38-dias-murio-en-cordoba\/"},"wordCount":134,"commentCount":0,"publisher":{"@id":"https:\/\/prensapaisa.com\/#organization"},"image":{"@id":"https:\/\/prensapaisa.com\/index.php\/2024\/12\/12\/un-joven-que-fue-atacado-a-bala-en-el-bajo-cauca-hace-38-dias-murio-en-cordoba\/#primaryimage"},"thumbnailUrl":"https:\/\/prensapaisa.com\/wp-content\/uploads\/2024\/12\/469644029_613131567948501_7316289571838370212_n.jpg","articleSection":["Fallecidos","Municipios","Noticias","Orden Publico","Redes Sociales"],"inLanguage":"es-CO","potentialAction":[{"@type":"CommentAction","name":"Comment","target":["https:\/\/prensapaisa.com\/index.php\/2024\/12\/12\/un-joven-que-fue-atacado-a-bala-en-el-bajo-cauca-hace-38-dias-murio-en-cordoba\/#respond"]}]},{"@type":"WebPage","@id":"https:\/\/prensapaisa.com\/index.php\/2024\/12\/12\/un-joven-que-fue-atacado-a-bala-en-el-bajo-cauca-hace-38-dias-murio-en-cordoba\/","url":"https:\/\/prensapaisa.com\/index.php\/2024\/12\/12\/un-joven-que-fue-atacado-a-bala-en-el-bajo-cauca-hace-38-dias-murio-en-cordoba\/","name":"Un joven que fue atacado a bala en el Bajo Cauca, hace 38 d\u00edas, muri\u00f3 en C\u00f3rdoba - PRENSA PAISA","isPartOf":{"@id":"https:\/\/prensapaisa.com\/#website"},"primaryImageOfPage":{"@id":"https:\/\/prensapaisa.com\/index.php\/2024\/12\/12\/un-joven-que-fue-atacado-a-bala-en-el-bajo-cauca-hace-38-dias-murio-en-cordoba\/#primaryimage"},"image":{"@id":"https:\/\/prensapaisa.com\/index.php\/2024\/12\/12\/un-joven-que-fue-atacado-a-bala-en-el-bajo-cauca-hace-38-dias-murio-en-cordoba\/#primaryimage"},"thumbnailUrl":"https:\/\/prensapaisa.com\/wp-content\/uploads\/2024\/12\/469644029_613131567948501_7316289571838370212_n.jpg","datePublished":"2024-12-12T14:46:05+00:00","dateModified":"2024-12-12T14:46:07+00:00","breadcrumb":{"@id":"https:\/\/prensapaisa.com\/index.php\/2024\/12\/12\/un-joven-que-fue-atacado-a-bala-en-el-bajo-cauca-hace-38-dias-murio-en-cordoba\/#breadcrumb"},"inLanguage":"es-CO","potentialAction":[{"@type":"ReadAction","target":["https:\/\/prensapaisa.com\/index.php\/2024\/12\/12\/un-joven-que-fue-atacado-a-bala-en-el-bajo-cauca-hace-38-dias-murio-en-cordoba\/"]}]},{"@type":"ImageObject","inLanguage":"es-CO","@id":"https:\/\/prensapaisa.com\/index.php\/2024\/12\/12\/un-joven-que-fue-atacado-a-bala-en-el-bajo-cauca-hace-38-dias-murio-en-cordoba\/#primaryimage","url":"https:\/\/prensapaisa.com\/wp-content\/uploads\/2024\/12\/469644029_613131567948501_7316289571838370212_n.jpg","contentUrl":"https:\/\/prensapaisa.com\/wp-content\/uploads\/2024\/12\/469644029_613131567948501_7316289571838370212_n.jpg","width":1290,"height":1842},{"@type":"BreadcrumbList","@id":"https:\/\/prensapaisa.com\/index.php\/2024\/12\/12\/un-joven-que-fue-atacado-a-bala-en-el-bajo-cauca-hace-38-dias-murio-en-cordoba\/#breadcrumb","itemListElement":[{"@type":"ListItem","position":1,"name":"Inicio","item":"https:\/\/prensapaisa.com\/"},{"@type":"ListItem","position":2,"name":"Un joven que fue atacado a bala en el Bajo Cauca, hace 38 d\u00edas, muri\u00f3 en C\u00f3rdoba"}]},{"@type":"WebSite","@id":"https:\/\/prensapaisa.com\/#website","url":"https:\/\/prensapaisa.com\/","name":"PRENSA PAISA","description":"Prensa Paisa la Original | Noticias de Medell\u00edn, Antioquia","publisher":{"@id":"https:\/\/prensapaisa.com\/#organization"},"potentialAction":[{"@type":"SearchAction","target":{"@type":"EntryPoint","urlTemplate":"https:\/\/prensapaisa.com\/?s={search_term_string}"},"query-input":{"@type":"PropertyValueSpecification","valueRequired":true,"valueName":"search_term_string"}}],"inLanguage":"es-CO"},{"@type":"Organization","@id":"https:\/\/prensapaisa.com\/#organization","name":"PRENSA PAISA","url":"https:\/\/prensapaisa.com\/","logo":{"@type":"ImageObject","inLanguage":"es-CO","@id":"https:\/\/prensapaisa.com\/#\/schema\/logo\/image\/","url":"https:\/\/prensapaisa.com\/wp-content\/uploads\/2022\/05\/cropped-cropped-prensa.png","contentUrl":"https:\/\/prensapaisa.com\/wp-content\/uploads\/2022\/05\/cropped-cropped-prensa.png","width":784,"height":524,"caption":"PRENSA PAISA"},"image":{"@id":"https:\/\/prensapaisa.com\/#\/schema\/logo\/image\/"}},{"@type":"Person","@id":"https:\/\/prensapaisa.com\/#\/schema\/person\/c5899b8b285dbcd70faec88a7c1579f6","name":"noticias@prensapaisa.com","image":{"@type":"ImageObject","inLanguage":"es-CO","@id":"https:\/\/secure.gravatar.com\/avatar\/ca2b49c1df14b84557c567431f045ea69c8ea5da2da50309fd4de9b811da0433?s=96&d=mm&r=g","url":"https:\/\/secure.gravatar.com\/avatar\/ca2b49c1df14b84557c567431f045ea69c8ea5da2da50309fd4de9b811da0433?s=96&d=mm&r=g","contentUrl":"https:\/\/secure.gravatar.com\/avatar\/ca2b49c1df14b84557c567431f045ea69c8ea5da2da50309fd4de9b811da0433?s=96&d=mm&r=g","caption":"noticias@prensapaisa.com"},"sameAs":["http:\/\/prensapaisa.com"],"url":"https:\/\/prensapaisa.com\/index.php\/author\/prensapaisagmail-com\/"}]}},"_links":{"self":[{"href":"https:\/\/prensapaisa.com\/index.php\/wp-json\/wp\/v2\/posts\/13766","targetHints":{"allow":["GET"]}}],"collection":[{"href":"https:\/\/prensapaisa.com\/index.php\/wp-json\/wp\/v2\/posts"}],"about":[{"href":"https:\/\/prensapaisa.com\/index.php\/wp-json\/wp\/v2\/types\/post"}],"author":[{"embeddable":true,"href":"https:\/\/prensapaisa.com\/index.php\/wp-json\/wp\/v2\/users\/1"}],"replies":[{"embeddable":true,"href":"https:\/\/prensapaisa.com\/index.php\/wp-json\/wp\/v2\/comments?post=13766"}],"version-history":[{"count":1,"href":"https:\/\/prensapaisa.com\/index.php\/wp-json\/wp\/v2\/posts\/13766\/revisions"}],"predecessor-version":[{"id":13772,"href":"https:\/\/prensapaisa.com\/index.php\/wp-json\/wp\/v2\/posts\/13766\/revisions\/13772"}],"wp:featuredmedia":[{"embeddable":true,"href":"https:\/\/prensapaisa.com\/index.php\/wp-json\/wp\/v2\/media\/13768"}],"wp:attachment":[{"href":"https:\/\/prensapaisa.com\/index.php\/wp-json\/wp\/v2\/media?parent=13766"}],"wp:term":[{"taxonomy":"category","embeddable":true,"href":"https:\/\/prensapaisa.com\/index.php\/wp-json\/wp\/v2\/categories?post=13766"},{"taxonomy":"post_tag","embeddable":true,"href":"https:\/\/prensapaisa.com\/index.php\/wp-json\/wp\/v2\/tags?post=13766"}],"curies":[{"name":"wp","href":"https:\/\/api.w.org\/{rel}","templated":true}]}}