{"id":13376,"date":"2024-09-11T22:06:52","date_gmt":"2024-09-12T03:06:52","guid":{"rendered":"https:\/\/prensapaisa.com\/?p=13376"},"modified":"2024-09-11T22:06:53","modified_gmt":"2024-09-12T03:06:53","slug":"mujer-fue-asesinada-en-el-norte-de-antioquia","status":"publish","type":"post","link":"https:\/\/prensapaisa.com\/index.php\/2024\/09\/11\/mujer-fue-asesinada-en-el-norte-de-antioquia\/","title":{"rendered":"Mujer fue asesinada en el Norte de Antioquia"},"content":{"rendered":"\n<p><a href=\"https:\/\/prensapaisa.com\/?fbclid=IwZXh0bgNhZW0CMTAAAR0BxicFugtBcDzxXj2yKOUcxlL9PgmGRyr0R0tukTy2D32vjVLZTT-WeLM_aem_92xnKneqbXUt-qafrt25lA\" rel=\"noreferrer noopener\" target=\"_blank\">Prensapaisa.com<\/a><\/p>\n\n\n\n<p>&#8220;Una <a><\/a>mujer de 19 a\u00f1os, fue hallada sin vida en su vivienda ubicada en zona rural del municipio de Yarumal, Norte antioque\u00f1o.<\/p>\n\n\n\n<p>El hecho violento se present\u00f3 en el corregimiento Llanos de Cuiv\u00e1, sector San Rafael.<\/p>\n\n\n\n<p>Seg\u00fan las primeras versiones entregadas por las autoridades, el fatal incidente se produjo cuando un sujeto, aparentemente involucrado en una ri\u00f1a en una zona de entretenimiento del corregimiento, dispar\u00f3 indiscriminadamente desde la calle, al parecer con el objetivo de dispararle a otra mujer. La bala atraves\u00f3 una ventana e impact\u00f3 en el t\u00f3rax de joven quien se encontraba en ese momento en el interior de su vivienda.<\/p>\n\n\n\n<p>La v\u00edctima fue identificada como Yaira Mar\u00eda Begambre, oriunda de Montel\u00edbano, C\u00f3rdoba.<\/p>\n\n\n\n<p>Al parecer, el agresor, aprovechando la confusi\u00f3n generada por los disparos, logr\u00f3 huir del lugar a bordo de una motocicleta. Las autoridades locales han iniciado un intenso operativo para dar con su paradero y esclarecer los motivos de este crimen.<\/p>\n\n\n\n<p>La noticia del asesinato de Yaira Mar\u00eda ha causado gran conmoci\u00f3n tanto en Montel\u00edbano como en Llanos de Cuiv\u00e1, familiares, amigos y conocidos de la joven, han expresado su profundo dolor y exigido a las autoridades que se realicen las investigaciones pertinentes para llevar ante la justicia al responsable&#8221;.<\/p>\n\n\n\n<p><a href=\"https:\/\/www.facebook.com\/hashtag\/fotinfo?__eep__=6&amp;__cft__[0]=AZVxy-A5k01fK42Cgpu7aAETIqkWWiyx6U0nw1nGSSNIM6mO9FY--ohn5eUVpfGeiIANqrC5mE3HqkifK5FjM0k8FzLGIanKyexJW7cvZ-t7Ld3kkaCXHE8SVa1WGVxQZcvVMzKgB2Ny8TbUiuQBHKuEHV7qiWuHBjtQDkbYRiPlIhJSGWIpOUNRiIOcvRHiPts5Qr7dkU3jjEcTfFih1kww&amp;__tn__=*NK-R\">#Fotinfo<\/a>: Yuli Metaute<\/p>\n\n\n\n<p><a href=\"https:\/\/www.facebook.com\/hashtag\/alertapaisa?__eep__=6&amp;__cft__[0]=AZVxy-A5k01fK42Cgpu7aAETIqkWWiyx6U0nw1nGSSNIM6mO9FY--ohn5eUVpfGeiIANqrC5mE3HqkifK5FjM0k8FzLGIanKyexJW7cvZ-t7Ld3kkaCXHE8SVa1WGVxQZcvVMzKgB2Ny8TbUiuQBHKuEHV7qiWuHBjtQDkbYRiPlIhJSGWIpOUNRiIOcvRHiPts5Qr7dkU3jjEcTfFih1kww&amp;__tn__=*NK-R\">#AlertaPaisa<\/a><\/p>\n\n\n\n<figure class=\"wp-block-image size-full\"><img fetchpriority=\"high\" decoding=\"async\" width=\"608\" height=\"816\" src=\"https:\/\/prensapaisa.com\/wp-content\/uploads\/2024\/09\/459138977_550941804167478_7643726721658637842_n.jpg\" alt=\"\" class=\"wp-image-13377\" srcset=\"https:\/\/prensapaisa.com\/wp-content\/uploads\/2024\/09\/459138977_550941804167478_7643726721658637842_n.jpg 608w, https:\/\/prensapaisa.com\/wp-content\/uploads\/2024\/09\/459138977_550941804167478_7643726721658637842_n-224x300.jpg 224w, https:\/\/prensapaisa.com\/wp-content\/uploads\/2024\/09\/459138977_550941804167478_7643726721658637842_n-585x785.jpg 585w\" sizes=\"(max-width: 608px) 100vw, 608px\" \/><\/figure>\n\n\n\n<figure class=\"wp-block-image size-full\"><img decoding=\"async\" width=\"615\" height=\"1024\" src=\"https:\/\/prensapaisa.com\/wp-content\/uploads\/2024\/09\/459184991_550942244167434_6452015207136150772_n.jpg\" alt=\"\" class=\"wp-image-13378\" srcset=\"https:\/\/prensapaisa.com\/wp-content\/uploads\/2024\/09\/459184991_550942244167434_6452015207136150772_n.jpg 615w, https:\/\/prensapaisa.com\/wp-content\/uploads\/2024\/09\/459184991_550942244167434_6452015207136150772_n-180x300.jpg 180w, https:\/\/prensapaisa.com\/wp-content\/uploads\/2024\/09\/459184991_550942244167434_6452015207136150772_n-585x974.jpg 585w\" sizes=\"(max-width: 615px) 100vw, 615px\" \/><\/figure>\n\n\n\n<figure class=\"wp-block-image size-large\"><img decoding=\"async\" width=\"768\" height=\"1024\" src=\"https:\/\/prensapaisa.com\/wp-content\/uploads\/2024\/09\/459159922_550942264167432_4842782289740556264_n-768x1024.jpg\" alt=\"\" class=\"wp-image-13379\" srcset=\"https:\/\/prensapaisa.com\/wp-content\/uploads\/2024\/09\/459159922_550942264167432_4842782289740556264_n-768x1024.jpg 768w, https:\/\/prensapaisa.com\/wp-content\/uploads\/2024\/09\/459159922_550942264167432_4842782289740556264_n-225x300.jpg 225w, https:\/\/prensapaisa.com\/wp-content\/uploads\/2024\/09\/459159922_550942264167432_4842782289740556264_n-585x780.jpg 585w, https:\/\/prensapaisa.com\/wp-content\/uploads\/2024\/09\/459159922_550942264167432_4842782289740556264_n.jpg 966w\" sizes=\"(max-width: 768px) 100vw, 768px\" \/><\/figure>\n\n\n\n<figure class=\"wp-block-image size-full\"><img loading=\"lazy\" decoding=\"async\" width=\"1024\" height=\"1024\" src=\"https:\/\/prensapaisa.com\/wp-content\/uploads\/2024\/09\/459226349_550942277500764_524715904212700125_n.jpg\" alt=\"\" class=\"wp-image-13380\" srcset=\"https:\/\/prensapaisa.com\/wp-content\/uploads\/2024\/09\/459226349_550942277500764_524715904212700125_n.jpg 1024w, https:\/\/prensapaisa.com\/wp-content\/uploads\/2024\/09\/459226349_550942277500764_524715904212700125_n-300x300.jpg 300w, https:\/\/prensapaisa.com\/wp-content\/uploads\/2024\/09\/459226349_550942277500764_524715904212700125_n-150x150.jpg 150w, https:\/\/prensapaisa.com\/wp-content\/uploads\/2024\/09\/459226349_550942277500764_524715904212700125_n-768x768.jpg 768w, https:\/\/prensapaisa.com\/wp-content\/uploads\/2024\/09\/459226349_550942277500764_524715904212700125_n-585x585.jpg 585w\" sizes=\"(max-width: 1024px) 100vw, 1024px\" \/><\/figure>\n","protected":false},"excerpt":{"rendered":"<p>Prensapaisa.com &#8220;Una mujer de 19 a\u00f1os, fue hallada sin vida en su vivienda ubicada en zona rural del municipio de Yarumal, Norte antioque\u00f1o. El hecho violento se present\u00f3 en el&hellip;<\/p>\n","protected":false},"author":1,"featured_media":13377,"comment_status":"open","ping_status":"open","sticky":false,"template":"","format":"standard","meta":{"footnotes":""},"categories":[50,43,16,1,47,46],"tags":[],"class_list":["post-13376","post","type-post","status-publish","format-standard","has-post-thumbnail","hentry","category-denuncias","category-fallecidos","category-municipios","category-noticias","category-orden-publico","category-redes-sociales"],"yoast_head":"<!-- This site is optimized with the Yoast SEO plugin v27.4 - https:\/\/yoast.com\/product\/yoast-seo-wordpress\/ -->\n<title>Mujer fue asesinada en el Norte de Antioquia - PRENSA PAISA<\/title>\n<meta name=\"robots\" content=\"index, follow, max-snippet:-1, max-image-preview:large, max-video-preview:-1\" \/>\n<link rel=\"canonical\" href=\"https:\/\/prensapaisa.com\/index.php\/2024\/09\/11\/mujer-fue-asesinada-en-el-norte-de-antioquia\/\" \/>\n<meta property=\"og:locale\" content=\"es_ES\" \/>\n<meta property=\"og:type\" content=\"article\" \/>\n<meta property=\"og:title\" content=\"Mujer fue asesinada en el Norte de Antioquia - PRENSA PAISA\" \/>\n<meta property=\"og:description\" content=\"Prensapaisa.com &#8220;Una mujer de 19 a\u00f1os, fue hallada sin vida en su vivienda ubicada en zona rural del municipio de Yarumal, Norte antioque\u00f1o. El hecho violento se present\u00f3 en el&hellip;\" \/>\n<meta property=\"og:url\" content=\"https:\/\/prensapaisa.com\/index.php\/2024\/09\/11\/mujer-fue-asesinada-en-el-norte-de-antioquia\/\" \/>\n<meta property=\"og:site_name\" content=\"PRENSA PAISA\" \/>\n<meta property=\"article:published_time\" content=\"2024-09-12T03:06:52+00:00\" \/>\n<meta property=\"article:modified_time\" content=\"2024-09-12T03:06:53+00:00\" \/>\n<meta property=\"og:image\" content=\"https:\/\/prensapaisa.com\/wp-content\/uploads\/2024\/09\/459138977_550941804167478_7643726721658637842_n.jpg\" \/>\n\t<meta property=\"og:image:width\" content=\"608\" \/>\n\t<meta property=\"og:image:height\" content=\"816\" \/>\n\t<meta property=\"og:image:type\" content=\"image\/jpeg\" \/>\n<meta name=\"author\" content=\"noticias@prensapaisa.com\" \/>\n<meta name=\"twitter:card\" content=\"summary_large_image\" \/>\n<meta name=\"twitter:label1\" content=\"Escrito por\" \/>\n\t<meta name=\"twitter:data1\" content=\"noticias@prensapaisa.com\" \/>\n\t<meta name=\"twitter:label2\" content=\"Tiempo de lectura\" \/>\n\t<meta name=\"twitter:data2\" content=\"2 minutos\" \/>\n<script type=\"application\/ld+json\" class=\"yoast-schema-graph\">{\"@context\":\"https:\\\/\\\/schema.org\",\"@graph\":[{\"@type\":\"Article\",\"@id\":\"https:\\\/\\\/prensapaisa.com\\\/index.php\\\/2024\\\/09\\\/11\\\/mujer-fue-asesinada-en-el-norte-de-antioquia\\\/#article\",\"isPartOf\":{\"@id\":\"https:\\\/\\\/prensapaisa.com\\\/index.php\\\/2024\\\/09\\\/11\\\/mujer-fue-asesinada-en-el-norte-de-antioquia\\\/\"},\"author\":{\"name\":\"noticias@prensapaisa.com\",\"@id\":\"https:\\\/\\\/prensapaisa.com\\\/#\\\/schema\\\/person\\\/c5899b8b285dbcd70faec88a7c1579f6\"},\"headline\":\"Mujer fue asesinada en el Norte de Antioquia\",\"datePublished\":\"2024-09-12T03:06:52+00:00\",\"dateModified\":\"2024-09-12T03:06:53+00:00\",\"mainEntityOfPage\":{\"@id\":\"https:\\\/\\\/prensapaisa.com\\\/index.php\\\/2024\\\/09\\\/11\\\/mujer-fue-asesinada-en-el-norte-de-antioquia\\\/\"},\"wordCount\":230,\"commentCount\":0,\"publisher\":{\"@id\":\"https:\\\/\\\/prensapaisa.com\\\/#organization\"},\"image\":{\"@id\":\"https:\\\/\\\/prensapaisa.com\\\/index.php\\\/2024\\\/09\\\/11\\\/mujer-fue-asesinada-en-el-norte-de-antioquia\\\/#primaryimage\"},\"thumbnailUrl\":\"https:\\\/\\\/prensapaisa.com\\\/wp-content\\\/uploads\\\/2024\\\/09\\\/459138977_550941804167478_7643726721658637842_n.jpg\",\"articleSection\":[\"Denuncias\",\"Fallecidos\",\"Municipios\",\"Noticias\",\"Orden Publico\",\"Redes Sociales\"],\"inLanguage\":\"es-CO\",\"potentialAction\":[{\"@type\":\"CommentAction\",\"name\":\"Comment\",\"target\":[\"https:\\\/\\\/prensapaisa.com\\\/index.php\\\/2024\\\/09\\\/11\\\/mujer-fue-asesinada-en-el-norte-de-antioquia\\\/#respond\"]}]},{\"@type\":\"WebPage\",\"@id\":\"https:\\\/\\\/prensapaisa.com\\\/index.php\\\/2024\\\/09\\\/11\\\/mujer-fue-asesinada-en-el-norte-de-antioquia\\\/\",\"url\":\"https:\\\/\\\/prensapaisa.com\\\/index.php\\\/2024\\\/09\\\/11\\\/mujer-fue-asesinada-en-el-norte-de-antioquia\\\/\",\"name\":\"Mujer fue asesinada en el Norte de Antioquia - PRENSA PAISA\",\"isPartOf\":{\"@id\":\"https:\\\/\\\/prensapaisa.com\\\/#website\"},\"primaryImageOfPage\":{\"@id\":\"https:\\\/\\\/prensapaisa.com\\\/index.php\\\/2024\\\/09\\\/11\\\/mujer-fue-asesinada-en-el-norte-de-antioquia\\\/#primaryimage\"},\"image\":{\"@id\":\"https:\\\/\\\/prensapaisa.com\\\/index.php\\\/2024\\\/09\\\/11\\\/mujer-fue-asesinada-en-el-norte-de-antioquia\\\/#primaryimage\"},\"thumbnailUrl\":\"https:\\\/\\\/prensapaisa.com\\\/wp-content\\\/uploads\\\/2024\\\/09\\\/459138977_550941804167478_7643726721658637842_n.jpg\",\"datePublished\":\"2024-09-12T03:06:52+00:00\",\"dateModified\":\"2024-09-12T03:06:53+00:00\",\"breadcrumb\":{\"@id\":\"https:\\\/\\\/prensapaisa.com\\\/index.php\\\/2024\\\/09\\\/11\\\/mujer-fue-asesinada-en-el-norte-de-antioquia\\\/#breadcrumb\"},\"inLanguage\":\"es-CO\",\"potentialAction\":[{\"@type\":\"ReadAction\",\"target\":[\"https:\\\/\\\/prensapaisa.com\\\/index.php\\\/2024\\\/09\\\/11\\\/mujer-fue-asesinada-en-el-norte-de-antioquia\\\/\"]}]},{\"@type\":\"ImageObject\",\"inLanguage\":\"es-CO\",\"@id\":\"https:\\\/\\\/prensapaisa.com\\\/index.php\\\/2024\\\/09\\\/11\\\/mujer-fue-asesinada-en-el-norte-de-antioquia\\\/#primaryimage\",\"url\":\"https:\\\/\\\/prensapaisa.com\\\/wp-content\\\/uploads\\\/2024\\\/09\\\/459138977_550941804167478_7643726721658637842_n.jpg\",\"contentUrl\":\"https:\\\/\\\/prensapaisa.com\\\/wp-content\\\/uploads\\\/2024\\\/09\\\/459138977_550941804167478_7643726721658637842_n.jpg\",\"width\":608,\"height\":816},{\"@type\":\"BreadcrumbList\",\"@id\":\"https:\\\/\\\/prensapaisa.com\\\/index.php\\\/2024\\\/09\\\/11\\\/mujer-fue-asesinada-en-el-norte-de-antioquia\\\/#breadcrumb\",\"itemListElement\":[{\"@type\":\"ListItem\",\"position\":1,\"name\":\"Inicio\",\"item\":\"https:\\\/\\\/prensapaisa.com\\\/\"},{\"@type\":\"ListItem\",\"position\":2,\"name\":\"Mujer fue asesinada en el Norte de Antioquia\"}]},{\"@type\":\"WebSite\",\"@id\":\"https:\\\/\\\/prensapaisa.com\\\/#website\",\"url\":\"https:\\\/\\\/prensapaisa.com\\\/\",\"name\":\"PRENSA PAISA\",\"description\":\"Prensa Paisa la Original | Noticias de Medell\u00edn, Antioquia\",\"publisher\":{\"@id\":\"https:\\\/\\\/prensapaisa.com\\\/#organization\"},\"potentialAction\":[{\"@type\":\"SearchAction\",\"target\":{\"@type\":\"EntryPoint\",\"urlTemplate\":\"https:\\\/\\\/prensapaisa.com\\\/?s={search_term_string}\"},\"query-input\":{\"@type\":\"PropertyValueSpecification\",\"valueRequired\":true,\"valueName\":\"search_term_string\"}}],\"inLanguage\":\"es-CO\"},{\"@type\":\"Organization\",\"@id\":\"https:\\\/\\\/prensapaisa.com\\\/#organization\",\"name\":\"PRENSA PAISA\",\"url\":\"https:\\\/\\\/prensapaisa.com\\\/\",\"logo\":{\"@type\":\"ImageObject\",\"inLanguage\":\"es-CO\",\"@id\":\"https:\\\/\\\/prensapaisa.com\\\/#\\\/schema\\\/logo\\\/image\\\/\",\"url\":\"https:\\\/\\\/prensapaisa.com\\\/wp-content\\\/uploads\\\/2022\\\/05\\\/cropped-cropped-prensa.png\",\"contentUrl\":\"https:\\\/\\\/prensapaisa.com\\\/wp-content\\\/uploads\\\/2022\\\/05\\\/cropped-cropped-prensa.png\",\"width\":784,\"height\":524,\"caption\":\"PRENSA PAISA\"},\"image\":{\"@id\":\"https:\\\/\\\/prensapaisa.com\\\/#\\\/schema\\\/logo\\\/image\\\/\"}},{\"@type\":\"Person\",\"@id\":\"https:\\\/\\\/prensapaisa.com\\\/#\\\/schema\\\/person\\\/c5899b8b285dbcd70faec88a7c1579f6\",\"name\":\"noticias@prensapaisa.com\",\"image\":{\"@type\":\"ImageObject\",\"inLanguage\":\"es-CO\",\"@id\":\"https:\\\/\\\/secure.gravatar.com\\\/avatar\\\/ca2b49c1df14b84557c567431f045ea69c8ea5da2da50309fd4de9b811da0433?s=96&d=mm&r=g\",\"url\":\"https:\\\/\\\/secure.gravatar.com\\\/avatar\\\/ca2b49c1df14b84557c567431f045ea69c8ea5da2da50309fd4de9b811da0433?s=96&d=mm&r=g\",\"contentUrl\":\"https:\\\/\\\/secure.gravatar.com\\\/avatar\\\/ca2b49c1df14b84557c567431f045ea69c8ea5da2da50309fd4de9b811da0433?s=96&d=mm&r=g\",\"caption\":\"noticias@prensapaisa.com\"},\"sameAs\":[\"http:\\\/\\\/prensapaisa.com\"],\"url\":\"https:\\\/\\\/prensapaisa.com\\\/index.php\\\/author\\\/prensapaisagmail-com\\\/\"}]}<\/script>\n<!-- \/ Yoast SEO plugin. -->","yoast_head_json":{"title":"Mujer fue asesinada en el Norte de Antioquia - PRENSA PAISA","robots":{"index":"index","follow":"follow","max-snippet":"max-snippet:-1","max-image-preview":"max-image-preview:large","max-video-preview":"max-video-preview:-1"},"canonical":"https:\/\/prensapaisa.com\/index.php\/2024\/09\/11\/mujer-fue-asesinada-en-el-norte-de-antioquia\/","og_locale":"es_ES","og_type":"article","og_title":"Mujer fue asesinada en el Norte de Antioquia - PRENSA PAISA","og_description":"Prensapaisa.com &#8220;Una mujer de 19 a\u00f1os, fue hallada sin vida en su vivienda ubicada en zona rural del municipio de Yarumal, Norte antioque\u00f1o. El hecho violento se present\u00f3 en el&hellip;","og_url":"https:\/\/prensapaisa.com\/index.php\/2024\/09\/11\/mujer-fue-asesinada-en-el-norte-de-antioquia\/","og_site_name":"PRENSA PAISA","article_published_time":"2024-09-12T03:06:52+00:00","article_modified_time":"2024-09-12T03:06:53+00:00","og_image":[{"width":608,"height":816,"url":"https:\/\/prensapaisa.com\/wp-content\/uploads\/2024\/09\/459138977_550941804167478_7643726721658637842_n.jpg","type":"image\/jpeg"}],"author":"noticias@prensapaisa.com","twitter_card":"summary_large_image","twitter_misc":{"Escrito por":"noticias@prensapaisa.com","Tiempo de lectura":"2 minutos"},"schema":{"@context":"https:\/\/schema.org","@graph":[{"@type":"Article","@id":"https:\/\/prensapaisa.com\/index.php\/2024\/09\/11\/mujer-fue-asesinada-en-el-norte-de-antioquia\/#article","isPartOf":{"@id":"https:\/\/prensapaisa.com\/index.php\/2024\/09\/11\/mujer-fue-asesinada-en-el-norte-de-antioquia\/"},"author":{"name":"noticias@prensapaisa.com","@id":"https:\/\/prensapaisa.com\/#\/schema\/person\/c5899b8b285dbcd70faec88a7c1579f6"},"headline":"Mujer fue asesinada en el Norte de Antioquia","datePublished":"2024-09-12T03:06:52+00:00","dateModified":"2024-09-12T03:06:53+00:00","mainEntityOfPage":{"@id":"https:\/\/prensapaisa.com\/index.php\/2024\/09\/11\/mujer-fue-asesinada-en-el-norte-de-antioquia\/"},"wordCount":230,"commentCount":0,"publisher":{"@id":"https:\/\/prensapaisa.com\/#organization"},"image":{"@id":"https:\/\/prensapaisa.com\/index.php\/2024\/09\/11\/mujer-fue-asesinada-en-el-norte-de-antioquia\/#primaryimage"},"thumbnailUrl":"https:\/\/prensapaisa.com\/wp-content\/uploads\/2024\/09\/459138977_550941804167478_7643726721658637842_n.jpg","articleSection":["Denuncias","Fallecidos","Municipios","Noticias","Orden Publico","Redes Sociales"],"inLanguage":"es-CO","potentialAction":[{"@type":"CommentAction","name":"Comment","target":["https:\/\/prensapaisa.com\/index.php\/2024\/09\/11\/mujer-fue-asesinada-en-el-norte-de-antioquia\/#respond"]}]},{"@type":"WebPage","@id":"https:\/\/prensapaisa.com\/index.php\/2024\/09\/11\/mujer-fue-asesinada-en-el-norte-de-antioquia\/","url":"https:\/\/prensapaisa.com\/index.php\/2024\/09\/11\/mujer-fue-asesinada-en-el-norte-de-antioquia\/","name":"Mujer fue asesinada en el Norte de Antioquia - PRENSA PAISA","isPartOf":{"@id":"https:\/\/prensapaisa.com\/#website"},"primaryImageOfPage":{"@id":"https:\/\/prensapaisa.com\/index.php\/2024\/09\/11\/mujer-fue-asesinada-en-el-norte-de-antioquia\/#primaryimage"},"image":{"@id":"https:\/\/prensapaisa.com\/index.php\/2024\/09\/11\/mujer-fue-asesinada-en-el-norte-de-antioquia\/#primaryimage"},"thumbnailUrl":"https:\/\/prensapaisa.com\/wp-content\/uploads\/2024\/09\/459138977_550941804167478_7643726721658637842_n.jpg","datePublished":"2024-09-12T03:06:52+00:00","dateModified":"2024-09-12T03:06:53+00:00","breadcrumb":{"@id":"https:\/\/prensapaisa.com\/index.php\/2024\/09\/11\/mujer-fue-asesinada-en-el-norte-de-antioquia\/#breadcrumb"},"inLanguage":"es-CO","potentialAction":[{"@type":"ReadAction","target":["https:\/\/prensapaisa.com\/index.php\/2024\/09\/11\/mujer-fue-asesinada-en-el-norte-de-antioquia\/"]}]},{"@type":"ImageObject","inLanguage":"es-CO","@id":"https:\/\/prensapaisa.com\/index.php\/2024\/09\/11\/mujer-fue-asesinada-en-el-norte-de-antioquia\/#primaryimage","url":"https:\/\/prensapaisa.com\/wp-content\/uploads\/2024\/09\/459138977_550941804167478_7643726721658637842_n.jpg","contentUrl":"https:\/\/prensapaisa.com\/wp-content\/uploads\/2024\/09\/459138977_550941804167478_7643726721658637842_n.jpg","width":608,"height":816},{"@type":"BreadcrumbList","@id":"https:\/\/prensapaisa.com\/index.php\/2024\/09\/11\/mujer-fue-asesinada-en-el-norte-de-antioquia\/#breadcrumb","itemListElement":[{"@type":"ListItem","position":1,"name":"Inicio","item":"https:\/\/prensapaisa.com\/"},{"@type":"ListItem","position":2,"name":"Mujer fue asesinada en el Norte de Antioquia"}]},{"@type":"WebSite","@id":"https:\/\/prensapaisa.com\/#website","url":"https:\/\/prensapaisa.com\/","name":"PRENSA PAISA","description":"Prensa Paisa la Original | Noticias de Medell\u00edn, Antioquia","publisher":{"@id":"https:\/\/prensapaisa.com\/#organization"},"potentialAction":[{"@type":"SearchAction","target":{"@type":"EntryPoint","urlTemplate":"https:\/\/prensapaisa.com\/?s={search_term_string}"},"query-input":{"@type":"PropertyValueSpecification","valueRequired":true,"valueName":"search_term_string"}}],"inLanguage":"es-CO"},{"@type":"Organization","@id":"https:\/\/prensapaisa.com\/#organization","name":"PRENSA PAISA","url":"https:\/\/prensapaisa.com\/","logo":{"@type":"ImageObject","inLanguage":"es-CO","@id":"https:\/\/prensapaisa.com\/#\/schema\/logo\/image\/","url":"https:\/\/prensapaisa.com\/wp-content\/uploads\/2022\/05\/cropped-cropped-prensa.png","contentUrl":"https:\/\/prensapaisa.com\/wp-content\/uploads\/2022\/05\/cropped-cropped-prensa.png","width":784,"height":524,"caption":"PRENSA PAISA"},"image":{"@id":"https:\/\/prensapaisa.com\/#\/schema\/logo\/image\/"}},{"@type":"Person","@id":"https:\/\/prensapaisa.com\/#\/schema\/person\/c5899b8b285dbcd70faec88a7c1579f6","name":"noticias@prensapaisa.com","image":{"@type":"ImageObject","inLanguage":"es-CO","@id":"https:\/\/secure.gravatar.com\/avatar\/ca2b49c1df14b84557c567431f045ea69c8ea5da2da50309fd4de9b811da0433?s=96&d=mm&r=g","url":"https:\/\/secure.gravatar.com\/avatar\/ca2b49c1df14b84557c567431f045ea69c8ea5da2da50309fd4de9b811da0433?s=96&d=mm&r=g","contentUrl":"https:\/\/secure.gravatar.com\/avatar\/ca2b49c1df14b84557c567431f045ea69c8ea5da2da50309fd4de9b811da0433?s=96&d=mm&r=g","caption":"noticias@prensapaisa.com"},"sameAs":["http:\/\/prensapaisa.com"],"url":"https:\/\/prensapaisa.com\/index.php\/author\/prensapaisagmail-com\/"}]}},"_links":{"self":[{"href":"https:\/\/prensapaisa.com\/index.php\/wp-json\/wp\/v2\/posts\/13376","targetHints":{"allow":["GET"]}}],"collection":[{"href":"https:\/\/prensapaisa.com\/index.php\/wp-json\/wp\/v2\/posts"}],"about":[{"href":"https:\/\/prensapaisa.com\/index.php\/wp-json\/wp\/v2\/types\/post"}],"author":[{"embeddable":true,"href":"https:\/\/prensapaisa.com\/index.php\/wp-json\/wp\/v2\/users\/1"}],"replies":[{"embeddable":true,"href":"https:\/\/prensapaisa.com\/index.php\/wp-json\/wp\/v2\/comments?post=13376"}],"version-history":[{"count":1,"href":"https:\/\/prensapaisa.com\/index.php\/wp-json\/wp\/v2\/posts\/13376\/revisions"}],"predecessor-version":[{"id":13381,"href":"https:\/\/prensapaisa.com\/index.php\/wp-json\/wp\/v2\/posts\/13376\/revisions\/13381"}],"wp:featuredmedia":[{"embeddable":true,"href":"https:\/\/prensapaisa.com\/index.php\/wp-json\/wp\/v2\/media\/13377"}],"wp:attachment":[{"href":"https:\/\/prensapaisa.com\/index.php\/wp-json\/wp\/v2\/media?parent=13376"}],"wp:term":[{"taxonomy":"category","embeddable":true,"href":"https:\/\/prensapaisa.com\/index.php\/wp-json\/wp\/v2\/categories?post=13376"},{"taxonomy":"post_tag","embeddable":true,"href":"https:\/\/prensapaisa.com\/index.php\/wp-json\/wp\/v2\/tags?post=13376"}],"curies":[{"name":"wp","href":"https:\/\/api.w.org\/{rel}","templated":true}]}}