{"id":13370,"date":"2024-09-11T22:04:17","date_gmt":"2024-09-12T03:04:17","guid":{"rendered":"https:\/\/prensapaisa.com\/?p=13370"},"modified":"2024-09-11T22:04:17","modified_gmt":"2024-09-12T03:04:17","slug":"mujer-fue-hallada-sin-vida-en-el-suroeste-antioqueno","status":"publish","type":"post","link":"https:\/\/prensapaisa.com\/index.php\/2024\/09\/11\/mujer-fue-hallada-sin-vida-en-el-suroeste-antioqueno\/","title":{"rendered":"Mujer fue hallada sin vida en el Suroeste antioque\u00f1o"},"content":{"rendered":"\n<p><a href=\"https:\/\/prensapaisa.com\/?fbclid=IwZXh0bgNhZW0CMTAAAR3IZfO7mLGLwHSrD1BqiZKit52QDa2R4OoWiuyf-sScAfmwe2IedxSRLcs_aem_ZTzQb4yBKztdZ8LQNnw19A\" rel=\"noreferrer noopener\" target=\"_blank\">Prensapaisa.com<\/a><\/p>\n\n\n\n<p>Familiares y amigos le hacen luto a M\u00f3nica Parra, quien estaba desaparecida desde el 8 de septiembre, en la vereda El Pajonal del municipio de Angel\u00f3polis.<\/p>\n\n\n\n<p>Sus <a><\/a>parientes aseguraron que la mujer encontrada cerca a una mina de carb\u00f3n, con signos de violencia, fue asesinada por su expareja.<\/p>\n\n\n\n<p>Las autoridades investigan paso a paso los hechos y tratan de verificar las causas del crimen.<\/p>\n\n\n\n<figure class=\"wp-block-image size-large\"><img fetchpriority=\"high\" decoding=\"async\" width=\"577\" height=\"1024\" src=\"https:\/\/prensapaisa.com\/wp-content\/uploads\/2024\/09\/459110077_550951184166540_1195721454604823578_n-577x1024.jpg\" alt=\"\" class=\"wp-image-13371\" srcset=\"https:\/\/prensapaisa.com\/wp-content\/uploads\/2024\/09\/459110077_550951184166540_1195721454604823578_n-577x1024.jpg 577w, https:\/\/prensapaisa.com\/wp-content\/uploads\/2024\/09\/459110077_550951184166540_1195721454604823578_n-169x300.jpg 169w, https:\/\/prensapaisa.com\/wp-content\/uploads\/2024\/09\/459110077_550951184166540_1195721454604823578_n-768x1364.jpg 768w, https:\/\/prensapaisa.com\/wp-content\/uploads\/2024\/09\/459110077_550951184166540_1195721454604823578_n-865x1536.jpg 865w, https:\/\/prensapaisa.com\/wp-content\/uploads\/2024\/09\/459110077_550951184166540_1195721454604823578_n-585x1039.jpg 585w, https:\/\/prensapaisa.com\/wp-content\/uploads\/2024\/09\/459110077_550951184166540_1195721454604823578_n.jpg 1153w\" sizes=\"(max-width: 577px) 100vw, 577px\" \/><\/figure>\n\n\n\n<figure class=\"wp-block-image size-large\"><img decoding=\"async\" width=\"1024\" height=\"848\" src=\"https:\/\/prensapaisa.com\/wp-content\/uploads\/2024\/09\/459086602_550950810833244_4471012005044031091_n-1024x848.jpg\" alt=\"\" class=\"wp-image-13372\" srcset=\"https:\/\/prensapaisa.com\/wp-content\/uploads\/2024\/09\/459086602_550950810833244_4471012005044031091_n-1024x848.jpg 1024w, https:\/\/prensapaisa.com\/wp-content\/uploads\/2024\/09\/459086602_550950810833244_4471012005044031091_n-300x248.jpg 300w, https:\/\/prensapaisa.com\/wp-content\/uploads\/2024\/09\/459086602_550950810833244_4471012005044031091_n-768x636.jpg 768w, https:\/\/prensapaisa.com\/wp-content\/uploads\/2024\/09\/459086602_550950810833244_4471012005044031091_n-1170x969.jpg 1170w, https:\/\/prensapaisa.com\/wp-content\/uploads\/2024\/09\/459086602_550950810833244_4471012005044031091_n-585x484.jpg 585w, https:\/\/prensapaisa.com\/wp-content\/uploads\/2024\/09\/459086602_550950810833244_4471012005044031091_n.jpg 1290w\" sizes=\"(max-width: 1024px) 100vw, 1024px\" \/><\/figure>\n\n\n\n<figure class=\"wp-block-image size-large\"><img decoding=\"async\" width=\"577\" height=\"1024\" src=\"https:\/\/prensapaisa.com\/wp-content\/uploads\/2024\/09\/459185927_550951454166513_8803722198567951124_n-577x1024.jpg\" alt=\"\" class=\"wp-image-13373\" srcset=\"https:\/\/prensapaisa.com\/wp-content\/uploads\/2024\/09\/459185927_550951454166513_8803722198567951124_n-577x1024.jpg 577w, https:\/\/prensapaisa.com\/wp-content\/uploads\/2024\/09\/459185927_550951454166513_8803722198567951124_n-169x300.jpg 169w, https:\/\/prensapaisa.com\/wp-content\/uploads\/2024\/09\/459185927_550951454166513_8803722198567951124_n-768x1364.jpg 768w, https:\/\/prensapaisa.com\/wp-content\/uploads\/2024\/09\/459185927_550951454166513_8803722198567951124_n-865x1536.jpg 865w, https:\/\/prensapaisa.com\/wp-content\/uploads\/2024\/09\/459185927_550951454166513_8803722198567951124_n-585x1039.jpg 585w, https:\/\/prensapaisa.com\/wp-content\/uploads\/2024\/09\/459185927_550951454166513_8803722198567951124_n.jpg 1153w\" sizes=\"(max-width: 577px) 100vw, 577px\" \/><\/figure>\n\n\n\n<figure class=\"wp-block-image size-large\"><img loading=\"lazy\" decoding=\"async\" width=\"577\" height=\"1024\" src=\"https:\/\/prensapaisa.com\/wp-content\/uploads\/2024\/09\/459197183_550951487499843_4029194108090534437_n-577x1024.jpg\" alt=\"\" class=\"wp-image-13374\" srcset=\"https:\/\/prensapaisa.com\/wp-content\/uploads\/2024\/09\/459197183_550951487499843_4029194108090534437_n-577x1024.jpg 577w, https:\/\/prensapaisa.com\/wp-content\/uploads\/2024\/09\/459197183_550951487499843_4029194108090534437_n-169x300.jpg 169w, https:\/\/prensapaisa.com\/wp-content\/uploads\/2024\/09\/459197183_550951487499843_4029194108090534437_n-768x1364.jpg 768w, https:\/\/prensapaisa.com\/wp-content\/uploads\/2024\/09\/459197183_550951487499843_4029194108090534437_n-865x1536.jpg 865w, https:\/\/prensapaisa.com\/wp-content\/uploads\/2024\/09\/459197183_550951487499843_4029194108090534437_n-585x1039.jpg 585w, https:\/\/prensapaisa.com\/wp-content\/uploads\/2024\/09\/459197183_550951487499843_4029194108090534437_n.jpg 1153w\" sizes=\"(max-width: 577px) 100vw, 577px\" \/><\/figure>\n","protected":false},"excerpt":{"rendered":"<p>Prensapaisa.com Familiares y amigos le hacen luto a M\u00f3nica Parra, quien estaba desaparecida desde el 8 de septiembre, en la vereda El Pajonal del municipio de Angel\u00f3polis. Sus parientes aseguraron&hellip;<\/p>\n","protected":false},"author":1,"featured_media":13371,"comment_status":"open","ping_status":"open","sticky":false,"template":"","format":"standard","meta":{"footnotes":""},"categories":[1],"tags":[],"class_list":["post-13370","post","type-post","status-publish","format-standard","has-post-thumbnail","hentry","category-noticias"],"yoast_head":"<!-- This site is optimized with the Yoast SEO plugin v27.4 - https:\/\/yoast.com\/product\/yoast-seo-wordpress\/ -->\n<title>Mujer fue hallada sin vida en el Suroeste antioque\u00f1o - PRENSA PAISA<\/title>\n<meta name=\"robots\" content=\"index, follow, max-snippet:-1, max-image-preview:large, max-video-preview:-1\" \/>\n<link rel=\"canonical\" href=\"https:\/\/prensapaisa.com\/index.php\/2024\/09\/11\/mujer-fue-hallada-sin-vida-en-el-suroeste-antioqueno\/\" \/>\n<meta property=\"og:locale\" content=\"es_ES\" \/>\n<meta property=\"og:type\" content=\"article\" \/>\n<meta property=\"og:title\" content=\"Mujer fue hallada sin vida en el Suroeste antioque\u00f1o - PRENSA PAISA\" \/>\n<meta property=\"og:description\" content=\"Prensapaisa.com Familiares y amigos le hacen luto a M\u00f3nica Parra, quien estaba desaparecida desde el 8 de septiembre, en la vereda El Pajonal del municipio de Angel\u00f3polis. Sus parientes aseguraron&hellip;\" \/>\n<meta property=\"og:url\" content=\"https:\/\/prensapaisa.com\/index.php\/2024\/09\/11\/mujer-fue-hallada-sin-vida-en-el-suroeste-antioqueno\/\" \/>\n<meta property=\"og:site_name\" content=\"PRENSA PAISA\" \/>\n<meta property=\"article:published_time\" content=\"2024-09-12T03:04:17+00:00\" \/>\n<meta property=\"og:image\" content=\"https:\/\/prensapaisa.com\/wp-content\/uploads\/2024\/09\/459110077_550951184166540_1195721454604823578_n.jpg\" \/>\n\t<meta property=\"og:image:width\" content=\"1153\" \/>\n\t<meta property=\"og:image:height\" content=\"2048\" \/>\n\t<meta property=\"og:image:type\" content=\"image\/jpeg\" \/>\n<meta name=\"author\" content=\"noticias@prensapaisa.com\" \/>\n<meta name=\"twitter:card\" content=\"summary_large_image\" \/>\n<meta name=\"twitter:label1\" content=\"Escrito por\" \/>\n\t<meta name=\"twitter:data1\" content=\"noticias@prensapaisa.com\" \/>\n\t<meta name=\"twitter:label2\" content=\"Tiempo de lectura\" \/>\n\t<meta name=\"twitter:data2\" content=\"2 minutos\" \/>\n<script type=\"application\/ld+json\" class=\"yoast-schema-graph\">{\"@context\":\"https:\\\/\\\/schema.org\",\"@graph\":[{\"@type\":\"Article\",\"@id\":\"https:\\\/\\\/prensapaisa.com\\\/index.php\\\/2024\\\/09\\\/11\\\/mujer-fue-hallada-sin-vida-en-el-suroeste-antioqueno\\\/#article\",\"isPartOf\":{\"@id\":\"https:\\\/\\\/prensapaisa.com\\\/index.php\\\/2024\\\/09\\\/11\\\/mujer-fue-hallada-sin-vida-en-el-suroeste-antioqueno\\\/\"},\"author\":{\"name\":\"noticias@prensapaisa.com\",\"@id\":\"https:\\\/\\\/prensapaisa.com\\\/#\\\/schema\\\/person\\\/c5899b8b285dbcd70faec88a7c1579f6\"},\"headline\":\"Mujer fue hallada sin vida en el Suroeste antioque\u00f1o\",\"datePublished\":\"2024-09-12T03:04:17+00:00\",\"mainEntityOfPage\":{\"@id\":\"https:\\\/\\\/prensapaisa.com\\\/index.php\\\/2024\\\/09\\\/11\\\/mujer-fue-hallada-sin-vida-en-el-suroeste-antioqueno\\\/\"},\"wordCount\":78,\"commentCount\":0,\"publisher\":{\"@id\":\"https:\\\/\\\/prensapaisa.com\\\/#organization\"},\"image\":{\"@id\":\"https:\\\/\\\/prensapaisa.com\\\/index.php\\\/2024\\\/09\\\/11\\\/mujer-fue-hallada-sin-vida-en-el-suroeste-antioqueno\\\/#primaryimage\"},\"thumbnailUrl\":\"https:\\\/\\\/prensapaisa.com\\\/wp-content\\\/uploads\\\/2024\\\/09\\\/459110077_550951184166540_1195721454604823578_n.jpg\",\"articleSection\":[\"Noticias\"],\"inLanguage\":\"es-CO\",\"potentialAction\":[{\"@type\":\"CommentAction\",\"name\":\"Comment\",\"target\":[\"https:\\\/\\\/prensapaisa.com\\\/index.php\\\/2024\\\/09\\\/11\\\/mujer-fue-hallada-sin-vida-en-el-suroeste-antioqueno\\\/#respond\"]}]},{\"@type\":\"WebPage\",\"@id\":\"https:\\\/\\\/prensapaisa.com\\\/index.php\\\/2024\\\/09\\\/11\\\/mujer-fue-hallada-sin-vida-en-el-suroeste-antioqueno\\\/\",\"url\":\"https:\\\/\\\/prensapaisa.com\\\/index.php\\\/2024\\\/09\\\/11\\\/mujer-fue-hallada-sin-vida-en-el-suroeste-antioqueno\\\/\",\"name\":\"Mujer fue hallada sin vida en el Suroeste antioque\u00f1o - PRENSA PAISA\",\"isPartOf\":{\"@id\":\"https:\\\/\\\/prensapaisa.com\\\/#website\"},\"primaryImageOfPage\":{\"@id\":\"https:\\\/\\\/prensapaisa.com\\\/index.php\\\/2024\\\/09\\\/11\\\/mujer-fue-hallada-sin-vida-en-el-suroeste-antioqueno\\\/#primaryimage\"},\"image\":{\"@id\":\"https:\\\/\\\/prensapaisa.com\\\/index.php\\\/2024\\\/09\\\/11\\\/mujer-fue-hallada-sin-vida-en-el-suroeste-antioqueno\\\/#primaryimage\"},\"thumbnailUrl\":\"https:\\\/\\\/prensapaisa.com\\\/wp-content\\\/uploads\\\/2024\\\/09\\\/459110077_550951184166540_1195721454604823578_n.jpg\",\"datePublished\":\"2024-09-12T03:04:17+00:00\",\"breadcrumb\":{\"@id\":\"https:\\\/\\\/prensapaisa.com\\\/index.php\\\/2024\\\/09\\\/11\\\/mujer-fue-hallada-sin-vida-en-el-suroeste-antioqueno\\\/#breadcrumb\"},\"inLanguage\":\"es-CO\",\"potentialAction\":[{\"@type\":\"ReadAction\",\"target\":[\"https:\\\/\\\/prensapaisa.com\\\/index.php\\\/2024\\\/09\\\/11\\\/mujer-fue-hallada-sin-vida-en-el-suroeste-antioqueno\\\/\"]}]},{\"@type\":\"ImageObject\",\"inLanguage\":\"es-CO\",\"@id\":\"https:\\\/\\\/prensapaisa.com\\\/index.php\\\/2024\\\/09\\\/11\\\/mujer-fue-hallada-sin-vida-en-el-suroeste-antioqueno\\\/#primaryimage\",\"url\":\"https:\\\/\\\/prensapaisa.com\\\/wp-content\\\/uploads\\\/2024\\\/09\\\/459110077_550951184166540_1195721454604823578_n.jpg\",\"contentUrl\":\"https:\\\/\\\/prensapaisa.com\\\/wp-content\\\/uploads\\\/2024\\\/09\\\/459110077_550951184166540_1195721454604823578_n.jpg\",\"width\":1153,\"height\":2048},{\"@type\":\"BreadcrumbList\",\"@id\":\"https:\\\/\\\/prensapaisa.com\\\/index.php\\\/2024\\\/09\\\/11\\\/mujer-fue-hallada-sin-vida-en-el-suroeste-antioqueno\\\/#breadcrumb\",\"itemListElement\":[{\"@type\":\"ListItem\",\"position\":1,\"name\":\"Inicio\",\"item\":\"https:\\\/\\\/prensapaisa.com\\\/\"},{\"@type\":\"ListItem\",\"position\":2,\"name\":\"Mujer fue hallada sin vida en el Suroeste antioque\u00f1o\"}]},{\"@type\":\"WebSite\",\"@id\":\"https:\\\/\\\/prensapaisa.com\\\/#website\",\"url\":\"https:\\\/\\\/prensapaisa.com\\\/\",\"name\":\"PRENSA PAISA\",\"description\":\"Prensa Paisa la Original | Noticias de Medell\u00edn, Antioquia\",\"publisher\":{\"@id\":\"https:\\\/\\\/prensapaisa.com\\\/#organization\"},\"potentialAction\":[{\"@type\":\"SearchAction\",\"target\":{\"@type\":\"EntryPoint\",\"urlTemplate\":\"https:\\\/\\\/prensapaisa.com\\\/?s={search_term_string}\"},\"query-input\":{\"@type\":\"PropertyValueSpecification\",\"valueRequired\":true,\"valueName\":\"search_term_string\"}}],\"inLanguage\":\"es-CO\"},{\"@type\":\"Organization\",\"@id\":\"https:\\\/\\\/prensapaisa.com\\\/#organization\",\"name\":\"PRENSA PAISA\",\"url\":\"https:\\\/\\\/prensapaisa.com\\\/\",\"logo\":{\"@type\":\"ImageObject\",\"inLanguage\":\"es-CO\",\"@id\":\"https:\\\/\\\/prensapaisa.com\\\/#\\\/schema\\\/logo\\\/image\\\/\",\"url\":\"https:\\\/\\\/prensapaisa.com\\\/wp-content\\\/uploads\\\/2022\\\/05\\\/cropped-cropped-prensa.png\",\"contentUrl\":\"https:\\\/\\\/prensapaisa.com\\\/wp-content\\\/uploads\\\/2022\\\/05\\\/cropped-cropped-prensa.png\",\"width\":784,\"height\":524,\"caption\":\"PRENSA PAISA\"},\"image\":{\"@id\":\"https:\\\/\\\/prensapaisa.com\\\/#\\\/schema\\\/logo\\\/image\\\/\"}},{\"@type\":\"Person\",\"@id\":\"https:\\\/\\\/prensapaisa.com\\\/#\\\/schema\\\/person\\\/c5899b8b285dbcd70faec88a7c1579f6\",\"name\":\"noticias@prensapaisa.com\",\"image\":{\"@type\":\"ImageObject\",\"inLanguage\":\"es-CO\",\"@id\":\"https:\\\/\\\/secure.gravatar.com\\\/avatar\\\/ca2b49c1df14b84557c567431f045ea69c8ea5da2da50309fd4de9b811da0433?s=96&d=mm&r=g\",\"url\":\"https:\\\/\\\/secure.gravatar.com\\\/avatar\\\/ca2b49c1df14b84557c567431f045ea69c8ea5da2da50309fd4de9b811da0433?s=96&d=mm&r=g\",\"contentUrl\":\"https:\\\/\\\/secure.gravatar.com\\\/avatar\\\/ca2b49c1df14b84557c567431f045ea69c8ea5da2da50309fd4de9b811da0433?s=96&d=mm&r=g\",\"caption\":\"noticias@prensapaisa.com\"},\"sameAs\":[\"http:\\\/\\\/prensapaisa.com\"],\"url\":\"https:\\\/\\\/prensapaisa.com\\\/index.php\\\/author\\\/prensapaisagmail-com\\\/\"}]}<\/script>\n<!-- \/ Yoast SEO plugin. -->","yoast_head_json":{"title":"Mujer fue hallada sin vida en el Suroeste antioque\u00f1o - PRENSA PAISA","robots":{"index":"index","follow":"follow","max-snippet":"max-snippet:-1","max-image-preview":"max-image-preview:large","max-video-preview":"max-video-preview:-1"},"canonical":"https:\/\/prensapaisa.com\/index.php\/2024\/09\/11\/mujer-fue-hallada-sin-vida-en-el-suroeste-antioqueno\/","og_locale":"es_ES","og_type":"article","og_title":"Mujer fue hallada sin vida en el Suroeste antioque\u00f1o - PRENSA PAISA","og_description":"Prensapaisa.com Familiares y amigos le hacen luto a M\u00f3nica Parra, quien estaba desaparecida desde el 8 de septiembre, en la vereda El Pajonal del municipio de Angel\u00f3polis. Sus parientes aseguraron&hellip;","og_url":"https:\/\/prensapaisa.com\/index.php\/2024\/09\/11\/mujer-fue-hallada-sin-vida-en-el-suroeste-antioqueno\/","og_site_name":"PRENSA PAISA","article_published_time":"2024-09-12T03:04:17+00:00","og_image":[{"width":1153,"height":2048,"url":"https:\/\/prensapaisa.com\/wp-content\/uploads\/2024\/09\/459110077_550951184166540_1195721454604823578_n.jpg","type":"image\/jpeg"}],"author":"noticias@prensapaisa.com","twitter_card":"summary_large_image","twitter_misc":{"Escrito por":"noticias@prensapaisa.com","Tiempo de lectura":"2 minutos"},"schema":{"@context":"https:\/\/schema.org","@graph":[{"@type":"Article","@id":"https:\/\/prensapaisa.com\/index.php\/2024\/09\/11\/mujer-fue-hallada-sin-vida-en-el-suroeste-antioqueno\/#article","isPartOf":{"@id":"https:\/\/prensapaisa.com\/index.php\/2024\/09\/11\/mujer-fue-hallada-sin-vida-en-el-suroeste-antioqueno\/"},"author":{"name":"noticias@prensapaisa.com","@id":"https:\/\/prensapaisa.com\/#\/schema\/person\/c5899b8b285dbcd70faec88a7c1579f6"},"headline":"Mujer fue hallada sin vida en el Suroeste antioque\u00f1o","datePublished":"2024-09-12T03:04:17+00:00","mainEntityOfPage":{"@id":"https:\/\/prensapaisa.com\/index.php\/2024\/09\/11\/mujer-fue-hallada-sin-vida-en-el-suroeste-antioqueno\/"},"wordCount":78,"commentCount":0,"publisher":{"@id":"https:\/\/prensapaisa.com\/#organization"},"image":{"@id":"https:\/\/prensapaisa.com\/index.php\/2024\/09\/11\/mujer-fue-hallada-sin-vida-en-el-suroeste-antioqueno\/#primaryimage"},"thumbnailUrl":"https:\/\/prensapaisa.com\/wp-content\/uploads\/2024\/09\/459110077_550951184166540_1195721454604823578_n.jpg","articleSection":["Noticias"],"inLanguage":"es-CO","potentialAction":[{"@type":"CommentAction","name":"Comment","target":["https:\/\/prensapaisa.com\/index.php\/2024\/09\/11\/mujer-fue-hallada-sin-vida-en-el-suroeste-antioqueno\/#respond"]}]},{"@type":"WebPage","@id":"https:\/\/prensapaisa.com\/index.php\/2024\/09\/11\/mujer-fue-hallada-sin-vida-en-el-suroeste-antioqueno\/","url":"https:\/\/prensapaisa.com\/index.php\/2024\/09\/11\/mujer-fue-hallada-sin-vida-en-el-suroeste-antioqueno\/","name":"Mujer fue hallada sin vida en el Suroeste antioque\u00f1o - PRENSA PAISA","isPartOf":{"@id":"https:\/\/prensapaisa.com\/#website"},"primaryImageOfPage":{"@id":"https:\/\/prensapaisa.com\/index.php\/2024\/09\/11\/mujer-fue-hallada-sin-vida-en-el-suroeste-antioqueno\/#primaryimage"},"image":{"@id":"https:\/\/prensapaisa.com\/index.php\/2024\/09\/11\/mujer-fue-hallada-sin-vida-en-el-suroeste-antioqueno\/#primaryimage"},"thumbnailUrl":"https:\/\/prensapaisa.com\/wp-content\/uploads\/2024\/09\/459110077_550951184166540_1195721454604823578_n.jpg","datePublished":"2024-09-12T03:04:17+00:00","breadcrumb":{"@id":"https:\/\/prensapaisa.com\/index.php\/2024\/09\/11\/mujer-fue-hallada-sin-vida-en-el-suroeste-antioqueno\/#breadcrumb"},"inLanguage":"es-CO","potentialAction":[{"@type":"ReadAction","target":["https:\/\/prensapaisa.com\/index.php\/2024\/09\/11\/mujer-fue-hallada-sin-vida-en-el-suroeste-antioqueno\/"]}]},{"@type":"ImageObject","inLanguage":"es-CO","@id":"https:\/\/prensapaisa.com\/index.php\/2024\/09\/11\/mujer-fue-hallada-sin-vida-en-el-suroeste-antioqueno\/#primaryimage","url":"https:\/\/prensapaisa.com\/wp-content\/uploads\/2024\/09\/459110077_550951184166540_1195721454604823578_n.jpg","contentUrl":"https:\/\/prensapaisa.com\/wp-content\/uploads\/2024\/09\/459110077_550951184166540_1195721454604823578_n.jpg","width":1153,"height":2048},{"@type":"BreadcrumbList","@id":"https:\/\/prensapaisa.com\/index.php\/2024\/09\/11\/mujer-fue-hallada-sin-vida-en-el-suroeste-antioqueno\/#breadcrumb","itemListElement":[{"@type":"ListItem","position":1,"name":"Inicio","item":"https:\/\/prensapaisa.com\/"},{"@type":"ListItem","position":2,"name":"Mujer fue hallada sin vida en el Suroeste antioque\u00f1o"}]},{"@type":"WebSite","@id":"https:\/\/prensapaisa.com\/#website","url":"https:\/\/prensapaisa.com\/","name":"PRENSA PAISA","description":"Prensa Paisa la Original | Noticias de Medell\u00edn, Antioquia","publisher":{"@id":"https:\/\/prensapaisa.com\/#organization"},"potentialAction":[{"@type":"SearchAction","target":{"@type":"EntryPoint","urlTemplate":"https:\/\/prensapaisa.com\/?s={search_term_string}"},"query-input":{"@type":"PropertyValueSpecification","valueRequired":true,"valueName":"search_term_string"}}],"inLanguage":"es-CO"},{"@type":"Organization","@id":"https:\/\/prensapaisa.com\/#organization","name":"PRENSA PAISA","url":"https:\/\/prensapaisa.com\/","logo":{"@type":"ImageObject","inLanguage":"es-CO","@id":"https:\/\/prensapaisa.com\/#\/schema\/logo\/image\/","url":"https:\/\/prensapaisa.com\/wp-content\/uploads\/2022\/05\/cropped-cropped-prensa.png","contentUrl":"https:\/\/prensapaisa.com\/wp-content\/uploads\/2022\/05\/cropped-cropped-prensa.png","width":784,"height":524,"caption":"PRENSA PAISA"},"image":{"@id":"https:\/\/prensapaisa.com\/#\/schema\/logo\/image\/"}},{"@type":"Person","@id":"https:\/\/prensapaisa.com\/#\/schema\/person\/c5899b8b285dbcd70faec88a7c1579f6","name":"noticias@prensapaisa.com","image":{"@type":"ImageObject","inLanguage":"es-CO","@id":"https:\/\/secure.gravatar.com\/avatar\/ca2b49c1df14b84557c567431f045ea69c8ea5da2da50309fd4de9b811da0433?s=96&d=mm&r=g","url":"https:\/\/secure.gravatar.com\/avatar\/ca2b49c1df14b84557c567431f045ea69c8ea5da2da50309fd4de9b811da0433?s=96&d=mm&r=g","contentUrl":"https:\/\/secure.gravatar.com\/avatar\/ca2b49c1df14b84557c567431f045ea69c8ea5da2da50309fd4de9b811da0433?s=96&d=mm&r=g","caption":"noticias@prensapaisa.com"},"sameAs":["http:\/\/prensapaisa.com"],"url":"https:\/\/prensapaisa.com\/index.php\/author\/prensapaisagmail-com\/"}]}},"_links":{"self":[{"href":"https:\/\/prensapaisa.com\/index.php\/wp-json\/wp\/v2\/posts\/13370","targetHints":{"allow":["GET"]}}],"collection":[{"href":"https:\/\/prensapaisa.com\/index.php\/wp-json\/wp\/v2\/posts"}],"about":[{"href":"https:\/\/prensapaisa.com\/index.php\/wp-json\/wp\/v2\/types\/post"}],"author":[{"embeddable":true,"href":"https:\/\/prensapaisa.com\/index.php\/wp-json\/wp\/v2\/users\/1"}],"replies":[{"embeddable":true,"href":"https:\/\/prensapaisa.com\/index.php\/wp-json\/wp\/v2\/comments?post=13370"}],"version-history":[{"count":1,"href":"https:\/\/prensapaisa.com\/index.php\/wp-json\/wp\/v2\/posts\/13370\/revisions"}],"predecessor-version":[{"id":13375,"href":"https:\/\/prensapaisa.com\/index.php\/wp-json\/wp\/v2\/posts\/13370\/revisions\/13375"}],"wp:featuredmedia":[{"embeddable":true,"href":"https:\/\/prensapaisa.com\/index.php\/wp-json\/wp\/v2\/media\/13371"}],"wp:attachment":[{"href":"https:\/\/prensapaisa.com\/index.php\/wp-json\/wp\/v2\/media?parent=13370"}],"wp:term":[{"taxonomy":"category","embeddable":true,"href":"https:\/\/prensapaisa.com\/index.php\/wp-json\/wp\/v2\/categories?post=13370"},{"taxonomy":"post_tag","embeddable":true,"href":"https:\/\/prensapaisa.com\/index.php\/wp-json\/wp\/v2\/tags?post=13370"}],"curies":[{"name":"wp","href":"https:\/\/api.w.org\/{rel}","templated":true}]}}