{"id":13367,"date":"2024-09-11T22:00:14","date_gmt":"2024-09-12T03:00:14","guid":{"rendered":"https:\/\/prensapaisa.com\/?p=13367"},"modified":"2024-09-11T22:00:15","modified_gmt":"2024-09-12T03:00:15","slug":"productor-musical-fue-enviado-a-prision-porque-tenia-varios-videos-con-menores-de-edad-lo-rastrearon-cuando-se-conecto-en-una-red-publica-de-un-centro-comercial","status":"publish","type":"post","link":"https:\/\/prensapaisa.com\/index.php\/2024\/09\/11\/productor-musical-fue-enviado-a-prision-porque-tenia-varios-videos-con-menores-de-edad-lo-rastrearon-cuando-se-conecto-en-una-red-publica-de-un-centro-comercial\/","title":{"rendered":"Productor musical fue enviado a prisi\u00f3n porque ten\u00eda varios videos con menores de edad; Lo rastrearon cuando se conect\u00f3 en una red p\u00fablica de un centro comercial\u2026"},"content":{"rendered":"\n<p><a href=\"https:\/\/prensapaisa.com\/?fbclid=IwZXh0bgNhZW0CMTAAAR1JHtSxC2d5pSkhkvxlfgQGwLSkPKtqunqZ4fa_3Af-ZT6eVHc8C6H4III_aem_PSCxEDNkjk7oYYCCdCKieg\" rel=\"noreferrer noopener\" target=\"_blank\">Prensapaisa.com<\/a><\/p>\n\n\n\n<p>&#8220;Un juez de control de garant\u00edas impuso medida de aseguramiento en centro carcelario al acordeonero y productor musical, Carlos Hernobi Ruiz Urrea, quien ser\u00eda el responsable de grabar y almacenar videos de contenido sexual expl\u00edcito con menores de edad. \u2063<\/p>\n\n\n\n<p>\u2063La labor investigativa evidenci\u00f3 que la actividad il\u00edcita la habr\u00eda ejercido durante los \u00faltimos 12 a\u00f1os, en Medell\u00edn (Antioquia), Cali, Yumbo y Vijes (Valle del Cauca). \u2063<\/p>\n\n\n\n<p>Los elementos de prueba indican que, en mayo del a\u00f1o en curso, este hombre presuntamente realiz\u00f3 86 videos y fotograf\u00edas de contendido sexual con ni\u00f1os, ni\u00f1as y adolescentes. \u2063<\/p>\n\n\n\n<p>El Centro Nacional para Ni\u00f1os Desaparecidos y Explotados de Estados Unidos (NCMEC), detect\u00f3 el dispositivo en el que estaban agrupados los registros audiovisuales y emiti\u00f3 varias alertas. Las notificaciones fueron atendidas en Colombia, verificadas y documentadas para lograr la individualizaci\u00f3n de la persona que grababa y recopilaba las im\u00e1genes. \u2063<\/p>\n\n\n\n<p>\u2063Del modus operandi del productor musical entreg\u00f3 detalles el alcalde de Medell\u00edn, Federico Guti\u00e9rrez. \u2063<\/p>\n\n\n\n<p>En ese sentido, Ruiz Urrea fue imputado por el delito de pornograf\u00eda con personas menores de 18 a\u00f1os. El cargo no fue aceptado. \u2063<\/p>\n\n\n\n<p>\u2063<\/p>\n\n\n\n<p>Es importante destacar que, producto del trabajo articulado realizado por las autoridades, Carlos Hernobi Ruiz Urrea fue capturado en el municipio de Rionegro, Antioquia&#8221;.<\/p>\n\n\n\n<p><a href=\"https:\/\/www.facebook.com\/hashtag\/fotinfo?__eep__=6&amp;__cft__[0]=AZWI0SBefqX38eZT2k1pGpiKqW3XHmk9FqDJfQEe3mTrAWvSLHxVBNiFTWTpUoqny1XVeNv11Wnqo2FxQJs25xrnBZgKFyik3KCxzHI1ZbBrQK40giscEmOWiVJ353CIOcGvRhEoPsuUkp515WFHluhgI-bww6Rqn-cu7qHjEgiLvqC8HnChnN4LG_IqtUaYW_yV99t0K0DphMEJOzcYwN6d&amp;__tn__=*NK-R\">#Fotinfo<\/a>: Diego Escobar<\/p>\n\n\n\n<figure class=\"wp-block-image size-large\"><img fetchpriority=\"high\" decoding=\"async\" width=\"744\" height=\"1024\" src=\"https:\/\/prensapaisa.com\/wp-content\/uploads\/2024\/09\/459413778_551317854129873_918781442904456332_n-744x1024.jpg\" alt=\"\" class=\"wp-image-13368\" srcset=\"https:\/\/prensapaisa.com\/wp-content\/uploads\/2024\/09\/459413778_551317854129873_918781442904456332_n-744x1024.jpg 744w, https:\/\/prensapaisa.com\/wp-content\/uploads\/2024\/09\/459413778_551317854129873_918781442904456332_n-218x300.jpg 218w, https:\/\/prensapaisa.com\/wp-content\/uploads\/2024\/09\/459413778_551317854129873_918781442904456332_n-768x1057.jpg 768w, https:\/\/prensapaisa.com\/wp-content\/uploads\/2024\/09\/459413778_551317854129873_918781442904456332_n-1116x1536.jpg 1116w, https:\/\/prensapaisa.com\/wp-content\/uploads\/2024\/09\/459413778_551317854129873_918781442904456332_n-1170x1611.jpg 1170w, https:\/\/prensapaisa.com\/wp-content\/uploads\/2024\/09\/459413778_551317854129873_918781442904456332_n-585x805.jpg 585w, https:\/\/prensapaisa.com\/wp-content\/uploads\/2024\/09\/459413778_551317854129873_918781442904456332_n.jpg 1290w\" sizes=\"(max-width: 744px) 100vw, 744px\" \/><\/figure>\n","protected":false},"excerpt":{"rendered":"<p>Prensapaisa.com &#8220;Un juez de control de garant\u00edas impuso medida de aseguramiento en centro carcelario al acordeonero y productor musical, Carlos Hernobi Ruiz Urrea, quien ser\u00eda el responsable de grabar y&hellip;<\/p>\n","protected":false},"author":1,"featured_media":13368,"comment_status":"open","ping_status":"open","sticky":false,"template":"","format":"standard","meta":{"footnotes":""},"categories":[49,50,16,1,47,46],"tags":[],"class_list":["post-13367","post","type-post","status-publish","format-standard","has-post-thumbnail","hentry","category-capturas","category-denuncias","category-municipios","category-noticias","category-orden-publico","category-redes-sociales"],"yoast_head":"<!-- This site is optimized with the Yoast SEO plugin v27.4 - https:\/\/yoast.com\/product\/yoast-seo-wordpress\/ -->\n<title>Productor musical fue enviado a prisi\u00f3n porque ten\u00eda varios videos con menores de edad; Lo rastrearon cuando se conect\u00f3 en una red p\u00fablica de un centro comercial\u2026 - PRENSA PAISA<\/title>\n<meta name=\"robots\" content=\"index, follow, max-snippet:-1, max-image-preview:large, max-video-preview:-1\" \/>\n<link rel=\"canonical\" href=\"https:\/\/prensapaisa.com\/index.php\/2024\/09\/11\/productor-musical-fue-enviado-a-prision-porque-tenia-varios-videos-con-menores-de-edad-lo-rastrearon-cuando-se-conecto-en-una-red-publica-de-un-centro-comercial\/\" \/>\n<meta property=\"og:locale\" content=\"es_ES\" \/>\n<meta property=\"og:type\" content=\"article\" \/>\n<meta property=\"og:title\" content=\"Productor musical fue enviado a prisi\u00f3n porque ten\u00eda varios videos con menores de edad; Lo rastrearon cuando se conect\u00f3 en una red p\u00fablica de un centro comercial\u2026 - PRENSA PAISA\" \/>\n<meta property=\"og:description\" content=\"Prensapaisa.com &#8220;Un juez de control de garant\u00edas impuso medida de aseguramiento en centro carcelario al acordeonero y productor musical, Carlos Hernobi Ruiz Urrea, quien ser\u00eda el responsable de grabar y&hellip;\" \/>\n<meta property=\"og:url\" content=\"https:\/\/prensapaisa.com\/index.php\/2024\/09\/11\/productor-musical-fue-enviado-a-prision-porque-tenia-varios-videos-con-menores-de-edad-lo-rastrearon-cuando-se-conecto-en-una-red-publica-de-un-centro-comercial\/\" \/>\n<meta property=\"og:site_name\" content=\"PRENSA PAISA\" \/>\n<meta property=\"article:published_time\" content=\"2024-09-12T03:00:14+00:00\" \/>\n<meta property=\"article:modified_time\" content=\"2024-09-12T03:00:15+00:00\" \/>\n<meta property=\"og:image\" content=\"https:\/\/prensapaisa.com\/wp-content\/uploads\/2024\/09\/459413778_551317854129873_918781442904456332_n.jpg\" \/>\n\t<meta property=\"og:image:width\" content=\"1290\" \/>\n\t<meta property=\"og:image:height\" content=\"1776\" \/>\n\t<meta property=\"og:image:type\" content=\"image\/jpeg\" \/>\n<meta name=\"author\" content=\"noticias@prensapaisa.com\" \/>\n<meta name=\"twitter:card\" content=\"summary_large_image\" \/>\n<meta name=\"twitter:label1\" content=\"Escrito por\" \/>\n\t<meta name=\"twitter:data1\" content=\"noticias@prensapaisa.com\" \/>\n\t<meta name=\"twitter:label2\" content=\"Tiempo de lectura\" \/>\n\t<meta name=\"twitter:data2\" content=\"2 minutos\" \/>\n<script type=\"application\/ld+json\" class=\"yoast-schema-graph\">{\"@context\":\"https:\\\/\\\/schema.org\",\"@graph\":[{\"@type\":\"Article\",\"@id\":\"https:\\\/\\\/prensapaisa.com\\\/index.php\\\/2024\\\/09\\\/11\\\/productor-musical-fue-enviado-a-prision-porque-tenia-varios-videos-con-menores-de-edad-lo-rastrearon-cuando-se-conecto-en-una-red-publica-de-un-centro-comercial\\\/#article\",\"isPartOf\":{\"@id\":\"https:\\\/\\\/prensapaisa.com\\\/index.php\\\/2024\\\/09\\\/11\\\/productor-musical-fue-enviado-a-prision-porque-tenia-varios-videos-con-menores-de-edad-lo-rastrearon-cuando-se-conecto-en-una-red-publica-de-un-centro-comercial\\\/\"},\"author\":{\"name\":\"noticias@prensapaisa.com\",\"@id\":\"https:\\\/\\\/prensapaisa.com\\\/#\\\/schema\\\/person\\\/c5899b8b285dbcd70faec88a7c1579f6\"},\"headline\":\"Productor musical fue enviado a prisi\u00f3n porque ten\u00eda varios videos con menores de edad; Lo rastrearon cuando se conect\u00f3 en una red p\u00fablica de un centro comercial\u2026\",\"datePublished\":\"2024-09-12T03:00:14+00:00\",\"dateModified\":\"2024-09-12T03:00:15+00:00\",\"mainEntityOfPage\":{\"@id\":\"https:\\\/\\\/prensapaisa.com\\\/index.php\\\/2024\\\/09\\\/11\\\/productor-musical-fue-enviado-a-prision-porque-tenia-varios-videos-con-menores-de-edad-lo-rastrearon-cuando-se-conecto-en-una-red-publica-de-un-centro-comercial\\\/\"},\"wordCount\":253,\"commentCount\":0,\"publisher\":{\"@id\":\"https:\\\/\\\/prensapaisa.com\\\/#organization\"},\"image\":{\"@id\":\"https:\\\/\\\/prensapaisa.com\\\/index.php\\\/2024\\\/09\\\/11\\\/productor-musical-fue-enviado-a-prision-porque-tenia-varios-videos-con-menores-de-edad-lo-rastrearon-cuando-se-conecto-en-una-red-publica-de-un-centro-comercial\\\/#primaryimage\"},\"thumbnailUrl\":\"https:\\\/\\\/prensapaisa.com\\\/wp-content\\\/uploads\\\/2024\\\/09\\\/459413778_551317854129873_918781442904456332_n.jpg\",\"articleSection\":[\"Capturas\",\"Denuncias\",\"Municipios\",\"Noticias\",\"Orden Publico\",\"Redes Sociales\"],\"inLanguage\":\"es-CO\",\"potentialAction\":[{\"@type\":\"CommentAction\",\"name\":\"Comment\",\"target\":[\"https:\\\/\\\/prensapaisa.com\\\/index.php\\\/2024\\\/09\\\/11\\\/productor-musical-fue-enviado-a-prision-porque-tenia-varios-videos-con-menores-de-edad-lo-rastrearon-cuando-se-conecto-en-una-red-publica-de-un-centro-comercial\\\/#respond\"]}]},{\"@type\":\"WebPage\",\"@id\":\"https:\\\/\\\/prensapaisa.com\\\/index.php\\\/2024\\\/09\\\/11\\\/productor-musical-fue-enviado-a-prision-porque-tenia-varios-videos-con-menores-de-edad-lo-rastrearon-cuando-se-conecto-en-una-red-publica-de-un-centro-comercial\\\/\",\"url\":\"https:\\\/\\\/prensapaisa.com\\\/index.php\\\/2024\\\/09\\\/11\\\/productor-musical-fue-enviado-a-prision-porque-tenia-varios-videos-con-menores-de-edad-lo-rastrearon-cuando-se-conecto-en-una-red-publica-de-un-centro-comercial\\\/\",\"name\":\"Productor musical fue enviado a prisi\u00f3n porque ten\u00eda varios videos con menores de edad; Lo rastrearon cuando se conect\u00f3 en una red p\u00fablica de un centro comercial\u2026 - PRENSA PAISA\",\"isPartOf\":{\"@id\":\"https:\\\/\\\/prensapaisa.com\\\/#website\"},\"primaryImageOfPage\":{\"@id\":\"https:\\\/\\\/prensapaisa.com\\\/index.php\\\/2024\\\/09\\\/11\\\/productor-musical-fue-enviado-a-prision-porque-tenia-varios-videos-con-menores-de-edad-lo-rastrearon-cuando-se-conecto-en-una-red-publica-de-un-centro-comercial\\\/#primaryimage\"},\"image\":{\"@id\":\"https:\\\/\\\/prensapaisa.com\\\/index.php\\\/2024\\\/09\\\/11\\\/productor-musical-fue-enviado-a-prision-porque-tenia-varios-videos-con-menores-de-edad-lo-rastrearon-cuando-se-conecto-en-una-red-publica-de-un-centro-comercial\\\/#primaryimage\"},\"thumbnailUrl\":\"https:\\\/\\\/prensapaisa.com\\\/wp-content\\\/uploads\\\/2024\\\/09\\\/459413778_551317854129873_918781442904456332_n.jpg\",\"datePublished\":\"2024-09-12T03:00:14+00:00\",\"dateModified\":\"2024-09-12T03:00:15+00:00\",\"breadcrumb\":{\"@id\":\"https:\\\/\\\/prensapaisa.com\\\/index.php\\\/2024\\\/09\\\/11\\\/productor-musical-fue-enviado-a-prision-porque-tenia-varios-videos-con-menores-de-edad-lo-rastrearon-cuando-se-conecto-en-una-red-publica-de-un-centro-comercial\\\/#breadcrumb\"},\"inLanguage\":\"es-CO\",\"potentialAction\":[{\"@type\":\"ReadAction\",\"target\":[\"https:\\\/\\\/prensapaisa.com\\\/index.php\\\/2024\\\/09\\\/11\\\/productor-musical-fue-enviado-a-prision-porque-tenia-varios-videos-con-menores-de-edad-lo-rastrearon-cuando-se-conecto-en-una-red-publica-de-un-centro-comercial\\\/\"]}]},{\"@type\":\"ImageObject\",\"inLanguage\":\"es-CO\",\"@id\":\"https:\\\/\\\/prensapaisa.com\\\/index.php\\\/2024\\\/09\\\/11\\\/productor-musical-fue-enviado-a-prision-porque-tenia-varios-videos-con-menores-de-edad-lo-rastrearon-cuando-se-conecto-en-una-red-publica-de-un-centro-comercial\\\/#primaryimage\",\"url\":\"https:\\\/\\\/prensapaisa.com\\\/wp-content\\\/uploads\\\/2024\\\/09\\\/459413778_551317854129873_918781442904456332_n.jpg\",\"contentUrl\":\"https:\\\/\\\/prensapaisa.com\\\/wp-content\\\/uploads\\\/2024\\\/09\\\/459413778_551317854129873_918781442904456332_n.jpg\",\"width\":1290,\"height\":1776},{\"@type\":\"BreadcrumbList\",\"@id\":\"https:\\\/\\\/prensapaisa.com\\\/index.php\\\/2024\\\/09\\\/11\\\/productor-musical-fue-enviado-a-prision-porque-tenia-varios-videos-con-menores-de-edad-lo-rastrearon-cuando-se-conecto-en-una-red-publica-de-un-centro-comercial\\\/#breadcrumb\",\"itemListElement\":[{\"@type\":\"ListItem\",\"position\":1,\"name\":\"Inicio\",\"item\":\"https:\\\/\\\/prensapaisa.com\\\/\"},{\"@type\":\"ListItem\",\"position\":2,\"name\":\"Productor musical fue enviado a prisi\u00f3n porque ten\u00eda varios videos con menores de edad; Lo rastrearon cuando se conect\u00f3 en una red p\u00fablica de un centro comercial\u2026\"}]},{\"@type\":\"WebSite\",\"@id\":\"https:\\\/\\\/prensapaisa.com\\\/#website\",\"url\":\"https:\\\/\\\/prensapaisa.com\\\/\",\"name\":\"PRENSA PAISA\",\"description\":\"Prensa Paisa la Original | Noticias de Medell\u00edn, Antioquia\",\"publisher\":{\"@id\":\"https:\\\/\\\/prensapaisa.com\\\/#organization\"},\"potentialAction\":[{\"@type\":\"SearchAction\",\"target\":{\"@type\":\"EntryPoint\",\"urlTemplate\":\"https:\\\/\\\/prensapaisa.com\\\/?s={search_term_string}\"},\"query-input\":{\"@type\":\"PropertyValueSpecification\",\"valueRequired\":true,\"valueName\":\"search_term_string\"}}],\"inLanguage\":\"es-CO\"},{\"@type\":\"Organization\",\"@id\":\"https:\\\/\\\/prensapaisa.com\\\/#organization\",\"name\":\"PRENSA PAISA\",\"url\":\"https:\\\/\\\/prensapaisa.com\\\/\",\"logo\":{\"@type\":\"ImageObject\",\"inLanguage\":\"es-CO\",\"@id\":\"https:\\\/\\\/prensapaisa.com\\\/#\\\/schema\\\/logo\\\/image\\\/\",\"url\":\"https:\\\/\\\/prensapaisa.com\\\/wp-content\\\/uploads\\\/2022\\\/05\\\/cropped-cropped-prensa.png\",\"contentUrl\":\"https:\\\/\\\/prensapaisa.com\\\/wp-content\\\/uploads\\\/2022\\\/05\\\/cropped-cropped-prensa.png\",\"width\":784,\"height\":524,\"caption\":\"PRENSA PAISA\"},\"image\":{\"@id\":\"https:\\\/\\\/prensapaisa.com\\\/#\\\/schema\\\/logo\\\/image\\\/\"}},{\"@type\":\"Person\",\"@id\":\"https:\\\/\\\/prensapaisa.com\\\/#\\\/schema\\\/person\\\/c5899b8b285dbcd70faec88a7c1579f6\",\"name\":\"noticias@prensapaisa.com\",\"image\":{\"@type\":\"ImageObject\",\"inLanguage\":\"es-CO\",\"@id\":\"https:\\\/\\\/secure.gravatar.com\\\/avatar\\\/ca2b49c1df14b84557c567431f045ea69c8ea5da2da50309fd4de9b811da0433?s=96&d=mm&r=g\",\"url\":\"https:\\\/\\\/secure.gravatar.com\\\/avatar\\\/ca2b49c1df14b84557c567431f045ea69c8ea5da2da50309fd4de9b811da0433?s=96&d=mm&r=g\",\"contentUrl\":\"https:\\\/\\\/secure.gravatar.com\\\/avatar\\\/ca2b49c1df14b84557c567431f045ea69c8ea5da2da50309fd4de9b811da0433?s=96&d=mm&r=g\",\"caption\":\"noticias@prensapaisa.com\"},\"sameAs\":[\"http:\\\/\\\/prensapaisa.com\"],\"url\":\"https:\\\/\\\/prensapaisa.com\\\/index.php\\\/author\\\/prensapaisagmail-com\\\/\"}]}<\/script>\n<!-- \/ Yoast SEO plugin. -->","yoast_head_json":{"title":"Productor musical fue enviado a prisi\u00f3n porque ten\u00eda varios videos con menores de edad; Lo rastrearon cuando se conect\u00f3 en una red p\u00fablica de un centro comercial\u2026 - PRENSA PAISA","robots":{"index":"index","follow":"follow","max-snippet":"max-snippet:-1","max-image-preview":"max-image-preview:large","max-video-preview":"max-video-preview:-1"},"canonical":"https:\/\/prensapaisa.com\/index.php\/2024\/09\/11\/productor-musical-fue-enviado-a-prision-porque-tenia-varios-videos-con-menores-de-edad-lo-rastrearon-cuando-se-conecto-en-una-red-publica-de-un-centro-comercial\/","og_locale":"es_ES","og_type":"article","og_title":"Productor musical fue enviado a prisi\u00f3n porque ten\u00eda varios videos con menores de edad; Lo rastrearon cuando se conect\u00f3 en una red p\u00fablica de un centro comercial\u2026 - PRENSA PAISA","og_description":"Prensapaisa.com &#8220;Un juez de control de garant\u00edas impuso medida de aseguramiento en centro carcelario al acordeonero y productor musical, Carlos Hernobi Ruiz Urrea, quien ser\u00eda el responsable de grabar y&hellip;","og_url":"https:\/\/prensapaisa.com\/index.php\/2024\/09\/11\/productor-musical-fue-enviado-a-prision-porque-tenia-varios-videos-con-menores-de-edad-lo-rastrearon-cuando-se-conecto-en-una-red-publica-de-un-centro-comercial\/","og_site_name":"PRENSA PAISA","article_published_time":"2024-09-12T03:00:14+00:00","article_modified_time":"2024-09-12T03:00:15+00:00","og_image":[{"width":1290,"height":1776,"url":"https:\/\/prensapaisa.com\/wp-content\/uploads\/2024\/09\/459413778_551317854129873_918781442904456332_n.jpg","type":"image\/jpeg"}],"author":"noticias@prensapaisa.com","twitter_card":"summary_large_image","twitter_misc":{"Escrito por":"noticias@prensapaisa.com","Tiempo de lectura":"2 minutos"},"schema":{"@context":"https:\/\/schema.org","@graph":[{"@type":"Article","@id":"https:\/\/prensapaisa.com\/index.php\/2024\/09\/11\/productor-musical-fue-enviado-a-prision-porque-tenia-varios-videos-con-menores-de-edad-lo-rastrearon-cuando-se-conecto-en-una-red-publica-de-un-centro-comercial\/#article","isPartOf":{"@id":"https:\/\/prensapaisa.com\/index.php\/2024\/09\/11\/productor-musical-fue-enviado-a-prision-porque-tenia-varios-videos-con-menores-de-edad-lo-rastrearon-cuando-se-conecto-en-una-red-publica-de-un-centro-comercial\/"},"author":{"name":"noticias@prensapaisa.com","@id":"https:\/\/prensapaisa.com\/#\/schema\/person\/c5899b8b285dbcd70faec88a7c1579f6"},"headline":"Productor musical fue enviado a prisi\u00f3n porque ten\u00eda varios videos con menores de edad; Lo rastrearon cuando se conect\u00f3 en una red p\u00fablica de un centro comercial\u2026","datePublished":"2024-09-12T03:00:14+00:00","dateModified":"2024-09-12T03:00:15+00:00","mainEntityOfPage":{"@id":"https:\/\/prensapaisa.com\/index.php\/2024\/09\/11\/productor-musical-fue-enviado-a-prision-porque-tenia-varios-videos-con-menores-de-edad-lo-rastrearon-cuando-se-conecto-en-una-red-publica-de-un-centro-comercial\/"},"wordCount":253,"commentCount":0,"publisher":{"@id":"https:\/\/prensapaisa.com\/#organization"},"image":{"@id":"https:\/\/prensapaisa.com\/index.php\/2024\/09\/11\/productor-musical-fue-enviado-a-prision-porque-tenia-varios-videos-con-menores-de-edad-lo-rastrearon-cuando-se-conecto-en-una-red-publica-de-un-centro-comercial\/#primaryimage"},"thumbnailUrl":"https:\/\/prensapaisa.com\/wp-content\/uploads\/2024\/09\/459413778_551317854129873_918781442904456332_n.jpg","articleSection":["Capturas","Denuncias","Municipios","Noticias","Orden Publico","Redes Sociales"],"inLanguage":"es-CO","potentialAction":[{"@type":"CommentAction","name":"Comment","target":["https:\/\/prensapaisa.com\/index.php\/2024\/09\/11\/productor-musical-fue-enviado-a-prision-porque-tenia-varios-videos-con-menores-de-edad-lo-rastrearon-cuando-se-conecto-en-una-red-publica-de-un-centro-comercial\/#respond"]}]},{"@type":"WebPage","@id":"https:\/\/prensapaisa.com\/index.php\/2024\/09\/11\/productor-musical-fue-enviado-a-prision-porque-tenia-varios-videos-con-menores-de-edad-lo-rastrearon-cuando-se-conecto-en-una-red-publica-de-un-centro-comercial\/","url":"https:\/\/prensapaisa.com\/index.php\/2024\/09\/11\/productor-musical-fue-enviado-a-prision-porque-tenia-varios-videos-con-menores-de-edad-lo-rastrearon-cuando-se-conecto-en-una-red-publica-de-un-centro-comercial\/","name":"Productor musical fue enviado a prisi\u00f3n porque ten\u00eda varios videos con menores de edad; Lo rastrearon cuando se conect\u00f3 en una red p\u00fablica de un centro comercial\u2026 - PRENSA PAISA","isPartOf":{"@id":"https:\/\/prensapaisa.com\/#website"},"primaryImageOfPage":{"@id":"https:\/\/prensapaisa.com\/index.php\/2024\/09\/11\/productor-musical-fue-enviado-a-prision-porque-tenia-varios-videos-con-menores-de-edad-lo-rastrearon-cuando-se-conecto-en-una-red-publica-de-un-centro-comercial\/#primaryimage"},"image":{"@id":"https:\/\/prensapaisa.com\/index.php\/2024\/09\/11\/productor-musical-fue-enviado-a-prision-porque-tenia-varios-videos-con-menores-de-edad-lo-rastrearon-cuando-se-conecto-en-una-red-publica-de-un-centro-comercial\/#primaryimage"},"thumbnailUrl":"https:\/\/prensapaisa.com\/wp-content\/uploads\/2024\/09\/459413778_551317854129873_918781442904456332_n.jpg","datePublished":"2024-09-12T03:00:14+00:00","dateModified":"2024-09-12T03:00:15+00:00","breadcrumb":{"@id":"https:\/\/prensapaisa.com\/index.php\/2024\/09\/11\/productor-musical-fue-enviado-a-prision-porque-tenia-varios-videos-con-menores-de-edad-lo-rastrearon-cuando-se-conecto-en-una-red-publica-de-un-centro-comercial\/#breadcrumb"},"inLanguage":"es-CO","potentialAction":[{"@type":"ReadAction","target":["https:\/\/prensapaisa.com\/index.php\/2024\/09\/11\/productor-musical-fue-enviado-a-prision-porque-tenia-varios-videos-con-menores-de-edad-lo-rastrearon-cuando-se-conecto-en-una-red-publica-de-un-centro-comercial\/"]}]},{"@type":"ImageObject","inLanguage":"es-CO","@id":"https:\/\/prensapaisa.com\/index.php\/2024\/09\/11\/productor-musical-fue-enviado-a-prision-porque-tenia-varios-videos-con-menores-de-edad-lo-rastrearon-cuando-se-conecto-en-una-red-publica-de-un-centro-comercial\/#primaryimage","url":"https:\/\/prensapaisa.com\/wp-content\/uploads\/2024\/09\/459413778_551317854129873_918781442904456332_n.jpg","contentUrl":"https:\/\/prensapaisa.com\/wp-content\/uploads\/2024\/09\/459413778_551317854129873_918781442904456332_n.jpg","width":1290,"height":1776},{"@type":"BreadcrumbList","@id":"https:\/\/prensapaisa.com\/index.php\/2024\/09\/11\/productor-musical-fue-enviado-a-prision-porque-tenia-varios-videos-con-menores-de-edad-lo-rastrearon-cuando-se-conecto-en-una-red-publica-de-un-centro-comercial\/#breadcrumb","itemListElement":[{"@type":"ListItem","position":1,"name":"Inicio","item":"https:\/\/prensapaisa.com\/"},{"@type":"ListItem","position":2,"name":"Productor musical fue enviado a prisi\u00f3n porque ten\u00eda varios videos con menores de edad; Lo rastrearon cuando se conect\u00f3 en una red p\u00fablica de un centro comercial\u2026"}]},{"@type":"WebSite","@id":"https:\/\/prensapaisa.com\/#website","url":"https:\/\/prensapaisa.com\/","name":"PRENSA PAISA","description":"Prensa Paisa la Original | Noticias de Medell\u00edn, Antioquia","publisher":{"@id":"https:\/\/prensapaisa.com\/#organization"},"potentialAction":[{"@type":"SearchAction","target":{"@type":"EntryPoint","urlTemplate":"https:\/\/prensapaisa.com\/?s={search_term_string}"},"query-input":{"@type":"PropertyValueSpecification","valueRequired":true,"valueName":"search_term_string"}}],"inLanguage":"es-CO"},{"@type":"Organization","@id":"https:\/\/prensapaisa.com\/#organization","name":"PRENSA PAISA","url":"https:\/\/prensapaisa.com\/","logo":{"@type":"ImageObject","inLanguage":"es-CO","@id":"https:\/\/prensapaisa.com\/#\/schema\/logo\/image\/","url":"https:\/\/prensapaisa.com\/wp-content\/uploads\/2022\/05\/cropped-cropped-prensa.png","contentUrl":"https:\/\/prensapaisa.com\/wp-content\/uploads\/2022\/05\/cropped-cropped-prensa.png","width":784,"height":524,"caption":"PRENSA PAISA"},"image":{"@id":"https:\/\/prensapaisa.com\/#\/schema\/logo\/image\/"}},{"@type":"Person","@id":"https:\/\/prensapaisa.com\/#\/schema\/person\/c5899b8b285dbcd70faec88a7c1579f6","name":"noticias@prensapaisa.com","image":{"@type":"ImageObject","inLanguage":"es-CO","@id":"https:\/\/secure.gravatar.com\/avatar\/ca2b49c1df14b84557c567431f045ea69c8ea5da2da50309fd4de9b811da0433?s=96&d=mm&r=g","url":"https:\/\/secure.gravatar.com\/avatar\/ca2b49c1df14b84557c567431f045ea69c8ea5da2da50309fd4de9b811da0433?s=96&d=mm&r=g","contentUrl":"https:\/\/secure.gravatar.com\/avatar\/ca2b49c1df14b84557c567431f045ea69c8ea5da2da50309fd4de9b811da0433?s=96&d=mm&r=g","caption":"noticias@prensapaisa.com"},"sameAs":["http:\/\/prensapaisa.com"],"url":"https:\/\/prensapaisa.com\/index.php\/author\/prensapaisagmail-com\/"}]}},"_links":{"self":[{"href":"https:\/\/prensapaisa.com\/index.php\/wp-json\/wp\/v2\/posts\/13367","targetHints":{"allow":["GET"]}}],"collection":[{"href":"https:\/\/prensapaisa.com\/index.php\/wp-json\/wp\/v2\/posts"}],"about":[{"href":"https:\/\/prensapaisa.com\/index.php\/wp-json\/wp\/v2\/types\/post"}],"author":[{"embeddable":true,"href":"https:\/\/prensapaisa.com\/index.php\/wp-json\/wp\/v2\/users\/1"}],"replies":[{"embeddable":true,"href":"https:\/\/prensapaisa.com\/index.php\/wp-json\/wp\/v2\/comments?post=13367"}],"version-history":[{"count":1,"href":"https:\/\/prensapaisa.com\/index.php\/wp-json\/wp\/v2\/posts\/13367\/revisions"}],"predecessor-version":[{"id":13369,"href":"https:\/\/prensapaisa.com\/index.php\/wp-json\/wp\/v2\/posts\/13367\/revisions\/13369"}],"wp:featuredmedia":[{"embeddable":true,"href":"https:\/\/prensapaisa.com\/index.php\/wp-json\/wp\/v2\/media\/13368"}],"wp:attachment":[{"href":"https:\/\/prensapaisa.com\/index.php\/wp-json\/wp\/v2\/media?parent=13367"}],"wp:term":[{"taxonomy":"category","embeddable":true,"href":"https:\/\/prensapaisa.com\/index.php\/wp-json\/wp\/v2\/categories?post=13367"},{"taxonomy":"post_tag","embeddable":true,"href":"https:\/\/prensapaisa.com\/index.php\/wp-json\/wp\/v2\/tags?post=13367"}],"curies":[{"name":"wp","href":"https:\/\/api.w.org\/{rel}","templated":true}]}}