{"id":13323,"date":"2024-08-25T20:55:56","date_gmt":"2024-08-26T01:55:56","guid":{"rendered":"https:\/\/prensapaisa.com\/?p=13323"},"modified":"2024-08-25T20:55:57","modified_gmt":"2024-08-26T01:55:57","slug":"tres-personas-fueron-asesinadas-en-el-municipio-de-remedios-antioquia","status":"publish","type":"post","link":"https:\/\/prensapaisa.com\/index.php\/2024\/08\/25\/tres-personas-fueron-asesinadas-en-el-municipio-de-remedios-antioquia\/","title":{"rendered":"Tres personas fueron asesinadas en el municipio de Remedios, Antioquia"},"content":{"rendered":"\n<p><a href=\"https:\/\/prensapaisa.com\/?fbclid=IwZXh0bgNhZW0CMTAAAR0LN7XrR5MV91VdtlQHjQRfyL2yzSt2BmD-TQiZFaVBcs8b34sZ4R7MJPc_aem_NyBCbzGGW4WkOh4AQgXW6w\" rel=\"noreferrer noopener\" target=\"_blank\">Prensapaisa.com<\/a><\/p>\n\n\n\n<p>&#8220;Durante la tarde de este mi\u00e9rcoles, en Antioquia, se conoci\u00f3 que, en las \u00faltimas horas, tres hombres fueron asesinados en el municipio de Remedios, Nordeste antioque\u00f1o.<\/p>\n\n\n\n<p>Las <a><\/a>autoridades indicaron que, hasta el momento, la \u00fanica informaci\u00f3n que se tiene confirmada es que estas personas ser\u00edan integrantes del Clan del Golfo.<\/p>\n\n\n\n<p>Sobre los hechos, fuentes cercanas indicaron que todo se habr\u00eda presentado en la vereda El Porvenir, zona rural del municipio.<\/p>\n\n\n\n<p>Por ahora no se conocen la identidades de los integrantes del grupo armado, ni tampoco las causas de su muerte. Lo cierto es que, las autoridades no descartan que todo se habr\u00eda generado por un aparente ajuste de cuentas. Sin embargo, todo es materia de investigaci\u00f3n.<\/p>\n\n\n\n<p>Estos hechos de orden p\u00fablico se dan, tambi\u00e9n, a pocas horas de que en el municipio de Yaruma, en el norte de Antioquia, tambi\u00e9n se presentaran enfrentamientos que dejaron la muerte de tres hombres, dos de ellos del Estado Mayor Central de las Farc, y el otro ser\u00eda integrante del Clan del Golfo.<\/p>\n\n\n\n<p>En su momento, el secretario de Seguridad de Antioquia, Luis Eduardo Mart\u00ednez, indic\u00f3 que, &#8216;por inteligencia, se tiene conocimiento que de este enfrentamiento quedaron tres muertos. A los centros poblados no han llegado cad\u00e1veres. Con el Ej\u00e9rcito estamos trabajando para garantizarle seguridad a las comunidades&#8217;.<\/p>\n\n\n\n<p>As\u00ed mismo, esta situaci\u00f3n se da tras un fin de semana donde se registraron m\u00e1s de 30 casos de muertes violentas en Antioquia.<\/p>\n\n\n\n<p>Por ahora, los hechos en el municipio de Remedios, en el nordeste antioque\u00f1o, son materia de investigaci\u00f3n&#8221;.<\/p>\n\n\n\n<p><a href=\"https:\/\/www.facebook.com\/hashtag\/fotinfo?__eep__=6&amp;__cft__[0]=AZU3m7x-tjDM72JYJWnUw03At37r1Nnti4n2IwNjYubDBEJvVlqaYmUYLGXV9BMxIKIfLUi4YMZFA_2tp4_hRicqSE2a9HB87126mhCOw060cqIHJsNR-ozGGIgVnhg02pnJB8MdZ2KqusDnf_NoUQZTp3nFJFg9aPDRlSRlXvQ2QcXFUmWF0ufmFpYYKdrazk55IKOH-2HgYuyO-Tuoh-xq&amp;__tn__=*NK-R\">#Fotinfo<\/a>: Mateo Zapata<\/p>\n\n\n\n<figure class=\"wp-block-image size-large\"><img fetchpriority=\"high\" decoding=\"async\" width=\"1024\" height=\"576\" src=\"https:\/\/prensapaisa.com\/wp-content\/uploads\/2024\/08\/456375543_537773398817652_3539120597441040544_n-1024x576.jpg\" alt=\"\" class=\"wp-image-13325\" srcset=\"https:\/\/prensapaisa.com\/wp-content\/uploads\/2024\/08\/456375543_537773398817652_3539120597441040544_n-1024x576.jpg 1024w, https:\/\/prensapaisa.com\/wp-content\/uploads\/2024\/08\/456375543_537773398817652_3539120597441040544_n-300x169.jpg 300w, https:\/\/prensapaisa.com\/wp-content\/uploads\/2024\/08\/456375543_537773398817652_3539120597441040544_n-768x432.jpg 768w, https:\/\/prensapaisa.com\/wp-content\/uploads\/2024\/08\/456375543_537773398817652_3539120597441040544_n-1170x658.jpg 1170w, https:\/\/prensapaisa.com\/wp-content\/uploads\/2024\/08\/456375543_537773398817652_3539120597441040544_n-585x329.jpg 585w, https:\/\/prensapaisa.com\/wp-content\/uploads\/2024\/08\/456375543_537773398817652_3539120597441040544_n.jpg 1290w\" sizes=\"(max-width: 1024px) 100vw, 1024px\" \/><\/figure>\n\n\n\n<figure class=\"wp-block-image size-large\"><img decoding=\"async\" width=\"1024\" height=\"576\" src=\"https:\/\/prensapaisa.com\/wp-content\/uploads\/2024\/08\/456517173_537774628817529_89755614920224316_n-1024x576.jpg\" alt=\"\" class=\"wp-image-13324\" srcset=\"https:\/\/prensapaisa.com\/wp-content\/uploads\/2024\/08\/456517173_537774628817529_89755614920224316_n-1024x576.jpg 1024w, https:\/\/prensapaisa.com\/wp-content\/uploads\/2024\/08\/456517173_537774628817529_89755614920224316_n-300x169.jpg 300w, https:\/\/prensapaisa.com\/wp-content\/uploads\/2024\/08\/456517173_537774628817529_89755614920224316_n-768x432.jpg 768w, https:\/\/prensapaisa.com\/wp-content\/uploads\/2024\/08\/456517173_537774628817529_89755614920224316_n-1170x658.jpg 1170w, https:\/\/prensapaisa.com\/wp-content\/uploads\/2024\/08\/456517173_537774628817529_89755614920224316_n-585x329.jpg 585w, https:\/\/prensapaisa.com\/wp-content\/uploads\/2024\/08\/456517173_537774628817529_89755614920224316_n.jpg 1290w\" sizes=\"(max-width: 1024px) 100vw, 1024px\" \/><\/figure>\n","protected":false},"excerpt":{"rendered":"<p>Prensapaisa.com &#8220;Durante la tarde de este mi\u00e9rcoles, en Antioquia, se conoci\u00f3 que, en las \u00faltimas horas, tres hombres fueron asesinados en el municipio de Remedios, Nordeste antioque\u00f1o. Las autoridades indicaron&hellip;<\/p>\n","protected":false},"author":1,"featured_media":13324,"comment_status":"open","ping_status":"open","sticky":false,"template":"","format":"standard","meta":{"footnotes":""},"categories":[50,43,16,47,46],"tags":[],"class_list":["post-13323","post","type-post","status-publish","format-standard","has-post-thumbnail","hentry","category-denuncias","category-fallecidos","category-municipios","category-orden-publico","category-redes-sociales"],"yoast_head":"<!-- This site is optimized with the Yoast SEO plugin v27.4 - https:\/\/yoast.com\/product\/yoast-seo-wordpress\/ -->\n<title>Tres personas fueron asesinadas en el municipio de Remedios, Antioquia - PRENSA PAISA<\/title>\n<meta name=\"robots\" content=\"index, follow, max-snippet:-1, max-image-preview:large, max-video-preview:-1\" \/>\n<link rel=\"canonical\" href=\"https:\/\/prensapaisa.com\/index.php\/2024\/08\/25\/tres-personas-fueron-asesinadas-en-el-municipio-de-remedios-antioquia\/\" \/>\n<meta property=\"og:locale\" content=\"es_ES\" \/>\n<meta property=\"og:type\" content=\"article\" \/>\n<meta property=\"og:title\" content=\"Tres personas fueron asesinadas en el municipio de Remedios, Antioquia - PRENSA PAISA\" \/>\n<meta property=\"og:description\" content=\"Prensapaisa.com &#8220;Durante la tarde de este mi\u00e9rcoles, en Antioquia, se conoci\u00f3 que, en las \u00faltimas horas, tres hombres fueron asesinados en el municipio de Remedios, Nordeste antioque\u00f1o. Las autoridades indicaron&hellip;\" \/>\n<meta property=\"og:url\" content=\"https:\/\/prensapaisa.com\/index.php\/2024\/08\/25\/tres-personas-fueron-asesinadas-en-el-municipio-de-remedios-antioquia\/\" \/>\n<meta property=\"og:site_name\" content=\"PRENSA PAISA\" \/>\n<meta property=\"article:published_time\" content=\"2024-08-26T01:55:56+00:00\" \/>\n<meta property=\"article:modified_time\" content=\"2024-08-26T01:55:57+00:00\" \/>\n<meta property=\"og:image\" content=\"https:\/\/prensapaisa.com\/wp-content\/uploads\/2024\/08\/456517173_537774628817529_89755614920224316_n.jpg\" \/>\n\t<meta property=\"og:image:width\" content=\"1290\" \/>\n\t<meta property=\"og:image:height\" content=\"726\" \/>\n\t<meta property=\"og:image:type\" content=\"image\/jpeg\" \/>\n<meta name=\"author\" content=\"noticias@prensapaisa.com\" \/>\n<meta name=\"twitter:card\" content=\"summary_large_image\" \/>\n<meta name=\"twitter:label1\" content=\"Escrito por\" \/>\n\t<meta name=\"twitter:data1\" content=\"noticias@prensapaisa.com\" \/>\n\t<meta name=\"twitter:label2\" content=\"Tiempo de lectura\" \/>\n\t<meta name=\"twitter:data2\" content=\"2 minutos\" \/>\n<script type=\"application\/ld+json\" class=\"yoast-schema-graph\">{\"@context\":\"https:\\\/\\\/schema.org\",\"@graph\":[{\"@type\":\"Article\",\"@id\":\"https:\\\/\\\/prensapaisa.com\\\/index.php\\\/2024\\\/08\\\/25\\\/tres-personas-fueron-asesinadas-en-el-municipio-de-remedios-antioquia\\\/#article\",\"isPartOf\":{\"@id\":\"https:\\\/\\\/prensapaisa.com\\\/index.php\\\/2024\\\/08\\\/25\\\/tres-personas-fueron-asesinadas-en-el-municipio-de-remedios-antioquia\\\/\"},\"author\":{\"name\":\"noticias@prensapaisa.com\",\"@id\":\"https:\\\/\\\/prensapaisa.com\\\/#\\\/schema\\\/person\\\/c5899b8b285dbcd70faec88a7c1579f6\"},\"headline\":\"Tres personas fueron asesinadas en el municipio de Remedios, Antioquia\",\"datePublished\":\"2024-08-26T01:55:56+00:00\",\"dateModified\":\"2024-08-26T01:55:57+00:00\",\"mainEntityOfPage\":{\"@id\":\"https:\\\/\\\/prensapaisa.com\\\/index.php\\\/2024\\\/08\\\/25\\\/tres-personas-fueron-asesinadas-en-el-municipio-de-remedios-antioquia\\\/\"},\"wordCount\":286,\"commentCount\":0,\"publisher\":{\"@id\":\"https:\\\/\\\/prensapaisa.com\\\/#organization\"},\"image\":{\"@id\":\"https:\\\/\\\/prensapaisa.com\\\/index.php\\\/2024\\\/08\\\/25\\\/tres-personas-fueron-asesinadas-en-el-municipio-de-remedios-antioquia\\\/#primaryimage\"},\"thumbnailUrl\":\"https:\\\/\\\/prensapaisa.com\\\/wp-content\\\/uploads\\\/2024\\\/08\\\/456517173_537774628817529_89755614920224316_n.jpg\",\"articleSection\":[\"Denuncias\",\"Fallecidos\",\"Municipios\",\"Orden Publico\",\"Redes Sociales\"],\"inLanguage\":\"es-CO\",\"potentialAction\":[{\"@type\":\"CommentAction\",\"name\":\"Comment\",\"target\":[\"https:\\\/\\\/prensapaisa.com\\\/index.php\\\/2024\\\/08\\\/25\\\/tres-personas-fueron-asesinadas-en-el-municipio-de-remedios-antioquia\\\/#respond\"]}]},{\"@type\":\"WebPage\",\"@id\":\"https:\\\/\\\/prensapaisa.com\\\/index.php\\\/2024\\\/08\\\/25\\\/tres-personas-fueron-asesinadas-en-el-municipio-de-remedios-antioquia\\\/\",\"url\":\"https:\\\/\\\/prensapaisa.com\\\/index.php\\\/2024\\\/08\\\/25\\\/tres-personas-fueron-asesinadas-en-el-municipio-de-remedios-antioquia\\\/\",\"name\":\"Tres personas fueron asesinadas en el municipio de Remedios, Antioquia - PRENSA PAISA\",\"isPartOf\":{\"@id\":\"https:\\\/\\\/prensapaisa.com\\\/#website\"},\"primaryImageOfPage\":{\"@id\":\"https:\\\/\\\/prensapaisa.com\\\/index.php\\\/2024\\\/08\\\/25\\\/tres-personas-fueron-asesinadas-en-el-municipio-de-remedios-antioquia\\\/#primaryimage\"},\"image\":{\"@id\":\"https:\\\/\\\/prensapaisa.com\\\/index.php\\\/2024\\\/08\\\/25\\\/tres-personas-fueron-asesinadas-en-el-municipio-de-remedios-antioquia\\\/#primaryimage\"},\"thumbnailUrl\":\"https:\\\/\\\/prensapaisa.com\\\/wp-content\\\/uploads\\\/2024\\\/08\\\/456517173_537774628817529_89755614920224316_n.jpg\",\"datePublished\":\"2024-08-26T01:55:56+00:00\",\"dateModified\":\"2024-08-26T01:55:57+00:00\",\"breadcrumb\":{\"@id\":\"https:\\\/\\\/prensapaisa.com\\\/index.php\\\/2024\\\/08\\\/25\\\/tres-personas-fueron-asesinadas-en-el-municipio-de-remedios-antioquia\\\/#breadcrumb\"},\"inLanguage\":\"es-CO\",\"potentialAction\":[{\"@type\":\"ReadAction\",\"target\":[\"https:\\\/\\\/prensapaisa.com\\\/index.php\\\/2024\\\/08\\\/25\\\/tres-personas-fueron-asesinadas-en-el-municipio-de-remedios-antioquia\\\/\"]}]},{\"@type\":\"ImageObject\",\"inLanguage\":\"es-CO\",\"@id\":\"https:\\\/\\\/prensapaisa.com\\\/index.php\\\/2024\\\/08\\\/25\\\/tres-personas-fueron-asesinadas-en-el-municipio-de-remedios-antioquia\\\/#primaryimage\",\"url\":\"https:\\\/\\\/prensapaisa.com\\\/wp-content\\\/uploads\\\/2024\\\/08\\\/456517173_537774628817529_89755614920224316_n.jpg\",\"contentUrl\":\"https:\\\/\\\/prensapaisa.com\\\/wp-content\\\/uploads\\\/2024\\\/08\\\/456517173_537774628817529_89755614920224316_n.jpg\",\"width\":1290,\"height\":726},{\"@type\":\"BreadcrumbList\",\"@id\":\"https:\\\/\\\/prensapaisa.com\\\/index.php\\\/2024\\\/08\\\/25\\\/tres-personas-fueron-asesinadas-en-el-municipio-de-remedios-antioquia\\\/#breadcrumb\",\"itemListElement\":[{\"@type\":\"ListItem\",\"position\":1,\"name\":\"Inicio\",\"item\":\"https:\\\/\\\/prensapaisa.com\\\/\"},{\"@type\":\"ListItem\",\"position\":2,\"name\":\"Tres personas fueron asesinadas en el municipio de Remedios, Antioquia\"}]},{\"@type\":\"WebSite\",\"@id\":\"https:\\\/\\\/prensapaisa.com\\\/#website\",\"url\":\"https:\\\/\\\/prensapaisa.com\\\/\",\"name\":\"PRENSA PAISA\",\"description\":\"Prensa Paisa la Original | Noticias de Medell\u00edn, Antioquia\",\"publisher\":{\"@id\":\"https:\\\/\\\/prensapaisa.com\\\/#organization\"},\"potentialAction\":[{\"@type\":\"SearchAction\",\"target\":{\"@type\":\"EntryPoint\",\"urlTemplate\":\"https:\\\/\\\/prensapaisa.com\\\/?s={search_term_string}\"},\"query-input\":{\"@type\":\"PropertyValueSpecification\",\"valueRequired\":true,\"valueName\":\"search_term_string\"}}],\"inLanguage\":\"es-CO\"},{\"@type\":\"Organization\",\"@id\":\"https:\\\/\\\/prensapaisa.com\\\/#organization\",\"name\":\"PRENSA PAISA\",\"url\":\"https:\\\/\\\/prensapaisa.com\\\/\",\"logo\":{\"@type\":\"ImageObject\",\"inLanguage\":\"es-CO\",\"@id\":\"https:\\\/\\\/prensapaisa.com\\\/#\\\/schema\\\/logo\\\/image\\\/\",\"url\":\"https:\\\/\\\/prensapaisa.com\\\/wp-content\\\/uploads\\\/2022\\\/05\\\/cropped-cropped-prensa.png\",\"contentUrl\":\"https:\\\/\\\/prensapaisa.com\\\/wp-content\\\/uploads\\\/2022\\\/05\\\/cropped-cropped-prensa.png\",\"width\":784,\"height\":524,\"caption\":\"PRENSA PAISA\"},\"image\":{\"@id\":\"https:\\\/\\\/prensapaisa.com\\\/#\\\/schema\\\/logo\\\/image\\\/\"}},{\"@type\":\"Person\",\"@id\":\"https:\\\/\\\/prensapaisa.com\\\/#\\\/schema\\\/person\\\/c5899b8b285dbcd70faec88a7c1579f6\",\"name\":\"noticias@prensapaisa.com\",\"image\":{\"@type\":\"ImageObject\",\"inLanguage\":\"es-CO\",\"@id\":\"https:\\\/\\\/secure.gravatar.com\\\/avatar\\\/ca2b49c1df14b84557c567431f045ea69c8ea5da2da50309fd4de9b811da0433?s=96&d=mm&r=g\",\"url\":\"https:\\\/\\\/secure.gravatar.com\\\/avatar\\\/ca2b49c1df14b84557c567431f045ea69c8ea5da2da50309fd4de9b811da0433?s=96&d=mm&r=g\",\"contentUrl\":\"https:\\\/\\\/secure.gravatar.com\\\/avatar\\\/ca2b49c1df14b84557c567431f045ea69c8ea5da2da50309fd4de9b811da0433?s=96&d=mm&r=g\",\"caption\":\"noticias@prensapaisa.com\"},\"sameAs\":[\"http:\\\/\\\/prensapaisa.com\"],\"url\":\"https:\\\/\\\/prensapaisa.com\\\/index.php\\\/author\\\/prensapaisagmail-com\\\/\"}]}<\/script>\n<!-- \/ Yoast SEO plugin. -->","yoast_head_json":{"title":"Tres personas fueron asesinadas en el municipio de Remedios, Antioquia - PRENSA PAISA","robots":{"index":"index","follow":"follow","max-snippet":"max-snippet:-1","max-image-preview":"max-image-preview:large","max-video-preview":"max-video-preview:-1"},"canonical":"https:\/\/prensapaisa.com\/index.php\/2024\/08\/25\/tres-personas-fueron-asesinadas-en-el-municipio-de-remedios-antioquia\/","og_locale":"es_ES","og_type":"article","og_title":"Tres personas fueron asesinadas en el municipio de Remedios, Antioquia - PRENSA PAISA","og_description":"Prensapaisa.com &#8220;Durante la tarde de este mi\u00e9rcoles, en Antioquia, se conoci\u00f3 que, en las \u00faltimas horas, tres hombres fueron asesinados en el municipio de Remedios, Nordeste antioque\u00f1o. Las autoridades indicaron&hellip;","og_url":"https:\/\/prensapaisa.com\/index.php\/2024\/08\/25\/tres-personas-fueron-asesinadas-en-el-municipio-de-remedios-antioquia\/","og_site_name":"PRENSA PAISA","article_published_time":"2024-08-26T01:55:56+00:00","article_modified_time":"2024-08-26T01:55:57+00:00","og_image":[{"width":1290,"height":726,"url":"https:\/\/prensapaisa.com\/wp-content\/uploads\/2024\/08\/456517173_537774628817529_89755614920224316_n.jpg","type":"image\/jpeg"}],"author":"noticias@prensapaisa.com","twitter_card":"summary_large_image","twitter_misc":{"Escrito por":"noticias@prensapaisa.com","Tiempo de lectura":"2 minutos"},"schema":{"@context":"https:\/\/schema.org","@graph":[{"@type":"Article","@id":"https:\/\/prensapaisa.com\/index.php\/2024\/08\/25\/tres-personas-fueron-asesinadas-en-el-municipio-de-remedios-antioquia\/#article","isPartOf":{"@id":"https:\/\/prensapaisa.com\/index.php\/2024\/08\/25\/tres-personas-fueron-asesinadas-en-el-municipio-de-remedios-antioquia\/"},"author":{"name":"noticias@prensapaisa.com","@id":"https:\/\/prensapaisa.com\/#\/schema\/person\/c5899b8b285dbcd70faec88a7c1579f6"},"headline":"Tres personas fueron asesinadas en el municipio de Remedios, Antioquia","datePublished":"2024-08-26T01:55:56+00:00","dateModified":"2024-08-26T01:55:57+00:00","mainEntityOfPage":{"@id":"https:\/\/prensapaisa.com\/index.php\/2024\/08\/25\/tres-personas-fueron-asesinadas-en-el-municipio-de-remedios-antioquia\/"},"wordCount":286,"commentCount":0,"publisher":{"@id":"https:\/\/prensapaisa.com\/#organization"},"image":{"@id":"https:\/\/prensapaisa.com\/index.php\/2024\/08\/25\/tres-personas-fueron-asesinadas-en-el-municipio-de-remedios-antioquia\/#primaryimage"},"thumbnailUrl":"https:\/\/prensapaisa.com\/wp-content\/uploads\/2024\/08\/456517173_537774628817529_89755614920224316_n.jpg","articleSection":["Denuncias","Fallecidos","Municipios","Orden Publico","Redes Sociales"],"inLanguage":"es-CO","potentialAction":[{"@type":"CommentAction","name":"Comment","target":["https:\/\/prensapaisa.com\/index.php\/2024\/08\/25\/tres-personas-fueron-asesinadas-en-el-municipio-de-remedios-antioquia\/#respond"]}]},{"@type":"WebPage","@id":"https:\/\/prensapaisa.com\/index.php\/2024\/08\/25\/tres-personas-fueron-asesinadas-en-el-municipio-de-remedios-antioquia\/","url":"https:\/\/prensapaisa.com\/index.php\/2024\/08\/25\/tres-personas-fueron-asesinadas-en-el-municipio-de-remedios-antioquia\/","name":"Tres personas fueron asesinadas en el municipio de Remedios, Antioquia - PRENSA PAISA","isPartOf":{"@id":"https:\/\/prensapaisa.com\/#website"},"primaryImageOfPage":{"@id":"https:\/\/prensapaisa.com\/index.php\/2024\/08\/25\/tres-personas-fueron-asesinadas-en-el-municipio-de-remedios-antioquia\/#primaryimage"},"image":{"@id":"https:\/\/prensapaisa.com\/index.php\/2024\/08\/25\/tres-personas-fueron-asesinadas-en-el-municipio-de-remedios-antioquia\/#primaryimage"},"thumbnailUrl":"https:\/\/prensapaisa.com\/wp-content\/uploads\/2024\/08\/456517173_537774628817529_89755614920224316_n.jpg","datePublished":"2024-08-26T01:55:56+00:00","dateModified":"2024-08-26T01:55:57+00:00","breadcrumb":{"@id":"https:\/\/prensapaisa.com\/index.php\/2024\/08\/25\/tres-personas-fueron-asesinadas-en-el-municipio-de-remedios-antioquia\/#breadcrumb"},"inLanguage":"es-CO","potentialAction":[{"@type":"ReadAction","target":["https:\/\/prensapaisa.com\/index.php\/2024\/08\/25\/tres-personas-fueron-asesinadas-en-el-municipio-de-remedios-antioquia\/"]}]},{"@type":"ImageObject","inLanguage":"es-CO","@id":"https:\/\/prensapaisa.com\/index.php\/2024\/08\/25\/tres-personas-fueron-asesinadas-en-el-municipio-de-remedios-antioquia\/#primaryimage","url":"https:\/\/prensapaisa.com\/wp-content\/uploads\/2024\/08\/456517173_537774628817529_89755614920224316_n.jpg","contentUrl":"https:\/\/prensapaisa.com\/wp-content\/uploads\/2024\/08\/456517173_537774628817529_89755614920224316_n.jpg","width":1290,"height":726},{"@type":"BreadcrumbList","@id":"https:\/\/prensapaisa.com\/index.php\/2024\/08\/25\/tres-personas-fueron-asesinadas-en-el-municipio-de-remedios-antioquia\/#breadcrumb","itemListElement":[{"@type":"ListItem","position":1,"name":"Inicio","item":"https:\/\/prensapaisa.com\/"},{"@type":"ListItem","position":2,"name":"Tres personas fueron asesinadas en el municipio de Remedios, Antioquia"}]},{"@type":"WebSite","@id":"https:\/\/prensapaisa.com\/#website","url":"https:\/\/prensapaisa.com\/","name":"PRENSA PAISA","description":"Prensa Paisa la Original | Noticias de Medell\u00edn, Antioquia","publisher":{"@id":"https:\/\/prensapaisa.com\/#organization"},"potentialAction":[{"@type":"SearchAction","target":{"@type":"EntryPoint","urlTemplate":"https:\/\/prensapaisa.com\/?s={search_term_string}"},"query-input":{"@type":"PropertyValueSpecification","valueRequired":true,"valueName":"search_term_string"}}],"inLanguage":"es-CO"},{"@type":"Organization","@id":"https:\/\/prensapaisa.com\/#organization","name":"PRENSA PAISA","url":"https:\/\/prensapaisa.com\/","logo":{"@type":"ImageObject","inLanguage":"es-CO","@id":"https:\/\/prensapaisa.com\/#\/schema\/logo\/image\/","url":"https:\/\/prensapaisa.com\/wp-content\/uploads\/2022\/05\/cropped-cropped-prensa.png","contentUrl":"https:\/\/prensapaisa.com\/wp-content\/uploads\/2022\/05\/cropped-cropped-prensa.png","width":784,"height":524,"caption":"PRENSA PAISA"},"image":{"@id":"https:\/\/prensapaisa.com\/#\/schema\/logo\/image\/"}},{"@type":"Person","@id":"https:\/\/prensapaisa.com\/#\/schema\/person\/c5899b8b285dbcd70faec88a7c1579f6","name":"noticias@prensapaisa.com","image":{"@type":"ImageObject","inLanguage":"es-CO","@id":"https:\/\/secure.gravatar.com\/avatar\/ca2b49c1df14b84557c567431f045ea69c8ea5da2da50309fd4de9b811da0433?s=96&d=mm&r=g","url":"https:\/\/secure.gravatar.com\/avatar\/ca2b49c1df14b84557c567431f045ea69c8ea5da2da50309fd4de9b811da0433?s=96&d=mm&r=g","contentUrl":"https:\/\/secure.gravatar.com\/avatar\/ca2b49c1df14b84557c567431f045ea69c8ea5da2da50309fd4de9b811da0433?s=96&d=mm&r=g","caption":"noticias@prensapaisa.com"},"sameAs":["http:\/\/prensapaisa.com"],"url":"https:\/\/prensapaisa.com\/index.php\/author\/prensapaisagmail-com\/"}]}},"_links":{"self":[{"href":"https:\/\/prensapaisa.com\/index.php\/wp-json\/wp\/v2\/posts\/13323","targetHints":{"allow":["GET"]}}],"collection":[{"href":"https:\/\/prensapaisa.com\/index.php\/wp-json\/wp\/v2\/posts"}],"about":[{"href":"https:\/\/prensapaisa.com\/index.php\/wp-json\/wp\/v2\/types\/post"}],"author":[{"embeddable":true,"href":"https:\/\/prensapaisa.com\/index.php\/wp-json\/wp\/v2\/users\/1"}],"replies":[{"embeddable":true,"href":"https:\/\/prensapaisa.com\/index.php\/wp-json\/wp\/v2\/comments?post=13323"}],"version-history":[{"count":1,"href":"https:\/\/prensapaisa.com\/index.php\/wp-json\/wp\/v2\/posts\/13323\/revisions"}],"predecessor-version":[{"id":13326,"href":"https:\/\/prensapaisa.com\/index.php\/wp-json\/wp\/v2\/posts\/13323\/revisions\/13326"}],"wp:featuredmedia":[{"embeddable":true,"href":"https:\/\/prensapaisa.com\/index.php\/wp-json\/wp\/v2\/media\/13324"}],"wp:attachment":[{"href":"https:\/\/prensapaisa.com\/index.php\/wp-json\/wp\/v2\/media?parent=13323"}],"wp:term":[{"taxonomy":"category","embeddable":true,"href":"https:\/\/prensapaisa.com\/index.php\/wp-json\/wp\/v2\/categories?post=13323"},{"taxonomy":"post_tag","embeddable":true,"href":"https:\/\/prensapaisa.com\/index.php\/wp-json\/wp\/v2\/tags?post=13323"}],"curies":[{"name":"wp","href":"https:\/\/api.w.org\/{rel}","templated":true}]}}