{"id":13319,"date":"2024-08-25T20:52:09","date_gmt":"2024-08-26T01:52:09","guid":{"rendered":"https:\/\/prensapaisa.com\/?p=13319"},"modified":"2024-08-25T20:52:50","modified_gmt":"2024-08-26T01:52:50","slug":"dos-mujeres-se-lanzaron-de-un-taxi-en-el-que-les-iban-a-robar-en-medellin-los-taxista-sonrieron-para-la-foto-de-la-policia","status":"publish","type":"post","link":"https:\/\/prensapaisa.com\/index.php\/2024\/08\/25\/dos-mujeres-se-lanzaron-de-un-taxi-en-el-que-les-iban-a-robar-en-medellin-los-taxista-sonrieron-para-la-foto-de-la-policia\/","title":{"rendered":"Dos mujeres se lanzaron de un taxi en el que les iban a robar en Medell\u00edn; los taxistas sonrieron para la foto de la polic\u00eda"},"content":{"rendered":"\n<p><a href=\"https:\/\/prensapaisa.com\/?fbclid=IwZXh0bgNhZW0CMTAAAR0hIinJBnc-j1jjBMJmSTXq5-eY1-pd67mK9KRHNG2dxU9IXOpe7b4d65U_aem_GoURAzfEsiS0Zv-QrItXPw\" rel=\"noreferrer noopener\" target=\"_blank\">Prensapaisa.com<\/a><\/p>\n\n\n\n<p>&#8220;Dos hombres fueron enviados a prisi\u00f3n por, presuntamente, secuestrar a dos mujeres en un taxi en el barrio El Poblado de Medell\u00edn.<\/p>\n\n\n\n<p><a><\/a>Seg\u00fan la Fiscal\u00eda, Jhoan David Pati\u00f1o Zapata y Diego Esteban P\u00e9rez Zapata intimidaron a las v\u00edctimas durante 20 minutos con un arma de fuego, siendo uno de ellos oculto en el ba\u00fal del veh\u00edculo.<\/p>\n\n\n\n<p>La polic\u00eda de vigilancia fue alertada sobre el hecho y los uniformados emprendieron la persecuci\u00f3n. Durante el seguimiento las dos mujeres y uno de los presuntos secuestradores se lanzaron del veh\u00edculo. En los procedimientos las v\u00edctimas fueron auxiliadas y el hombre fue capturado.<\/p>\n\n\n\n<p>Tras una persecuci\u00f3n policial, el taxi fue interceptado, los uniformados hallaron en su poder tres celulares robados previamente a otras tres mujeres bajo la misma modalidad. Ambos enfrentan cargos de secuestro, porte ilegal de armas y hurto agravado&#8221;.<\/p>\n\n\n\n<p><a href=\"https:\/\/www.facebook.com\/hashtag\/fotinfo?__eep__=6&amp;__cft__[0]=AZUwpTpIealulzOr26Hm_w0bpgFcxbLaeGGLTfVVGTTtdyNuozeKcbwaIRb_5tLpihyEe6PEagvBrd11K_I68Ba8Uc4sqS7KRZTdlUc5pippPoGLtzszPJzoMHrLYYCpTEC1ilJlKrUUXRU0Nm86sbunaY4G1uRvaCPL-Ev2h32qRVARf9FZ5vFXntzVe3E7ZOi0uL-NjL7VfefR0Lp3c8R1&amp;__tn__=*NK-R\">#Fotinfo<\/a>: \u00c9der Narv\u00e1ez<\/p>\n\n\n\n<p>\u00bfCu\u00e1l es la otra versi\u00f3n?<\/p>\n\n\n\n<p>&#8220;En el taxi iban tres sujetos, las personas que est\u00e1n capturas, uno es el conductor y el otro iba de copiloto.<\/p>\n\n\n\n<p>El tercer hombre iba en la parte de atr\u00e1s del taxi con las mujeres que se subieron. Nunca se subieron forzadas, y el tiempo que duraron en el taxi fue aproximadamente 5 minutos.<\/p>\n\n\n\n<p>El hombre que iba atr\u00e1s sac\u00f3 un arma de fuego y comenz\u00f3 a amenazarlas y a decirle al conductor que el ya sab\u00eda a d\u00f3nde llevarlas, previamente para ser hurtadas. Ellas se lanzaron del taxi y el conductor fren\u00f3 al frente de la estaci\u00f3n de polic\u00eda. El chico que ten\u00eda el arma escap\u00f3, mientras los patrulleros detuvieron a los otros dos acompa\u00f1antes&#8221;.<\/p>\n\n\n\n<figure class=\"wp-block-image size-large\"><img fetchpriority=\"high\" decoding=\"async\" width=\"1024\" height=\"805\" src=\"https:\/\/prensapaisa.com\/wp-content\/uploads\/2024\/08\/456669528_538467508748241_8972592536775371034_n-1024x805.jpg\" alt=\"\" class=\"wp-image-13320\" srcset=\"https:\/\/prensapaisa.com\/wp-content\/uploads\/2024\/08\/456669528_538467508748241_8972592536775371034_n-1024x805.jpg 1024w, https:\/\/prensapaisa.com\/wp-content\/uploads\/2024\/08\/456669528_538467508748241_8972592536775371034_n-300x236.jpg 300w, https:\/\/prensapaisa.com\/wp-content\/uploads\/2024\/08\/456669528_538467508748241_8972592536775371034_n-768x604.jpg 768w, https:\/\/prensapaisa.com\/wp-content\/uploads\/2024\/08\/456669528_538467508748241_8972592536775371034_n-1170x920.jpg 1170w, https:\/\/prensapaisa.com\/wp-content\/uploads\/2024\/08\/456669528_538467508748241_8972592536775371034_n-585x460.jpg 585w, https:\/\/prensapaisa.com\/wp-content\/uploads\/2024\/08\/456669528_538467508748241_8972592536775371034_n.jpg 1290w\" sizes=\"(max-width: 1024px) 100vw, 1024px\" \/><\/figure>\n","protected":false},"excerpt":{"rendered":"<p>Prensapaisa.com &#8220;Dos hombres fueron enviados a prisi\u00f3n por, presuntamente, secuestrar a dos mujeres en un taxi en el barrio El Poblado de Medell\u00edn. Seg\u00fan la Fiscal\u00eda, Jhoan David Pati\u00f1o Zapata&hellip;<\/p>\n","protected":false},"author":1,"featured_media":13320,"comment_status":"open","ping_status":"open","sticky":false,"template":"","format":"standard","meta":{"footnotes":""},"categories":[49,50,16,1,47,46],"tags":[],"class_list":["post-13319","post","type-post","status-publish","format-standard","has-post-thumbnail","hentry","category-capturas","category-denuncias","category-municipios","category-noticias","category-orden-publico","category-redes-sociales"],"yoast_head":"<!-- This site is optimized with the Yoast SEO plugin v27.4 - https:\/\/yoast.com\/product\/yoast-seo-wordpress\/ -->\n<title>Dos mujeres se lanzaron de un taxi en el que les iban a robar en Medell\u00edn; los taxistas sonrieron para la foto de la polic\u00eda - PRENSA PAISA<\/title>\n<meta name=\"robots\" content=\"index, follow, max-snippet:-1, max-image-preview:large, max-video-preview:-1\" \/>\n<link rel=\"canonical\" href=\"https:\/\/prensapaisa.com\/index.php\/2024\/08\/25\/dos-mujeres-se-lanzaron-de-un-taxi-en-el-que-les-iban-a-robar-en-medellin-los-taxista-sonrieron-para-la-foto-de-la-policia\/\" \/>\n<meta property=\"og:locale\" content=\"es_ES\" \/>\n<meta property=\"og:type\" content=\"article\" \/>\n<meta property=\"og:title\" content=\"Dos mujeres se lanzaron de un taxi en el que les iban a robar en Medell\u00edn; los taxistas sonrieron para la foto de la polic\u00eda - PRENSA PAISA\" \/>\n<meta property=\"og:description\" content=\"Prensapaisa.com &#8220;Dos hombres fueron enviados a prisi\u00f3n por, presuntamente, secuestrar a dos mujeres en un taxi en el barrio El Poblado de Medell\u00edn. Seg\u00fan la Fiscal\u00eda, Jhoan David Pati\u00f1o Zapata&hellip;\" \/>\n<meta property=\"og:url\" content=\"https:\/\/prensapaisa.com\/index.php\/2024\/08\/25\/dos-mujeres-se-lanzaron-de-un-taxi-en-el-que-les-iban-a-robar-en-medellin-los-taxista-sonrieron-para-la-foto-de-la-policia\/\" \/>\n<meta property=\"og:site_name\" content=\"PRENSA PAISA\" \/>\n<meta property=\"article:published_time\" content=\"2024-08-26T01:52:09+00:00\" \/>\n<meta property=\"article:modified_time\" content=\"2024-08-26T01:52:50+00:00\" \/>\n<meta property=\"og:image\" content=\"https:\/\/prensapaisa.com\/wp-content\/uploads\/2024\/08\/456669528_538467508748241_8972592536775371034_n.jpg\" \/>\n\t<meta property=\"og:image:width\" content=\"1290\" \/>\n\t<meta property=\"og:image:height\" content=\"1014\" \/>\n\t<meta property=\"og:image:type\" content=\"image\/jpeg\" \/>\n<meta name=\"author\" content=\"noticias@prensapaisa.com\" \/>\n<meta name=\"twitter:card\" content=\"summary_large_image\" \/>\n<meta name=\"twitter:label1\" content=\"Escrito por\" \/>\n\t<meta name=\"twitter:data1\" content=\"noticias@prensapaisa.com\" \/>\n\t<meta name=\"twitter:label2\" content=\"Tiempo de lectura\" \/>\n\t<meta name=\"twitter:data2\" content=\"2 minutos\" \/>\n<script type=\"application\/ld+json\" class=\"yoast-schema-graph\">{\"@context\":\"https:\\\/\\\/schema.org\",\"@graph\":[{\"@type\":\"Article\",\"@id\":\"https:\\\/\\\/prensapaisa.com\\\/index.php\\\/2024\\\/08\\\/25\\\/dos-mujeres-se-lanzaron-de-un-taxi-en-el-que-les-iban-a-robar-en-medellin-los-taxista-sonrieron-para-la-foto-de-la-policia\\\/#article\",\"isPartOf\":{\"@id\":\"https:\\\/\\\/prensapaisa.com\\\/index.php\\\/2024\\\/08\\\/25\\\/dos-mujeres-se-lanzaron-de-un-taxi-en-el-que-les-iban-a-robar-en-medellin-los-taxista-sonrieron-para-la-foto-de-la-policia\\\/\"},\"author\":{\"name\":\"noticias@prensapaisa.com\",\"@id\":\"https:\\\/\\\/prensapaisa.com\\\/#\\\/schema\\\/person\\\/c5899b8b285dbcd70faec88a7c1579f6\"},\"headline\":\"Dos mujeres se lanzaron de un taxi en el que les iban a robar en Medell\u00edn; los taxistas sonrieron para la foto de la polic\u00eda\",\"datePublished\":\"2024-08-26T01:52:09+00:00\",\"dateModified\":\"2024-08-26T01:52:50+00:00\",\"mainEntityOfPage\":{\"@id\":\"https:\\\/\\\/prensapaisa.com\\\/index.php\\\/2024\\\/08\\\/25\\\/dos-mujeres-se-lanzaron-de-un-taxi-en-el-que-les-iban-a-robar-en-medellin-los-taxista-sonrieron-para-la-foto-de-la-policia\\\/\"},\"wordCount\":314,\"commentCount\":0,\"publisher\":{\"@id\":\"https:\\\/\\\/prensapaisa.com\\\/#organization\"},\"image\":{\"@id\":\"https:\\\/\\\/prensapaisa.com\\\/index.php\\\/2024\\\/08\\\/25\\\/dos-mujeres-se-lanzaron-de-un-taxi-en-el-que-les-iban-a-robar-en-medellin-los-taxista-sonrieron-para-la-foto-de-la-policia\\\/#primaryimage\"},\"thumbnailUrl\":\"https:\\\/\\\/prensapaisa.com\\\/wp-content\\\/uploads\\\/2024\\\/08\\\/456669528_538467508748241_8972592536775371034_n.jpg\",\"articleSection\":[\"Capturas\",\"Denuncias\",\"Municipios\",\"Noticias\",\"Orden Publico\",\"Redes Sociales\"],\"inLanguage\":\"es-CO\",\"potentialAction\":[{\"@type\":\"CommentAction\",\"name\":\"Comment\",\"target\":[\"https:\\\/\\\/prensapaisa.com\\\/index.php\\\/2024\\\/08\\\/25\\\/dos-mujeres-se-lanzaron-de-un-taxi-en-el-que-les-iban-a-robar-en-medellin-los-taxista-sonrieron-para-la-foto-de-la-policia\\\/#respond\"]}]},{\"@type\":\"WebPage\",\"@id\":\"https:\\\/\\\/prensapaisa.com\\\/index.php\\\/2024\\\/08\\\/25\\\/dos-mujeres-se-lanzaron-de-un-taxi-en-el-que-les-iban-a-robar-en-medellin-los-taxista-sonrieron-para-la-foto-de-la-policia\\\/\",\"url\":\"https:\\\/\\\/prensapaisa.com\\\/index.php\\\/2024\\\/08\\\/25\\\/dos-mujeres-se-lanzaron-de-un-taxi-en-el-que-les-iban-a-robar-en-medellin-los-taxista-sonrieron-para-la-foto-de-la-policia\\\/\",\"name\":\"Dos mujeres se lanzaron de un taxi en el que les iban a robar en Medell\u00edn; los taxistas sonrieron para la foto de la polic\u00eda - PRENSA PAISA\",\"isPartOf\":{\"@id\":\"https:\\\/\\\/prensapaisa.com\\\/#website\"},\"primaryImageOfPage\":{\"@id\":\"https:\\\/\\\/prensapaisa.com\\\/index.php\\\/2024\\\/08\\\/25\\\/dos-mujeres-se-lanzaron-de-un-taxi-en-el-que-les-iban-a-robar-en-medellin-los-taxista-sonrieron-para-la-foto-de-la-policia\\\/#primaryimage\"},\"image\":{\"@id\":\"https:\\\/\\\/prensapaisa.com\\\/index.php\\\/2024\\\/08\\\/25\\\/dos-mujeres-se-lanzaron-de-un-taxi-en-el-que-les-iban-a-robar-en-medellin-los-taxista-sonrieron-para-la-foto-de-la-policia\\\/#primaryimage\"},\"thumbnailUrl\":\"https:\\\/\\\/prensapaisa.com\\\/wp-content\\\/uploads\\\/2024\\\/08\\\/456669528_538467508748241_8972592536775371034_n.jpg\",\"datePublished\":\"2024-08-26T01:52:09+00:00\",\"dateModified\":\"2024-08-26T01:52:50+00:00\",\"breadcrumb\":{\"@id\":\"https:\\\/\\\/prensapaisa.com\\\/index.php\\\/2024\\\/08\\\/25\\\/dos-mujeres-se-lanzaron-de-un-taxi-en-el-que-les-iban-a-robar-en-medellin-los-taxista-sonrieron-para-la-foto-de-la-policia\\\/#breadcrumb\"},\"inLanguage\":\"es-CO\",\"potentialAction\":[{\"@type\":\"ReadAction\",\"target\":[\"https:\\\/\\\/prensapaisa.com\\\/index.php\\\/2024\\\/08\\\/25\\\/dos-mujeres-se-lanzaron-de-un-taxi-en-el-que-les-iban-a-robar-en-medellin-los-taxista-sonrieron-para-la-foto-de-la-policia\\\/\"]}]},{\"@type\":\"ImageObject\",\"inLanguage\":\"es-CO\",\"@id\":\"https:\\\/\\\/prensapaisa.com\\\/index.php\\\/2024\\\/08\\\/25\\\/dos-mujeres-se-lanzaron-de-un-taxi-en-el-que-les-iban-a-robar-en-medellin-los-taxista-sonrieron-para-la-foto-de-la-policia\\\/#primaryimage\",\"url\":\"https:\\\/\\\/prensapaisa.com\\\/wp-content\\\/uploads\\\/2024\\\/08\\\/456669528_538467508748241_8972592536775371034_n.jpg\",\"contentUrl\":\"https:\\\/\\\/prensapaisa.com\\\/wp-content\\\/uploads\\\/2024\\\/08\\\/456669528_538467508748241_8972592536775371034_n.jpg\",\"width\":1290,\"height\":1014},{\"@type\":\"BreadcrumbList\",\"@id\":\"https:\\\/\\\/prensapaisa.com\\\/index.php\\\/2024\\\/08\\\/25\\\/dos-mujeres-se-lanzaron-de-un-taxi-en-el-que-les-iban-a-robar-en-medellin-los-taxista-sonrieron-para-la-foto-de-la-policia\\\/#breadcrumb\",\"itemListElement\":[{\"@type\":\"ListItem\",\"position\":1,\"name\":\"Inicio\",\"item\":\"https:\\\/\\\/prensapaisa.com\\\/\"},{\"@type\":\"ListItem\",\"position\":2,\"name\":\"Dos mujeres se lanzaron de un taxi en el que les iban a robar en Medell\u00edn; los taxistas sonrieron para la foto de la polic\u00eda\"}]},{\"@type\":\"WebSite\",\"@id\":\"https:\\\/\\\/prensapaisa.com\\\/#website\",\"url\":\"https:\\\/\\\/prensapaisa.com\\\/\",\"name\":\"PRENSA PAISA\",\"description\":\"Prensa Paisa la Original | Noticias de Medell\u00edn, Antioquia\",\"publisher\":{\"@id\":\"https:\\\/\\\/prensapaisa.com\\\/#organization\"},\"potentialAction\":[{\"@type\":\"SearchAction\",\"target\":{\"@type\":\"EntryPoint\",\"urlTemplate\":\"https:\\\/\\\/prensapaisa.com\\\/?s={search_term_string}\"},\"query-input\":{\"@type\":\"PropertyValueSpecification\",\"valueRequired\":true,\"valueName\":\"search_term_string\"}}],\"inLanguage\":\"es-CO\"},{\"@type\":\"Organization\",\"@id\":\"https:\\\/\\\/prensapaisa.com\\\/#organization\",\"name\":\"PRENSA PAISA\",\"url\":\"https:\\\/\\\/prensapaisa.com\\\/\",\"logo\":{\"@type\":\"ImageObject\",\"inLanguage\":\"es-CO\",\"@id\":\"https:\\\/\\\/prensapaisa.com\\\/#\\\/schema\\\/logo\\\/image\\\/\",\"url\":\"https:\\\/\\\/prensapaisa.com\\\/wp-content\\\/uploads\\\/2022\\\/05\\\/cropped-cropped-prensa.png\",\"contentUrl\":\"https:\\\/\\\/prensapaisa.com\\\/wp-content\\\/uploads\\\/2022\\\/05\\\/cropped-cropped-prensa.png\",\"width\":784,\"height\":524,\"caption\":\"PRENSA PAISA\"},\"image\":{\"@id\":\"https:\\\/\\\/prensapaisa.com\\\/#\\\/schema\\\/logo\\\/image\\\/\"}},{\"@type\":\"Person\",\"@id\":\"https:\\\/\\\/prensapaisa.com\\\/#\\\/schema\\\/person\\\/c5899b8b285dbcd70faec88a7c1579f6\",\"name\":\"noticias@prensapaisa.com\",\"image\":{\"@type\":\"ImageObject\",\"inLanguage\":\"es-CO\",\"@id\":\"https:\\\/\\\/secure.gravatar.com\\\/avatar\\\/ca2b49c1df14b84557c567431f045ea69c8ea5da2da50309fd4de9b811da0433?s=96&d=mm&r=g\",\"url\":\"https:\\\/\\\/secure.gravatar.com\\\/avatar\\\/ca2b49c1df14b84557c567431f045ea69c8ea5da2da50309fd4de9b811da0433?s=96&d=mm&r=g\",\"contentUrl\":\"https:\\\/\\\/secure.gravatar.com\\\/avatar\\\/ca2b49c1df14b84557c567431f045ea69c8ea5da2da50309fd4de9b811da0433?s=96&d=mm&r=g\",\"caption\":\"noticias@prensapaisa.com\"},\"sameAs\":[\"http:\\\/\\\/prensapaisa.com\"],\"url\":\"https:\\\/\\\/prensapaisa.com\\\/index.php\\\/author\\\/prensapaisagmail-com\\\/\"}]}<\/script>\n<!-- \/ Yoast SEO plugin. -->","yoast_head_json":{"title":"Dos mujeres se lanzaron de un taxi en el que les iban a robar en Medell\u00edn; los taxistas sonrieron para la foto de la polic\u00eda - PRENSA PAISA","robots":{"index":"index","follow":"follow","max-snippet":"max-snippet:-1","max-image-preview":"max-image-preview:large","max-video-preview":"max-video-preview:-1"},"canonical":"https:\/\/prensapaisa.com\/index.php\/2024\/08\/25\/dos-mujeres-se-lanzaron-de-un-taxi-en-el-que-les-iban-a-robar-en-medellin-los-taxista-sonrieron-para-la-foto-de-la-policia\/","og_locale":"es_ES","og_type":"article","og_title":"Dos mujeres se lanzaron de un taxi en el que les iban a robar en Medell\u00edn; los taxistas sonrieron para la foto de la polic\u00eda - PRENSA PAISA","og_description":"Prensapaisa.com &#8220;Dos hombres fueron enviados a prisi\u00f3n por, presuntamente, secuestrar a dos mujeres en un taxi en el barrio El Poblado de Medell\u00edn. Seg\u00fan la Fiscal\u00eda, Jhoan David Pati\u00f1o Zapata&hellip;","og_url":"https:\/\/prensapaisa.com\/index.php\/2024\/08\/25\/dos-mujeres-se-lanzaron-de-un-taxi-en-el-que-les-iban-a-robar-en-medellin-los-taxista-sonrieron-para-la-foto-de-la-policia\/","og_site_name":"PRENSA PAISA","article_published_time":"2024-08-26T01:52:09+00:00","article_modified_time":"2024-08-26T01:52:50+00:00","og_image":[{"width":1290,"height":1014,"url":"https:\/\/prensapaisa.com\/wp-content\/uploads\/2024\/08\/456669528_538467508748241_8972592536775371034_n.jpg","type":"image\/jpeg"}],"author":"noticias@prensapaisa.com","twitter_card":"summary_large_image","twitter_misc":{"Escrito por":"noticias@prensapaisa.com","Tiempo de lectura":"2 minutos"},"schema":{"@context":"https:\/\/schema.org","@graph":[{"@type":"Article","@id":"https:\/\/prensapaisa.com\/index.php\/2024\/08\/25\/dos-mujeres-se-lanzaron-de-un-taxi-en-el-que-les-iban-a-robar-en-medellin-los-taxista-sonrieron-para-la-foto-de-la-policia\/#article","isPartOf":{"@id":"https:\/\/prensapaisa.com\/index.php\/2024\/08\/25\/dos-mujeres-se-lanzaron-de-un-taxi-en-el-que-les-iban-a-robar-en-medellin-los-taxista-sonrieron-para-la-foto-de-la-policia\/"},"author":{"name":"noticias@prensapaisa.com","@id":"https:\/\/prensapaisa.com\/#\/schema\/person\/c5899b8b285dbcd70faec88a7c1579f6"},"headline":"Dos mujeres se lanzaron de un taxi en el que les iban a robar en Medell\u00edn; los taxistas sonrieron para la foto de la polic\u00eda","datePublished":"2024-08-26T01:52:09+00:00","dateModified":"2024-08-26T01:52:50+00:00","mainEntityOfPage":{"@id":"https:\/\/prensapaisa.com\/index.php\/2024\/08\/25\/dos-mujeres-se-lanzaron-de-un-taxi-en-el-que-les-iban-a-robar-en-medellin-los-taxista-sonrieron-para-la-foto-de-la-policia\/"},"wordCount":314,"commentCount":0,"publisher":{"@id":"https:\/\/prensapaisa.com\/#organization"},"image":{"@id":"https:\/\/prensapaisa.com\/index.php\/2024\/08\/25\/dos-mujeres-se-lanzaron-de-un-taxi-en-el-que-les-iban-a-robar-en-medellin-los-taxista-sonrieron-para-la-foto-de-la-policia\/#primaryimage"},"thumbnailUrl":"https:\/\/prensapaisa.com\/wp-content\/uploads\/2024\/08\/456669528_538467508748241_8972592536775371034_n.jpg","articleSection":["Capturas","Denuncias","Municipios","Noticias","Orden Publico","Redes Sociales"],"inLanguage":"es-CO","potentialAction":[{"@type":"CommentAction","name":"Comment","target":["https:\/\/prensapaisa.com\/index.php\/2024\/08\/25\/dos-mujeres-se-lanzaron-de-un-taxi-en-el-que-les-iban-a-robar-en-medellin-los-taxista-sonrieron-para-la-foto-de-la-policia\/#respond"]}]},{"@type":"WebPage","@id":"https:\/\/prensapaisa.com\/index.php\/2024\/08\/25\/dos-mujeres-se-lanzaron-de-un-taxi-en-el-que-les-iban-a-robar-en-medellin-los-taxista-sonrieron-para-la-foto-de-la-policia\/","url":"https:\/\/prensapaisa.com\/index.php\/2024\/08\/25\/dos-mujeres-se-lanzaron-de-un-taxi-en-el-que-les-iban-a-robar-en-medellin-los-taxista-sonrieron-para-la-foto-de-la-policia\/","name":"Dos mujeres se lanzaron de un taxi en el que les iban a robar en Medell\u00edn; los taxistas sonrieron para la foto de la polic\u00eda - PRENSA PAISA","isPartOf":{"@id":"https:\/\/prensapaisa.com\/#website"},"primaryImageOfPage":{"@id":"https:\/\/prensapaisa.com\/index.php\/2024\/08\/25\/dos-mujeres-se-lanzaron-de-un-taxi-en-el-que-les-iban-a-robar-en-medellin-los-taxista-sonrieron-para-la-foto-de-la-policia\/#primaryimage"},"image":{"@id":"https:\/\/prensapaisa.com\/index.php\/2024\/08\/25\/dos-mujeres-se-lanzaron-de-un-taxi-en-el-que-les-iban-a-robar-en-medellin-los-taxista-sonrieron-para-la-foto-de-la-policia\/#primaryimage"},"thumbnailUrl":"https:\/\/prensapaisa.com\/wp-content\/uploads\/2024\/08\/456669528_538467508748241_8972592536775371034_n.jpg","datePublished":"2024-08-26T01:52:09+00:00","dateModified":"2024-08-26T01:52:50+00:00","breadcrumb":{"@id":"https:\/\/prensapaisa.com\/index.php\/2024\/08\/25\/dos-mujeres-se-lanzaron-de-un-taxi-en-el-que-les-iban-a-robar-en-medellin-los-taxista-sonrieron-para-la-foto-de-la-policia\/#breadcrumb"},"inLanguage":"es-CO","potentialAction":[{"@type":"ReadAction","target":["https:\/\/prensapaisa.com\/index.php\/2024\/08\/25\/dos-mujeres-se-lanzaron-de-un-taxi-en-el-que-les-iban-a-robar-en-medellin-los-taxista-sonrieron-para-la-foto-de-la-policia\/"]}]},{"@type":"ImageObject","inLanguage":"es-CO","@id":"https:\/\/prensapaisa.com\/index.php\/2024\/08\/25\/dos-mujeres-se-lanzaron-de-un-taxi-en-el-que-les-iban-a-robar-en-medellin-los-taxista-sonrieron-para-la-foto-de-la-policia\/#primaryimage","url":"https:\/\/prensapaisa.com\/wp-content\/uploads\/2024\/08\/456669528_538467508748241_8972592536775371034_n.jpg","contentUrl":"https:\/\/prensapaisa.com\/wp-content\/uploads\/2024\/08\/456669528_538467508748241_8972592536775371034_n.jpg","width":1290,"height":1014},{"@type":"BreadcrumbList","@id":"https:\/\/prensapaisa.com\/index.php\/2024\/08\/25\/dos-mujeres-se-lanzaron-de-un-taxi-en-el-que-les-iban-a-robar-en-medellin-los-taxista-sonrieron-para-la-foto-de-la-policia\/#breadcrumb","itemListElement":[{"@type":"ListItem","position":1,"name":"Inicio","item":"https:\/\/prensapaisa.com\/"},{"@type":"ListItem","position":2,"name":"Dos mujeres se lanzaron de un taxi en el que les iban a robar en Medell\u00edn; los taxistas sonrieron para la foto de la polic\u00eda"}]},{"@type":"WebSite","@id":"https:\/\/prensapaisa.com\/#website","url":"https:\/\/prensapaisa.com\/","name":"PRENSA PAISA","description":"Prensa Paisa la Original | Noticias de Medell\u00edn, Antioquia","publisher":{"@id":"https:\/\/prensapaisa.com\/#organization"},"potentialAction":[{"@type":"SearchAction","target":{"@type":"EntryPoint","urlTemplate":"https:\/\/prensapaisa.com\/?s={search_term_string}"},"query-input":{"@type":"PropertyValueSpecification","valueRequired":true,"valueName":"search_term_string"}}],"inLanguage":"es-CO"},{"@type":"Organization","@id":"https:\/\/prensapaisa.com\/#organization","name":"PRENSA PAISA","url":"https:\/\/prensapaisa.com\/","logo":{"@type":"ImageObject","inLanguage":"es-CO","@id":"https:\/\/prensapaisa.com\/#\/schema\/logo\/image\/","url":"https:\/\/prensapaisa.com\/wp-content\/uploads\/2022\/05\/cropped-cropped-prensa.png","contentUrl":"https:\/\/prensapaisa.com\/wp-content\/uploads\/2022\/05\/cropped-cropped-prensa.png","width":784,"height":524,"caption":"PRENSA PAISA"},"image":{"@id":"https:\/\/prensapaisa.com\/#\/schema\/logo\/image\/"}},{"@type":"Person","@id":"https:\/\/prensapaisa.com\/#\/schema\/person\/c5899b8b285dbcd70faec88a7c1579f6","name":"noticias@prensapaisa.com","image":{"@type":"ImageObject","inLanguage":"es-CO","@id":"https:\/\/secure.gravatar.com\/avatar\/ca2b49c1df14b84557c567431f045ea69c8ea5da2da50309fd4de9b811da0433?s=96&d=mm&r=g","url":"https:\/\/secure.gravatar.com\/avatar\/ca2b49c1df14b84557c567431f045ea69c8ea5da2da50309fd4de9b811da0433?s=96&d=mm&r=g","contentUrl":"https:\/\/secure.gravatar.com\/avatar\/ca2b49c1df14b84557c567431f045ea69c8ea5da2da50309fd4de9b811da0433?s=96&d=mm&r=g","caption":"noticias@prensapaisa.com"},"sameAs":["http:\/\/prensapaisa.com"],"url":"https:\/\/prensapaisa.com\/index.php\/author\/prensapaisagmail-com\/"}]}},"_links":{"self":[{"href":"https:\/\/prensapaisa.com\/index.php\/wp-json\/wp\/v2\/posts\/13319","targetHints":{"allow":["GET"]}}],"collection":[{"href":"https:\/\/prensapaisa.com\/index.php\/wp-json\/wp\/v2\/posts"}],"about":[{"href":"https:\/\/prensapaisa.com\/index.php\/wp-json\/wp\/v2\/types\/post"}],"author":[{"embeddable":true,"href":"https:\/\/prensapaisa.com\/index.php\/wp-json\/wp\/v2\/users\/1"}],"replies":[{"embeddable":true,"href":"https:\/\/prensapaisa.com\/index.php\/wp-json\/wp\/v2\/comments?post=13319"}],"version-history":[{"count":2,"href":"https:\/\/prensapaisa.com\/index.php\/wp-json\/wp\/v2\/posts\/13319\/revisions"}],"predecessor-version":[{"id":13322,"href":"https:\/\/prensapaisa.com\/index.php\/wp-json\/wp\/v2\/posts\/13319\/revisions\/13322"}],"wp:featuredmedia":[{"embeddable":true,"href":"https:\/\/prensapaisa.com\/index.php\/wp-json\/wp\/v2\/media\/13320"}],"wp:attachment":[{"href":"https:\/\/prensapaisa.com\/index.php\/wp-json\/wp\/v2\/media?parent=13319"}],"wp:term":[{"taxonomy":"category","embeddable":true,"href":"https:\/\/prensapaisa.com\/index.php\/wp-json\/wp\/v2\/categories?post=13319"},{"taxonomy":"post_tag","embeddable":true,"href":"https:\/\/prensapaisa.com\/index.php\/wp-json\/wp\/v2\/tags?post=13319"}],"curies":[{"name":"wp","href":"https:\/\/api.w.org\/{rel}","templated":true}]}}