{"id":13238,"date":"2024-08-01T14:47:05","date_gmt":"2024-08-01T19:47:05","guid":{"rendered":"https:\/\/prensapaisa.com\/?p=13238"},"modified":"2024-08-01T14:47:06","modified_gmt":"2024-08-01T19:47:06","slug":"paisa-fallecio-cuando-se-fue-a-cruzar-la-frontera-para-cumplir-el-sueno-americano","status":"publish","type":"post","link":"https:\/\/prensapaisa.com\/index.php\/2024\/08\/01\/paisa-fallecio-cuando-se-fue-a-cruzar-la-frontera-para-cumplir-el-sueno-americano\/","title":{"rendered":"Paisa falleci\u00f3 cuando se fue a cruzar la frontera para cumplir el sue\u00f1o americano"},"content":{"rendered":"\n<p>&#8220;Una chica muri\u00f3 cuando intent\u00f3 de cruzar a Estados Unidos por la zona agreste de Tecate. Esta mujer recorri\u00f3 un trayecto de m\u00e1s de 5 mil kil\u00f3metros en busca del sue\u00f1o americano del que se qued\u00f3 a unos metros de la frontera entre M\u00e9xico y Estados Unidos.<\/p>\n\n\n\n<p>El cad\u00e1ver fue ubicado en la zona de Jacume, en una ruta del tr\u00e1fico internacional de personas que utiliza el crimen organizado.<\/p>\n\n\n\n<p>El <a><\/a>cuerpo de la mujer identificada por documentos como Michel Andrea Agudelo, de 22 a\u00f1os de edad y originaria de Medell\u00edn, Colombia, se encontr\u00f3 a tan solo unos metros de California.<\/p>\n\n\n\n<p>Se estima que formaba parte de un grupo de migrantes que cruz\u00f3 a Estados Unidos y ante sus complicaciones de salud fue abandonada por el gu\u00eda en el trasiego de personas.<\/p>\n\n\n\n<p>La v\u00edctima ten\u00eda antecedentes card\u00edacos y sobrepeso por lo que se determin\u00f3 que se trat\u00f3 de muerte natural.<\/p>\n\n\n\n<p>Sus parientes realizan una campa\u00f1a en redes sociales donde piden ayuda para repatriar su cuerpo&#8221;.<\/p>\n\n\n\n<figure class=\"wp-block-image size-full\"><img fetchpriority=\"high\" decoding=\"async\" width=\"953\" height=\"960\" src=\"https:\/\/prensapaisa.com\/wp-content\/uploads\/2024\/08\/453241560_522443377017321_8856660779605794737_n.jpg\" alt=\"\" class=\"wp-image-13244\" srcset=\"https:\/\/prensapaisa.com\/wp-content\/uploads\/2024\/08\/453241560_522443377017321_8856660779605794737_n.jpg 953w, https:\/\/prensapaisa.com\/wp-content\/uploads\/2024\/08\/453241560_522443377017321_8856660779605794737_n-298x300.jpg 298w, https:\/\/prensapaisa.com\/wp-content\/uploads\/2024\/08\/453241560_522443377017321_8856660779605794737_n-150x150.jpg 150w, https:\/\/prensapaisa.com\/wp-content\/uploads\/2024\/08\/453241560_522443377017321_8856660779605794737_n-768x774.jpg 768w, https:\/\/prensapaisa.com\/wp-content\/uploads\/2024\/08\/453241560_522443377017321_8856660779605794737_n-585x589.jpg 585w\" sizes=\"(max-width: 953px) 100vw, 953px\" \/><\/figure>\n\n\n\n<figure class=\"wp-block-image size-large\"><img decoding=\"async\" width=\"667\" height=\"1024\" src=\"https:\/\/prensapaisa.com\/wp-content\/uploads\/2024\/08\/453388139_522443767017282_7943948509365970682_n-667x1024.jpg\" alt=\"\" class=\"wp-image-13243\" srcset=\"https:\/\/prensapaisa.com\/wp-content\/uploads\/2024\/08\/453388139_522443767017282_7943948509365970682_n-667x1024.jpg 667w, https:\/\/prensapaisa.com\/wp-content\/uploads\/2024\/08\/453388139_522443767017282_7943948509365970682_n-195x300.jpg 195w, https:\/\/prensapaisa.com\/wp-content\/uploads\/2024\/08\/453388139_522443767017282_7943948509365970682_n-768x1179.jpg 768w, https:\/\/prensapaisa.com\/wp-content\/uploads\/2024\/08\/453388139_522443767017282_7943948509365970682_n-1001x1536.jpg 1001w, https:\/\/prensapaisa.com\/wp-content\/uploads\/2024\/08\/453388139_522443767017282_7943948509365970682_n-1170x1796.jpg 1170w, https:\/\/prensapaisa.com\/wp-content\/uploads\/2024\/08\/453388139_522443767017282_7943948509365970682_n-585x898.jpg 585w, https:\/\/prensapaisa.com\/wp-content\/uploads\/2024\/08\/453388139_522443767017282_7943948509365970682_n.jpg 1290w\" sizes=\"(max-width: 667px) 100vw, 667px\" \/><\/figure>\n\n\n\n<figure class=\"wp-block-image size-large\"><img decoding=\"async\" width=\"671\" height=\"1024\" src=\"https:\/\/prensapaisa.com\/wp-content\/uploads\/2024\/08\/453402802_522443980350594_9206768883400039453_n-671x1024.jpg\" alt=\"\" class=\"wp-image-13242\" srcset=\"https:\/\/prensapaisa.com\/wp-content\/uploads\/2024\/08\/453402802_522443980350594_9206768883400039453_n-671x1024.jpg 671w, https:\/\/prensapaisa.com\/wp-content\/uploads\/2024\/08\/453402802_522443980350594_9206768883400039453_n-197x300.jpg 197w, https:\/\/prensapaisa.com\/wp-content\/uploads\/2024\/08\/453402802_522443980350594_9206768883400039453_n-768x1172.jpg 768w, https:\/\/prensapaisa.com\/wp-content\/uploads\/2024\/08\/453402802_522443980350594_9206768883400039453_n-1007x1536.jpg 1007w, https:\/\/prensapaisa.com\/wp-content\/uploads\/2024\/08\/453402802_522443980350594_9206768883400039453_n-1170x1785.jpg 1170w, https:\/\/prensapaisa.com\/wp-content\/uploads\/2024\/08\/453402802_522443980350594_9206768883400039453_n-585x892.jpg 585w, https:\/\/prensapaisa.com\/wp-content\/uploads\/2024\/08\/453402802_522443980350594_9206768883400039453_n.jpg 1290w\" sizes=\"(max-width: 671px) 100vw, 671px\" \/><\/figure>\n\n\n\n<figure class=\"wp-block-image size-large\"><img loading=\"lazy\" decoding=\"async\" width=\"1024\" height=\"981\" src=\"https:\/\/prensapaisa.com\/wp-content\/uploads\/2024\/08\/453072016_522444097017249_1693783132610778737_n-1024x981.jpg\" alt=\"\" class=\"wp-image-13241\" srcset=\"https:\/\/prensapaisa.com\/wp-content\/uploads\/2024\/08\/453072016_522444097017249_1693783132610778737_n-1024x981.jpg 1024w, https:\/\/prensapaisa.com\/wp-content\/uploads\/2024\/08\/453072016_522444097017249_1693783132610778737_n-300x287.jpg 300w, https:\/\/prensapaisa.com\/wp-content\/uploads\/2024\/08\/453072016_522444097017249_1693783132610778737_n-768x736.jpg 768w, https:\/\/prensapaisa.com\/wp-content\/uploads\/2024\/08\/453072016_522444097017249_1693783132610778737_n-1170x1121.jpg 1170w, https:\/\/prensapaisa.com\/wp-content\/uploads\/2024\/08\/453072016_522444097017249_1693783132610778737_n-585x561.jpg 585w, https:\/\/prensapaisa.com\/wp-content\/uploads\/2024\/08\/453072016_522444097017249_1693783132610778737_n.jpg 1290w\" sizes=\"(max-width: 1024px) 100vw, 1024px\" \/><\/figure>\n\n\n\n<figure class=\"wp-block-image size-full\"><img loading=\"lazy\" decoding=\"async\" width=\"600\" height=\"527\" src=\"https:\/\/prensapaisa.com\/wp-content\/uploads\/2024\/08\/453404075_522443677017291_9124404682905194720_n.jpg\" alt=\"\" class=\"wp-image-13240\" srcset=\"https:\/\/prensapaisa.com\/wp-content\/uploads\/2024\/08\/453404075_522443677017291_9124404682905194720_n.jpg 600w, https:\/\/prensapaisa.com\/wp-content\/uploads\/2024\/08\/453404075_522443677017291_9124404682905194720_n-300x264.jpg 300w, https:\/\/prensapaisa.com\/wp-content\/uploads\/2024\/08\/453404075_522443677017291_9124404682905194720_n-585x514.jpg 585w\" sizes=\"(max-width: 600px) 100vw, 600px\" \/><\/figure>\n\n\n\n<figure class=\"wp-block-image size-full\"><img loading=\"lazy\" decoding=\"async\" width=\"535\" height=\"402\" src=\"https:\/\/prensapaisa.com\/wp-content\/uploads\/2024\/08\/453431816_522443330350659_7567874440251741991_n.jpg\" alt=\"\" class=\"wp-image-13239\" srcset=\"https:\/\/prensapaisa.com\/wp-content\/uploads\/2024\/08\/453431816_522443330350659_7567874440251741991_n.jpg 535w, https:\/\/prensapaisa.com\/wp-content\/uploads\/2024\/08\/453431816_522443330350659_7567874440251741991_n-300x225.jpg 300w\" sizes=\"(max-width: 535px) 100vw, 535px\" \/><\/figure>\n","protected":false},"excerpt":{"rendered":"<p>&#8220;Una chica muri\u00f3 cuando intent\u00f3 de cruzar a Estados Unidos por la zona agreste de Tecate. Esta mujer recorri\u00f3 un trayecto de m\u00e1s de 5 mil kil\u00f3metros en busca del&hellip;<\/p>\n","protected":false},"author":1,"featured_media":13240,"comment_status":"open","ping_status":"open","sticky":false,"template":"","format":"standard","meta":{"footnotes":""},"categories":[43,1,46],"tags":[],"class_list":["post-13238","post","type-post","status-publish","format-standard","has-post-thumbnail","hentry","category-fallecidos","category-noticias","category-redes-sociales"],"yoast_head":"<!-- This site is optimized with the Yoast SEO plugin v27.4 - https:\/\/yoast.com\/product\/yoast-seo-wordpress\/ -->\n<title>Paisa falleci\u00f3 cuando se fue a cruzar la frontera para cumplir el sue\u00f1o americano - PRENSA PAISA<\/title>\n<meta name=\"robots\" content=\"index, follow, max-snippet:-1, max-image-preview:large, max-video-preview:-1\" \/>\n<link rel=\"canonical\" href=\"https:\/\/prensapaisa.com\/index.php\/2024\/08\/01\/paisa-fallecio-cuando-se-fue-a-cruzar-la-frontera-para-cumplir-el-sueno-americano\/\" \/>\n<meta property=\"og:locale\" content=\"es_ES\" \/>\n<meta property=\"og:type\" content=\"article\" \/>\n<meta property=\"og:title\" content=\"Paisa falleci\u00f3 cuando se fue a cruzar la frontera para cumplir el sue\u00f1o americano - PRENSA PAISA\" \/>\n<meta property=\"og:description\" content=\"&#8220;Una chica muri\u00f3 cuando intent\u00f3 de cruzar a Estados Unidos por la zona agreste de Tecate. Esta mujer recorri\u00f3 un trayecto de m\u00e1s de 5 mil kil\u00f3metros en busca del&hellip;\" \/>\n<meta property=\"og:url\" content=\"https:\/\/prensapaisa.com\/index.php\/2024\/08\/01\/paisa-fallecio-cuando-se-fue-a-cruzar-la-frontera-para-cumplir-el-sueno-americano\/\" \/>\n<meta property=\"og:site_name\" content=\"PRENSA PAISA\" \/>\n<meta property=\"article:published_time\" content=\"2024-08-01T19:47:05+00:00\" \/>\n<meta property=\"article:modified_time\" content=\"2024-08-01T19:47:06+00:00\" \/>\n<meta property=\"og:image\" content=\"https:\/\/prensapaisa.com\/wp-content\/uploads\/2024\/08\/453404075_522443677017291_9124404682905194720_n.jpg\" \/>\n\t<meta property=\"og:image:width\" content=\"600\" \/>\n\t<meta property=\"og:image:height\" content=\"527\" \/>\n\t<meta property=\"og:image:type\" content=\"image\/jpeg\" \/>\n<meta name=\"author\" content=\"noticias@prensapaisa.com\" \/>\n<meta name=\"twitter:card\" content=\"summary_large_image\" \/>\n<meta name=\"twitter:label1\" content=\"Escrito por\" \/>\n\t<meta name=\"twitter:data1\" content=\"noticias@prensapaisa.com\" \/>\n\t<meta name=\"twitter:label2\" content=\"Tiempo de lectura\" \/>\n\t<meta name=\"twitter:data2\" content=\"3 minutos\" \/>\n<script type=\"application\/ld+json\" class=\"yoast-schema-graph\">{\"@context\":\"https:\\\/\\\/schema.org\",\"@graph\":[{\"@type\":\"Article\",\"@id\":\"https:\\\/\\\/prensapaisa.com\\\/index.php\\\/2024\\\/08\\\/01\\\/paisa-fallecio-cuando-se-fue-a-cruzar-la-frontera-para-cumplir-el-sueno-americano\\\/#article\",\"isPartOf\":{\"@id\":\"https:\\\/\\\/prensapaisa.com\\\/index.php\\\/2024\\\/08\\\/01\\\/paisa-fallecio-cuando-se-fue-a-cruzar-la-frontera-para-cumplir-el-sueno-americano\\\/\"},\"author\":{\"name\":\"noticias@prensapaisa.com\",\"@id\":\"https:\\\/\\\/prensapaisa.com\\\/#\\\/schema\\\/person\\\/c5899b8b285dbcd70faec88a7c1579f6\"},\"headline\":\"Paisa falleci\u00f3 cuando se fue a cruzar la frontera para cumplir el sue\u00f1o americano\",\"datePublished\":\"2024-08-01T19:47:05+00:00\",\"dateModified\":\"2024-08-01T19:47:06+00:00\",\"mainEntityOfPage\":{\"@id\":\"https:\\\/\\\/prensapaisa.com\\\/index.php\\\/2024\\\/08\\\/01\\\/paisa-fallecio-cuando-se-fue-a-cruzar-la-frontera-para-cumplir-el-sueno-americano\\\/\"},\"wordCount\":190,\"commentCount\":0,\"publisher\":{\"@id\":\"https:\\\/\\\/prensapaisa.com\\\/#organization\"},\"image\":{\"@id\":\"https:\\\/\\\/prensapaisa.com\\\/index.php\\\/2024\\\/08\\\/01\\\/paisa-fallecio-cuando-se-fue-a-cruzar-la-frontera-para-cumplir-el-sueno-americano\\\/#primaryimage\"},\"thumbnailUrl\":\"https:\\\/\\\/prensapaisa.com\\\/wp-content\\\/uploads\\\/2024\\\/08\\\/453404075_522443677017291_9124404682905194720_n.jpg\",\"articleSection\":[\"Fallecidos\",\"Noticias\",\"Redes Sociales\"],\"inLanguage\":\"es-CO\",\"potentialAction\":[{\"@type\":\"CommentAction\",\"name\":\"Comment\",\"target\":[\"https:\\\/\\\/prensapaisa.com\\\/index.php\\\/2024\\\/08\\\/01\\\/paisa-fallecio-cuando-se-fue-a-cruzar-la-frontera-para-cumplir-el-sueno-americano\\\/#respond\"]}]},{\"@type\":\"WebPage\",\"@id\":\"https:\\\/\\\/prensapaisa.com\\\/index.php\\\/2024\\\/08\\\/01\\\/paisa-fallecio-cuando-se-fue-a-cruzar-la-frontera-para-cumplir-el-sueno-americano\\\/\",\"url\":\"https:\\\/\\\/prensapaisa.com\\\/index.php\\\/2024\\\/08\\\/01\\\/paisa-fallecio-cuando-se-fue-a-cruzar-la-frontera-para-cumplir-el-sueno-americano\\\/\",\"name\":\"Paisa falleci\u00f3 cuando se fue a cruzar la frontera para cumplir el sue\u00f1o americano - PRENSA PAISA\",\"isPartOf\":{\"@id\":\"https:\\\/\\\/prensapaisa.com\\\/#website\"},\"primaryImageOfPage\":{\"@id\":\"https:\\\/\\\/prensapaisa.com\\\/index.php\\\/2024\\\/08\\\/01\\\/paisa-fallecio-cuando-se-fue-a-cruzar-la-frontera-para-cumplir-el-sueno-americano\\\/#primaryimage\"},\"image\":{\"@id\":\"https:\\\/\\\/prensapaisa.com\\\/index.php\\\/2024\\\/08\\\/01\\\/paisa-fallecio-cuando-se-fue-a-cruzar-la-frontera-para-cumplir-el-sueno-americano\\\/#primaryimage\"},\"thumbnailUrl\":\"https:\\\/\\\/prensapaisa.com\\\/wp-content\\\/uploads\\\/2024\\\/08\\\/453404075_522443677017291_9124404682905194720_n.jpg\",\"datePublished\":\"2024-08-01T19:47:05+00:00\",\"dateModified\":\"2024-08-01T19:47:06+00:00\",\"breadcrumb\":{\"@id\":\"https:\\\/\\\/prensapaisa.com\\\/index.php\\\/2024\\\/08\\\/01\\\/paisa-fallecio-cuando-se-fue-a-cruzar-la-frontera-para-cumplir-el-sueno-americano\\\/#breadcrumb\"},\"inLanguage\":\"es-CO\",\"potentialAction\":[{\"@type\":\"ReadAction\",\"target\":[\"https:\\\/\\\/prensapaisa.com\\\/index.php\\\/2024\\\/08\\\/01\\\/paisa-fallecio-cuando-se-fue-a-cruzar-la-frontera-para-cumplir-el-sueno-americano\\\/\"]}]},{\"@type\":\"ImageObject\",\"inLanguage\":\"es-CO\",\"@id\":\"https:\\\/\\\/prensapaisa.com\\\/index.php\\\/2024\\\/08\\\/01\\\/paisa-fallecio-cuando-se-fue-a-cruzar-la-frontera-para-cumplir-el-sueno-americano\\\/#primaryimage\",\"url\":\"https:\\\/\\\/prensapaisa.com\\\/wp-content\\\/uploads\\\/2024\\\/08\\\/453404075_522443677017291_9124404682905194720_n.jpg\",\"contentUrl\":\"https:\\\/\\\/prensapaisa.com\\\/wp-content\\\/uploads\\\/2024\\\/08\\\/453404075_522443677017291_9124404682905194720_n.jpg\",\"width\":600,\"height\":527},{\"@type\":\"BreadcrumbList\",\"@id\":\"https:\\\/\\\/prensapaisa.com\\\/index.php\\\/2024\\\/08\\\/01\\\/paisa-fallecio-cuando-se-fue-a-cruzar-la-frontera-para-cumplir-el-sueno-americano\\\/#breadcrumb\",\"itemListElement\":[{\"@type\":\"ListItem\",\"position\":1,\"name\":\"Inicio\",\"item\":\"https:\\\/\\\/prensapaisa.com\\\/\"},{\"@type\":\"ListItem\",\"position\":2,\"name\":\"Paisa falleci\u00f3 cuando se fue a cruzar la frontera para cumplir el sue\u00f1o americano\"}]},{\"@type\":\"WebSite\",\"@id\":\"https:\\\/\\\/prensapaisa.com\\\/#website\",\"url\":\"https:\\\/\\\/prensapaisa.com\\\/\",\"name\":\"PRENSA PAISA\",\"description\":\"Prensa Paisa la Original | Noticias de Medell\u00edn, Antioquia\",\"publisher\":{\"@id\":\"https:\\\/\\\/prensapaisa.com\\\/#organization\"},\"potentialAction\":[{\"@type\":\"SearchAction\",\"target\":{\"@type\":\"EntryPoint\",\"urlTemplate\":\"https:\\\/\\\/prensapaisa.com\\\/?s={search_term_string}\"},\"query-input\":{\"@type\":\"PropertyValueSpecification\",\"valueRequired\":true,\"valueName\":\"search_term_string\"}}],\"inLanguage\":\"es-CO\"},{\"@type\":\"Organization\",\"@id\":\"https:\\\/\\\/prensapaisa.com\\\/#organization\",\"name\":\"PRENSA PAISA\",\"url\":\"https:\\\/\\\/prensapaisa.com\\\/\",\"logo\":{\"@type\":\"ImageObject\",\"inLanguage\":\"es-CO\",\"@id\":\"https:\\\/\\\/prensapaisa.com\\\/#\\\/schema\\\/logo\\\/image\\\/\",\"url\":\"https:\\\/\\\/prensapaisa.com\\\/wp-content\\\/uploads\\\/2022\\\/05\\\/cropped-cropped-prensa.png\",\"contentUrl\":\"https:\\\/\\\/prensapaisa.com\\\/wp-content\\\/uploads\\\/2022\\\/05\\\/cropped-cropped-prensa.png\",\"width\":784,\"height\":524,\"caption\":\"PRENSA PAISA\"},\"image\":{\"@id\":\"https:\\\/\\\/prensapaisa.com\\\/#\\\/schema\\\/logo\\\/image\\\/\"}},{\"@type\":\"Person\",\"@id\":\"https:\\\/\\\/prensapaisa.com\\\/#\\\/schema\\\/person\\\/c5899b8b285dbcd70faec88a7c1579f6\",\"name\":\"noticias@prensapaisa.com\",\"image\":{\"@type\":\"ImageObject\",\"inLanguage\":\"es-CO\",\"@id\":\"https:\\\/\\\/secure.gravatar.com\\\/avatar\\\/ca2b49c1df14b84557c567431f045ea69c8ea5da2da50309fd4de9b811da0433?s=96&d=mm&r=g\",\"url\":\"https:\\\/\\\/secure.gravatar.com\\\/avatar\\\/ca2b49c1df14b84557c567431f045ea69c8ea5da2da50309fd4de9b811da0433?s=96&d=mm&r=g\",\"contentUrl\":\"https:\\\/\\\/secure.gravatar.com\\\/avatar\\\/ca2b49c1df14b84557c567431f045ea69c8ea5da2da50309fd4de9b811da0433?s=96&d=mm&r=g\",\"caption\":\"noticias@prensapaisa.com\"},\"sameAs\":[\"http:\\\/\\\/prensapaisa.com\"],\"url\":\"https:\\\/\\\/prensapaisa.com\\\/index.php\\\/author\\\/prensapaisagmail-com\\\/\"}]}<\/script>\n<!-- \/ Yoast SEO plugin. -->","yoast_head_json":{"title":"Paisa falleci\u00f3 cuando se fue a cruzar la frontera para cumplir el sue\u00f1o americano - PRENSA PAISA","robots":{"index":"index","follow":"follow","max-snippet":"max-snippet:-1","max-image-preview":"max-image-preview:large","max-video-preview":"max-video-preview:-1"},"canonical":"https:\/\/prensapaisa.com\/index.php\/2024\/08\/01\/paisa-fallecio-cuando-se-fue-a-cruzar-la-frontera-para-cumplir-el-sueno-americano\/","og_locale":"es_ES","og_type":"article","og_title":"Paisa falleci\u00f3 cuando se fue a cruzar la frontera para cumplir el sue\u00f1o americano - PRENSA PAISA","og_description":"&#8220;Una chica muri\u00f3 cuando intent\u00f3 de cruzar a Estados Unidos por la zona agreste de Tecate. Esta mujer recorri\u00f3 un trayecto de m\u00e1s de 5 mil kil\u00f3metros en busca del&hellip;","og_url":"https:\/\/prensapaisa.com\/index.php\/2024\/08\/01\/paisa-fallecio-cuando-se-fue-a-cruzar-la-frontera-para-cumplir-el-sueno-americano\/","og_site_name":"PRENSA PAISA","article_published_time":"2024-08-01T19:47:05+00:00","article_modified_time":"2024-08-01T19:47:06+00:00","og_image":[{"width":600,"height":527,"url":"https:\/\/prensapaisa.com\/wp-content\/uploads\/2024\/08\/453404075_522443677017291_9124404682905194720_n.jpg","type":"image\/jpeg"}],"author":"noticias@prensapaisa.com","twitter_card":"summary_large_image","twitter_misc":{"Escrito por":"noticias@prensapaisa.com","Tiempo de lectura":"3 minutos"},"schema":{"@context":"https:\/\/schema.org","@graph":[{"@type":"Article","@id":"https:\/\/prensapaisa.com\/index.php\/2024\/08\/01\/paisa-fallecio-cuando-se-fue-a-cruzar-la-frontera-para-cumplir-el-sueno-americano\/#article","isPartOf":{"@id":"https:\/\/prensapaisa.com\/index.php\/2024\/08\/01\/paisa-fallecio-cuando-se-fue-a-cruzar-la-frontera-para-cumplir-el-sueno-americano\/"},"author":{"name":"noticias@prensapaisa.com","@id":"https:\/\/prensapaisa.com\/#\/schema\/person\/c5899b8b285dbcd70faec88a7c1579f6"},"headline":"Paisa falleci\u00f3 cuando se fue a cruzar la frontera para cumplir el sue\u00f1o americano","datePublished":"2024-08-01T19:47:05+00:00","dateModified":"2024-08-01T19:47:06+00:00","mainEntityOfPage":{"@id":"https:\/\/prensapaisa.com\/index.php\/2024\/08\/01\/paisa-fallecio-cuando-se-fue-a-cruzar-la-frontera-para-cumplir-el-sueno-americano\/"},"wordCount":190,"commentCount":0,"publisher":{"@id":"https:\/\/prensapaisa.com\/#organization"},"image":{"@id":"https:\/\/prensapaisa.com\/index.php\/2024\/08\/01\/paisa-fallecio-cuando-se-fue-a-cruzar-la-frontera-para-cumplir-el-sueno-americano\/#primaryimage"},"thumbnailUrl":"https:\/\/prensapaisa.com\/wp-content\/uploads\/2024\/08\/453404075_522443677017291_9124404682905194720_n.jpg","articleSection":["Fallecidos","Noticias","Redes Sociales"],"inLanguage":"es-CO","potentialAction":[{"@type":"CommentAction","name":"Comment","target":["https:\/\/prensapaisa.com\/index.php\/2024\/08\/01\/paisa-fallecio-cuando-se-fue-a-cruzar-la-frontera-para-cumplir-el-sueno-americano\/#respond"]}]},{"@type":"WebPage","@id":"https:\/\/prensapaisa.com\/index.php\/2024\/08\/01\/paisa-fallecio-cuando-se-fue-a-cruzar-la-frontera-para-cumplir-el-sueno-americano\/","url":"https:\/\/prensapaisa.com\/index.php\/2024\/08\/01\/paisa-fallecio-cuando-se-fue-a-cruzar-la-frontera-para-cumplir-el-sueno-americano\/","name":"Paisa falleci\u00f3 cuando se fue a cruzar la frontera para cumplir el sue\u00f1o americano - PRENSA PAISA","isPartOf":{"@id":"https:\/\/prensapaisa.com\/#website"},"primaryImageOfPage":{"@id":"https:\/\/prensapaisa.com\/index.php\/2024\/08\/01\/paisa-fallecio-cuando-se-fue-a-cruzar-la-frontera-para-cumplir-el-sueno-americano\/#primaryimage"},"image":{"@id":"https:\/\/prensapaisa.com\/index.php\/2024\/08\/01\/paisa-fallecio-cuando-se-fue-a-cruzar-la-frontera-para-cumplir-el-sueno-americano\/#primaryimage"},"thumbnailUrl":"https:\/\/prensapaisa.com\/wp-content\/uploads\/2024\/08\/453404075_522443677017291_9124404682905194720_n.jpg","datePublished":"2024-08-01T19:47:05+00:00","dateModified":"2024-08-01T19:47:06+00:00","breadcrumb":{"@id":"https:\/\/prensapaisa.com\/index.php\/2024\/08\/01\/paisa-fallecio-cuando-se-fue-a-cruzar-la-frontera-para-cumplir-el-sueno-americano\/#breadcrumb"},"inLanguage":"es-CO","potentialAction":[{"@type":"ReadAction","target":["https:\/\/prensapaisa.com\/index.php\/2024\/08\/01\/paisa-fallecio-cuando-se-fue-a-cruzar-la-frontera-para-cumplir-el-sueno-americano\/"]}]},{"@type":"ImageObject","inLanguage":"es-CO","@id":"https:\/\/prensapaisa.com\/index.php\/2024\/08\/01\/paisa-fallecio-cuando-se-fue-a-cruzar-la-frontera-para-cumplir-el-sueno-americano\/#primaryimage","url":"https:\/\/prensapaisa.com\/wp-content\/uploads\/2024\/08\/453404075_522443677017291_9124404682905194720_n.jpg","contentUrl":"https:\/\/prensapaisa.com\/wp-content\/uploads\/2024\/08\/453404075_522443677017291_9124404682905194720_n.jpg","width":600,"height":527},{"@type":"BreadcrumbList","@id":"https:\/\/prensapaisa.com\/index.php\/2024\/08\/01\/paisa-fallecio-cuando-se-fue-a-cruzar-la-frontera-para-cumplir-el-sueno-americano\/#breadcrumb","itemListElement":[{"@type":"ListItem","position":1,"name":"Inicio","item":"https:\/\/prensapaisa.com\/"},{"@type":"ListItem","position":2,"name":"Paisa falleci\u00f3 cuando se fue a cruzar la frontera para cumplir el sue\u00f1o americano"}]},{"@type":"WebSite","@id":"https:\/\/prensapaisa.com\/#website","url":"https:\/\/prensapaisa.com\/","name":"PRENSA PAISA","description":"Prensa Paisa la Original | Noticias de Medell\u00edn, Antioquia","publisher":{"@id":"https:\/\/prensapaisa.com\/#organization"},"potentialAction":[{"@type":"SearchAction","target":{"@type":"EntryPoint","urlTemplate":"https:\/\/prensapaisa.com\/?s={search_term_string}"},"query-input":{"@type":"PropertyValueSpecification","valueRequired":true,"valueName":"search_term_string"}}],"inLanguage":"es-CO"},{"@type":"Organization","@id":"https:\/\/prensapaisa.com\/#organization","name":"PRENSA PAISA","url":"https:\/\/prensapaisa.com\/","logo":{"@type":"ImageObject","inLanguage":"es-CO","@id":"https:\/\/prensapaisa.com\/#\/schema\/logo\/image\/","url":"https:\/\/prensapaisa.com\/wp-content\/uploads\/2022\/05\/cropped-cropped-prensa.png","contentUrl":"https:\/\/prensapaisa.com\/wp-content\/uploads\/2022\/05\/cropped-cropped-prensa.png","width":784,"height":524,"caption":"PRENSA PAISA"},"image":{"@id":"https:\/\/prensapaisa.com\/#\/schema\/logo\/image\/"}},{"@type":"Person","@id":"https:\/\/prensapaisa.com\/#\/schema\/person\/c5899b8b285dbcd70faec88a7c1579f6","name":"noticias@prensapaisa.com","image":{"@type":"ImageObject","inLanguage":"es-CO","@id":"https:\/\/secure.gravatar.com\/avatar\/ca2b49c1df14b84557c567431f045ea69c8ea5da2da50309fd4de9b811da0433?s=96&d=mm&r=g","url":"https:\/\/secure.gravatar.com\/avatar\/ca2b49c1df14b84557c567431f045ea69c8ea5da2da50309fd4de9b811da0433?s=96&d=mm&r=g","contentUrl":"https:\/\/secure.gravatar.com\/avatar\/ca2b49c1df14b84557c567431f045ea69c8ea5da2da50309fd4de9b811da0433?s=96&d=mm&r=g","caption":"noticias@prensapaisa.com"},"sameAs":["http:\/\/prensapaisa.com"],"url":"https:\/\/prensapaisa.com\/index.php\/author\/prensapaisagmail-com\/"}]}},"_links":{"self":[{"href":"https:\/\/prensapaisa.com\/index.php\/wp-json\/wp\/v2\/posts\/13238","targetHints":{"allow":["GET"]}}],"collection":[{"href":"https:\/\/prensapaisa.com\/index.php\/wp-json\/wp\/v2\/posts"}],"about":[{"href":"https:\/\/prensapaisa.com\/index.php\/wp-json\/wp\/v2\/types\/post"}],"author":[{"embeddable":true,"href":"https:\/\/prensapaisa.com\/index.php\/wp-json\/wp\/v2\/users\/1"}],"replies":[{"embeddable":true,"href":"https:\/\/prensapaisa.com\/index.php\/wp-json\/wp\/v2\/comments?post=13238"}],"version-history":[{"count":1,"href":"https:\/\/prensapaisa.com\/index.php\/wp-json\/wp\/v2\/posts\/13238\/revisions"}],"predecessor-version":[{"id":13245,"href":"https:\/\/prensapaisa.com\/index.php\/wp-json\/wp\/v2\/posts\/13238\/revisions\/13245"}],"wp:featuredmedia":[{"embeddable":true,"href":"https:\/\/prensapaisa.com\/index.php\/wp-json\/wp\/v2\/media\/13240"}],"wp:attachment":[{"href":"https:\/\/prensapaisa.com\/index.php\/wp-json\/wp\/v2\/media?parent=13238"}],"wp:term":[{"taxonomy":"category","embeddable":true,"href":"https:\/\/prensapaisa.com\/index.php\/wp-json\/wp\/v2\/categories?post=13238"},{"taxonomy":"post_tag","embeddable":true,"href":"https:\/\/prensapaisa.com\/index.php\/wp-json\/wp\/v2\/tags?post=13238"}],"curies":[{"name":"wp","href":"https:\/\/api.w.org\/{rel}","templated":true}]}}