{"id":13233,"date":"2024-08-01T14:43:45","date_gmt":"2024-08-01T19:43:45","guid":{"rendered":"https:\/\/prensapaisa.com\/?p=13233"},"modified":"2024-08-01T14:43:46","modified_gmt":"2024-08-01T19:43:46","slug":"conductor-de-aplicacion-fue-asesinado-por-robarle-en-bello","status":"publish","type":"post","link":"https:\/\/prensapaisa.com\/index.php\/2024\/08\/01\/conductor-de-aplicacion-fue-asesinado-por-robarle-en-bello\/","title":{"rendered":"Conductor de aplicaci\u00f3n fue asesinado por robarle en Bello"},"content":{"rendered":"\n<p><\/p>\n\n\n\n<p>Familiares y amigos le hacen luto a Arbey Agudelo Ga\u00f1an, de 26 a\u00f1os de edad, quien fue encontrado sin vida luego de hacer un servicio en su carro con una plataforma en el Norte del Valle de Aburr\u00e1.<\/p>\n\n\n\n<p>El <a><\/a>cuerpo del joven fue hallado en el kil\u00f3metro 2 de la v\u00eda Medell\u00edn-San Pedro, en la vereda Jalisco del corregimiento San F\u00e9lix.<\/p>\n\n\n\n<p>Seg\u00fan las primeras versiones, el chico trabajaba como conductor por aplicaci\u00f3n habr\u00eda tomado una carrera desde Niqu\u00eda Camacol, en Bello, hacia los miradores del sector San F\u00e9lix la noche anterior pero al no regresar a casa durante un d\u00eda, sus familiares, se preocuparon y comenzaron a buscarlo.<\/p>\n\n\n\n<p>El cuerpo de Norbey Alonso estaba en un barranco, a unos 50 metros de la carretera. Cuentan que ten\u00eda un impacto de arma de fuego en la cabeza y ten\u00eda la boca tapada con un trapo.<\/p>\n\n\n\n<p>Las autoridades investigan , paso a paso, los hechos y tratan de verificar las causas del crimen y le siguen la pista a los responsables del homicidio.<\/p>\n\n\n\n<figure class=\"wp-block-image size-large\"><img fetchpriority=\"high\" decoding=\"async\" width=\"1024\" height=\"691\" src=\"https:\/\/prensapaisa.com\/wp-content\/uploads\/2024\/08\/453509173_522698493658476_5354122529493796466_n-1024x691.jpg\" alt=\"\" class=\"wp-image-13236\" srcset=\"https:\/\/prensapaisa.com\/wp-content\/uploads\/2024\/08\/453509173_522698493658476_5354122529493796466_n-1024x691.jpg 1024w, https:\/\/prensapaisa.com\/wp-content\/uploads\/2024\/08\/453509173_522698493658476_5354122529493796466_n-300x202.jpg 300w, https:\/\/prensapaisa.com\/wp-content\/uploads\/2024\/08\/453509173_522698493658476_5354122529493796466_n-768x518.jpg 768w, https:\/\/prensapaisa.com\/wp-content\/uploads\/2024\/08\/453509173_522698493658476_5354122529493796466_n-1170x789.jpg 1170w, https:\/\/prensapaisa.com\/wp-content\/uploads\/2024\/08\/453509173_522698493658476_5354122529493796466_n-585x395.jpg 585w, https:\/\/prensapaisa.com\/wp-content\/uploads\/2024\/08\/453509173_522698493658476_5354122529493796466_n.jpg 1290w\" sizes=\"(max-width: 1024px) 100vw, 1024px\" \/><\/figure>\n\n\n\n<figure class=\"wp-block-image size-full\"><img decoding=\"async\" width=\"945\" height=\"565\" src=\"https:\/\/prensapaisa.com\/wp-content\/uploads\/2024\/08\/453347235_522698056991853_4973630548432141255_n.jpg\" alt=\"\" class=\"wp-image-13235\" srcset=\"https:\/\/prensapaisa.com\/wp-content\/uploads\/2024\/08\/453347235_522698056991853_4973630548432141255_n.jpg 945w, https:\/\/prensapaisa.com\/wp-content\/uploads\/2024\/08\/453347235_522698056991853_4973630548432141255_n-300x179.jpg 300w, https:\/\/prensapaisa.com\/wp-content\/uploads\/2024\/08\/453347235_522698056991853_4973630548432141255_n-768x459.jpg 768w, https:\/\/prensapaisa.com\/wp-content\/uploads\/2024\/08\/453347235_522698056991853_4973630548432141255_n-585x350.jpg 585w\" sizes=\"(max-width: 945px) 100vw, 945px\" \/><\/figure>\n\n\n\n<figure class=\"wp-block-image size-large\"><img decoding=\"async\" width=\"1024\" height=\"468\" src=\"https:\/\/prensapaisa.com\/wp-content\/uploads\/2024\/08\/453380648_522698840325108_7095341648998358152_n-1024x468.jpg\" alt=\"\" class=\"wp-image-13234\" srcset=\"https:\/\/prensapaisa.com\/wp-content\/uploads\/2024\/08\/453380648_522698840325108_7095341648998358152_n-1024x468.jpg 1024w, https:\/\/prensapaisa.com\/wp-content\/uploads\/2024\/08\/453380648_522698840325108_7095341648998358152_n-300x137.jpg 300w, https:\/\/prensapaisa.com\/wp-content\/uploads\/2024\/08\/453380648_522698840325108_7095341648998358152_n-768x351.jpg 768w, https:\/\/prensapaisa.com\/wp-content\/uploads\/2024\/08\/453380648_522698840325108_7095341648998358152_n-585x268.jpg 585w, https:\/\/prensapaisa.com\/wp-content\/uploads\/2024\/08\/453380648_522698840325108_7095341648998358152_n.jpg 1080w\" sizes=\"(max-width: 1024px) 100vw, 1024px\" \/><\/figure>\n","protected":false},"excerpt":{"rendered":"<p>Familiares y amigos le hacen luto a Arbey Agudelo Ga\u00f1an, de 26 a\u00f1os de edad, quien fue encontrado sin vida luego de hacer un servicio en su carro con una&hellip;<\/p>\n","protected":false},"author":1,"featured_media":13235,"comment_status":"open","ping_status":"open","sticky":false,"template":"","format":"standard","meta":{"footnotes":""},"categories":[43,44,16,1,47,46],"tags":[],"class_list":["post-13233","post","type-post","status-publish","format-standard","has-post-thumbnail","hentry","category-fallecidos","category-movilidad","category-municipios","category-noticias","category-orden-publico","category-redes-sociales"],"yoast_head":"<!-- This site is optimized with the Yoast SEO plugin v27.4 - https:\/\/yoast.com\/product\/yoast-seo-wordpress\/ -->\n<title>Conductor de aplicaci\u00f3n fue asesinado por robarle en Bello - PRENSA PAISA<\/title>\n<meta name=\"robots\" content=\"index, follow, max-snippet:-1, max-image-preview:large, max-video-preview:-1\" \/>\n<link rel=\"canonical\" href=\"https:\/\/prensapaisa.com\/index.php\/2024\/08\/01\/conductor-de-aplicacion-fue-asesinado-por-robarle-en-bello\/\" \/>\n<meta property=\"og:locale\" content=\"es_ES\" \/>\n<meta property=\"og:type\" content=\"article\" \/>\n<meta property=\"og:title\" content=\"Conductor de aplicaci\u00f3n fue asesinado por robarle en Bello - PRENSA PAISA\" \/>\n<meta property=\"og:description\" content=\"Familiares y amigos le hacen luto a Arbey Agudelo Ga\u00f1an, de 26 a\u00f1os de edad, quien fue encontrado sin vida luego de hacer un servicio en su carro con una&hellip;\" \/>\n<meta property=\"og:url\" content=\"https:\/\/prensapaisa.com\/index.php\/2024\/08\/01\/conductor-de-aplicacion-fue-asesinado-por-robarle-en-bello\/\" \/>\n<meta property=\"og:site_name\" content=\"PRENSA PAISA\" \/>\n<meta property=\"article:published_time\" content=\"2024-08-01T19:43:45+00:00\" \/>\n<meta property=\"article:modified_time\" content=\"2024-08-01T19:43:46+00:00\" \/>\n<meta property=\"og:image\" content=\"https:\/\/prensapaisa.com\/wp-content\/uploads\/2024\/08\/453347235_522698056991853_4973630548432141255_n.jpg\" \/>\n\t<meta property=\"og:image:width\" content=\"945\" \/>\n\t<meta property=\"og:image:height\" content=\"565\" \/>\n\t<meta property=\"og:image:type\" content=\"image\/jpeg\" \/>\n<meta name=\"author\" content=\"noticias@prensapaisa.com\" \/>\n<meta name=\"twitter:card\" content=\"summary_large_image\" \/>\n<meta name=\"twitter:label1\" content=\"Escrito por\" \/>\n\t<meta name=\"twitter:data1\" content=\"noticias@prensapaisa.com\" \/>\n\t<meta name=\"twitter:label2\" content=\"Tiempo de lectura\" \/>\n\t<meta name=\"twitter:data2\" content=\"2 minutos\" \/>\n<script type=\"application\/ld+json\" class=\"yoast-schema-graph\">{\"@context\":\"https:\\\/\\\/schema.org\",\"@graph\":[{\"@type\":\"Article\",\"@id\":\"https:\\\/\\\/prensapaisa.com\\\/index.php\\\/2024\\\/08\\\/01\\\/conductor-de-aplicacion-fue-asesinado-por-robarle-en-bello\\\/#article\",\"isPartOf\":{\"@id\":\"https:\\\/\\\/prensapaisa.com\\\/index.php\\\/2024\\\/08\\\/01\\\/conductor-de-aplicacion-fue-asesinado-por-robarle-en-bello\\\/\"},\"author\":{\"name\":\"noticias@prensapaisa.com\",\"@id\":\"https:\\\/\\\/prensapaisa.com\\\/#\\\/schema\\\/person\\\/c5899b8b285dbcd70faec88a7c1579f6\"},\"headline\":\"Conductor de aplicaci\u00f3n fue asesinado por robarle en Bello\",\"datePublished\":\"2024-08-01T19:43:45+00:00\",\"dateModified\":\"2024-08-01T19:43:46+00:00\",\"mainEntityOfPage\":{\"@id\":\"https:\\\/\\\/prensapaisa.com\\\/index.php\\\/2024\\\/08\\\/01\\\/conductor-de-aplicacion-fue-asesinado-por-robarle-en-bello\\\/\"},\"wordCount\":191,\"commentCount\":0,\"publisher\":{\"@id\":\"https:\\\/\\\/prensapaisa.com\\\/#organization\"},\"image\":{\"@id\":\"https:\\\/\\\/prensapaisa.com\\\/index.php\\\/2024\\\/08\\\/01\\\/conductor-de-aplicacion-fue-asesinado-por-robarle-en-bello\\\/#primaryimage\"},\"thumbnailUrl\":\"https:\\\/\\\/prensapaisa.com\\\/wp-content\\\/uploads\\\/2024\\\/08\\\/453347235_522698056991853_4973630548432141255_n.jpg\",\"articleSection\":[\"Fallecidos\",\"Movilidad\",\"Municipios\",\"Noticias\",\"Orden Publico\",\"Redes Sociales\"],\"inLanguage\":\"es-CO\",\"potentialAction\":[{\"@type\":\"CommentAction\",\"name\":\"Comment\",\"target\":[\"https:\\\/\\\/prensapaisa.com\\\/index.php\\\/2024\\\/08\\\/01\\\/conductor-de-aplicacion-fue-asesinado-por-robarle-en-bello\\\/#respond\"]}]},{\"@type\":\"WebPage\",\"@id\":\"https:\\\/\\\/prensapaisa.com\\\/index.php\\\/2024\\\/08\\\/01\\\/conductor-de-aplicacion-fue-asesinado-por-robarle-en-bello\\\/\",\"url\":\"https:\\\/\\\/prensapaisa.com\\\/index.php\\\/2024\\\/08\\\/01\\\/conductor-de-aplicacion-fue-asesinado-por-robarle-en-bello\\\/\",\"name\":\"Conductor de aplicaci\u00f3n fue asesinado por robarle en Bello - PRENSA PAISA\",\"isPartOf\":{\"@id\":\"https:\\\/\\\/prensapaisa.com\\\/#website\"},\"primaryImageOfPage\":{\"@id\":\"https:\\\/\\\/prensapaisa.com\\\/index.php\\\/2024\\\/08\\\/01\\\/conductor-de-aplicacion-fue-asesinado-por-robarle-en-bello\\\/#primaryimage\"},\"image\":{\"@id\":\"https:\\\/\\\/prensapaisa.com\\\/index.php\\\/2024\\\/08\\\/01\\\/conductor-de-aplicacion-fue-asesinado-por-robarle-en-bello\\\/#primaryimage\"},\"thumbnailUrl\":\"https:\\\/\\\/prensapaisa.com\\\/wp-content\\\/uploads\\\/2024\\\/08\\\/453347235_522698056991853_4973630548432141255_n.jpg\",\"datePublished\":\"2024-08-01T19:43:45+00:00\",\"dateModified\":\"2024-08-01T19:43:46+00:00\",\"breadcrumb\":{\"@id\":\"https:\\\/\\\/prensapaisa.com\\\/index.php\\\/2024\\\/08\\\/01\\\/conductor-de-aplicacion-fue-asesinado-por-robarle-en-bello\\\/#breadcrumb\"},\"inLanguage\":\"es-CO\",\"potentialAction\":[{\"@type\":\"ReadAction\",\"target\":[\"https:\\\/\\\/prensapaisa.com\\\/index.php\\\/2024\\\/08\\\/01\\\/conductor-de-aplicacion-fue-asesinado-por-robarle-en-bello\\\/\"]}]},{\"@type\":\"ImageObject\",\"inLanguage\":\"es-CO\",\"@id\":\"https:\\\/\\\/prensapaisa.com\\\/index.php\\\/2024\\\/08\\\/01\\\/conductor-de-aplicacion-fue-asesinado-por-robarle-en-bello\\\/#primaryimage\",\"url\":\"https:\\\/\\\/prensapaisa.com\\\/wp-content\\\/uploads\\\/2024\\\/08\\\/453347235_522698056991853_4973630548432141255_n.jpg\",\"contentUrl\":\"https:\\\/\\\/prensapaisa.com\\\/wp-content\\\/uploads\\\/2024\\\/08\\\/453347235_522698056991853_4973630548432141255_n.jpg\",\"width\":945,\"height\":565},{\"@type\":\"BreadcrumbList\",\"@id\":\"https:\\\/\\\/prensapaisa.com\\\/index.php\\\/2024\\\/08\\\/01\\\/conductor-de-aplicacion-fue-asesinado-por-robarle-en-bello\\\/#breadcrumb\",\"itemListElement\":[{\"@type\":\"ListItem\",\"position\":1,\"name\":\"Inicio\",\"item\":\"https:\\\/\\\/prensapaisa.com\\\/\"},{\"@type\":\"ListItem\",\"position\":2,\"name\":\"Conductor de aplicaci\u00f3n fue asesinado por robarle en Bello\"}]},{\"@type\":\"WebSite\",\"@id\":\"https:\\\/\\\/prensapaisa.com\\\/#website\",\"url\":\"https:\\\/\\\/prensapaisa.com\\\/\",\"name\":\"PRENSA PAISA\",\"description\":\"Prensa Paisa la Original | Noticias de Medell\u00edn, Antioquia\",\"publisher\":{\"@id\":\"https:\\\/\\\/prensapaisa.com\\\/#organization\"},\"potentialAction\":[{\"@type\":\"SearchAction\",\"target\":{\"@type\":\"EntryPoint\",\"urlTemplate\":\"https:\\\/\\\/prensapaisa.com\\\/?s={search_term_string}\"},\"query-input\":{\"@type\":\"PropertyValueSpecification\",\"valueRequired\":true,\"valueName\":\"search_term_string\"}}],\"inLanguage\":\"es-CO\"},{\"@type\":\"Organization\",\"@id\":\"https:\\\/\\\/prensapaisa.com\\\/#organization\",\"name\":\"PRENSA PAISA\",\"url\":\"https:\\\/\\\/prensapaisa.com\\\/\",\"logo\":{\"@type\":\"ImageObject\",\"inLanguage\":\"es-CO\",\"@id\":\"https:\\\/\\\/prensapaisa.com\\\/#\\\/schema\\\/logo\\\/image\\\/\",\"url\":\"https:\\\/\\\/prensapaisa.com\\\/wp-content\\\/uploads\\\/2022\\\/05\\\/cropped-cropped-prensa.png\",\"contentUrl\":\"https:\\\/\\\/prensapaisa.com\\\/wp-content\\\/uploads\\\/2022\\\/05\\\/cropped-cropped-prensa.png\",\"width\":784,\"height\":524,\"caption\":\"PRENSA PAISA\"},\"image\":{\"@id\":\"https:\\\/\\\/prensapaisa.com\\\/#\\\/schema\\\/logo\\\/image\\\/\"}},{\"@type\":\"Person\",\"@id\":\"https:\\\/\\\/prensapaisa.com\\\/#\\\/schema\\\/person\\\/c5899b8b285dbcd70faec88a7c1579f6\",\"name\":\"noticias@prensapaisa.com\",\"image\":{\"@type\":\"ImageObject\",\"inLanguage\":\"es-CO\",\"@id\":\"https:\\\/\\\/secure.gravatar.com\\\/avatar\\\/ca2b49c1df14b84557c567431f045ea69c8ea5da2da50309fd4de9b811da0433?s=96&d=mm&r=g\",\"url\":\"https:\\\/\\\/secure.gravatar.com\\\/avatar\\\/ca2b49c1df14b84557c567431f045ea69c8ea5da2da50309fd4de9b811da0433?s=96&d=mm&r=g\",\"contentUrl\":\"https:\\\/\\\/secure.gravatar.com\\\/avatar\\\/ca2b49c1df14b84557c567431f045ea69c8ea5da2da50309fd4de9b811da0433?s=96&d=mm&r=g\",\"caption\":\"noticias@prensapaisa.com\"},\"sameAs\":[\"http:\\\/\\\/prensapaisa.com\"],\"url\":\"https:\\\/\\\/prensapaisa.com\\\/index.php\\\/author\\\/prensapaisagmail-com\\\/\"}]}<\/script>\n<!-- \/ Yoast SEO plugin. -->","yoast_head_json":{"title":"Conductor de aplicaci\u00f3n fue asesinado por robarle en Bello - PRENSA PAISA","robots":{"index":"index","follow":"follow","max-snippet":"max-snippet:-1","max-image-preview":"max-image-preview:large","max-video-preview":"max-video-preview:-1"},"canonical":"https:\/\/prensapaisa.com\/index.php\/2024\/08\/01\/conductor-de-aplicacion-fue-asesinado-por-robarle-en-bello\/","og_locale":"es_ES","og_type":"article","og_title":"Conductor de aplicaci\u00f3n fue asesinado por robarle en Bello - PRENSA PAISA","og_description":"Familiares y amigos le hacen luto a Arbey Agudelo Ga\u00f1an, de 26 a\u00f1os de edad, quien fue encontrado sin vida luego de hacer un servicio en su carro con una&hellip;","og_url":"https:\/\/prensapaisa.com\/index.php\/2024\/08\/01\/conductor-de-aplicacion-fue-asesinado-por-robarle-en-bello\/","og_site_name":"PRENSA PAISA","article_published_time":"2024-08-01T19:43:45+00:00","article_modified_time":"2024-08-01T19:43:46+00:00","og_image":[{"width":945,"height":565,"url":"https:\/\/prensapaisa.com\/wp-content\/uploads\/2024\/08\/453347235_522698056991853_4973630548432141255_n.jpg","type":"image\/jpeg"}],"author":"noticias@prensapaisa.com","twitter_card":"summary_large_image","twitter_misc":{"Escrito por":"noticias@prensapaisa.com","Tiempo de lectura":"2 minutos"},"schema":{"@context":"https:\/\/schema.org","@graph":[{"@type":"Article","@id":"https:\/\/prensapaisa.com\/index.php\/2024\/08\/01\/conductor-de-aplicacion-fue-asesinado-por-robarle-en-bello\/#article","isPartOf":{"@id":"https:\/\/prensapaisa.com\/index.php\/2024\/08\/01\/conductor-de-aplicacion-fue-asesinado-por-robarle-en-bello\/"},"author":{"name":"noticias@prensapaisa.com","@id":"https:\/\/prensapaisa.com\/#\/schema\/person\/c5899b8b285dbcd70faec88a7c1579f6"},"headline":"Conductor de aplicaci\u00f3n fue asesinado por robarle en Bello","datePublished":"2024-08-01T19:43:45+00:00","dateModified":"2024-08-01T19:43:46+00:00","mainEntityOfPage":{"@id":"https:\/\/prensapaisa.com\/index.php\/2024\/08\/01\/conductor-de-aplicacion-fue-asesinado-por-robarle-en-bello\/"},"wordCount":191,"commentCount":0,"publisher":{"@id":"https:\/\/prensapaisa.com\/#organization"},"image":{"@id":"https:\/\/prensapaisa.com\/index.php\/2024\/08\/01\/conductor-de-aplicacion-fue-asesinado-por-robarle-en-bello\/#primaryimage"},"thumbnailUrl":"https:\/\/prensapaisa.com\/wp-content\/uploads\/2024\/08\/453347235_522698056991853_4973630548432141255_n.jpg","articleSection":["Fallecidos","Movilidad","Municipios","Noticias","Orden Publico","Redes Sociales"],"inLanguage":"es-CO","potentialAction":[{"@type":"CommentAction","name":"Comment","target":["https:\/\/prensapaisa.com\/index.php\/2024\/08\/01\/conductor-de-aplicacion-fue-asesinado-por-robarle-en-bello\/#respond"]}]},{"@type":"WebPage","@id":"https:\/\/prensapaisa.com\/index.php\/2024\/08\/01\/conductor-de-aplicacion-fue-asesinado-por-robarle-en-bello\/","url":"https:\/\/prensapaisa.com\/index.php\/2024\/08\/01\/conductor-de-aplicacion-fue-asesinado-por-robarle-en-bello\/","name":"Conductor de aplicaci\u00f3n fue asesinado por robarle en Bello - PRENSA PAISA","isPartOf":{"@id":"https:\/\/prensapaisa.com\/#website"},"primaryImageOfPage":{"@id":"https:\/\/prensapaisa.com\/index.php\/2024\/08\/01\/conductor-de-aplicacion-fue-asesinado-por-robarle-en-bello\/#primaryimage"},"image":{"@id":"https:\/\/prensapaisa.com\/index.php\/2024\/08\/01\/conductor-de-aplicacion-fue-asesinado-por-robarle-en-bello\/#primaryimage"},"thumbnailUrl":"https:\/\/prensapaisa.com\/wp-content\/uploads\/2024\/08\/453347235_522698056991853_4973630548432141255_n.jpg","datePublished":"2024-08-01T19:43:45+00:00","dateModified":"2024-08-01T19:43:46+00:00","breadcrumb":{"@id":"https:\/\/prensapaisa.com\/index.php\/2024\/08\/01\/conductor-de-aplicacion-fue-asesinado-por-robarle-en-bello\/#breadcrumb"},"inLanguage":"es-CO","potentialAction":[{"@type":"ReadAction","target":["https:\/\/prensapaisa.com\/index.php\/2024\/08\/01\/conductor-de-aplicacion-fue-asesinado-por-robarle-en-bello\/"]}]},{"@type":"ImageObject","inLanguage":"es-CO","@id":"https:\/\/prensapaisa.com\/index.php\/2024\/08\/01\/conductor-de-aplicacion-fue-asesinado-por-robarle-en-bello\/#primaryimage","url":"https:\/\/prensapaisa.com\/wp-content\/uploads\/2024\/08\/453347235_522698056991853_4973630548432141255_n.jpg","contentUrl":"https:\/\/prensapaisa.com\/wp-content\/uploads\/2024\/08\/453347235_522698056991853_4973630548432141255_n.jpg","width":945,"height":565},{"@type":"BreadcrumbList","@id":"https:\/\/prensapaisa.com\/index.php\/2024\/08\/01\/conductor-de-aplicacion-fue-asesinado-por-robarle-en-bello\/#breadcrumb","itemListElement":[{"@type":"ListItem","position":1,"name":"Inicio","item":"https:\/\/prensapaisa.com\/"},{"@type":"ListItem","position":2,"name":"Conductor de aplicaci\u00f3n fue asesinado por robarle en Bello"}]},{"@type":"WebSite","@id":"https:\/\/prensapaisa.com\/#website","url":"https:\/\/prensapaisa.com\/","name":"PRENSA PAISA","description":"Prensa Paisa la Original | Noticias de Medell\u00edn, Antioquia","publisher":{"@id":"https:\/\/prensapaisa.com\/#organization"},"potentialAction":[{"@type":"SearchAction","target":{"@type":"EntryPoint","urlTemplate":"https:\/\/prensapaisa.com\/?s={search_term_string}"},"query-input":{"@type":"PropertyValueSpecification","valueRequired":true,"valueName":"search_term_string"}}],"inLanguage":"es-CO"},{"@type":"Organization","@id":"https:\/\/prensapaisa.com\/#organization","name":"PRENSA PAISA","url":"https:\/\/prensapaisa.com\/","logo":{"@type":"ImageObject","inLanguage":"es-CO","@id":"https:\/\/prensapaisa.com\/#\/schema\/logo\/image\/","url":"https:\/\/prensapaisa.com\/wp-content\/uploads\/2022\/05\/cropped-cropped-prensa.png","contentUrl":"https:\/\/prensapaisa.com\/wp-content\/uploads\/2022\/05\/cropped-cropped-prensa.png","width":784,"height":524,"caption":"PRENSA PAISA"},"image":{"@id":"https:\/\/prensapaisa.com\/#\/schema\/logo\/image\/"}},{"@type":"Person","@id":"https:\/\/prensapaisa.com\/#\/schema\/person\/c5899b8b285dbcd70faec88a7c1579f6","name":"noticias@prensapaisa.com","image":{"@type":"ImageObject","inLanguage":"es-CO","@id":"https:\/\/secure.gravatar.com\/avatar\/ca2b49c1df14b84557c567431f045ea69c8ea5da2da50309fd4de9b811da0433?s=96&d=mm&r=g","url":"https:\/\/secure.gravatar.com\/avatar\/ca2b49c1df14b84557c567431f045ea69c8ea5da2da50309fd4de9b811da0433?s=96&d=mm&r=g","contentUrl":"https:\/\/secure.gravatar.com\/avatar\/ca2b49c1df14b84557c567431f045ea69c8ea5da2da50309fd4de9b811da0433?s=96&d=mm&r=g","caption":"noticias@prensapaisa.com"},"sameAs":["http:\/\/prensapaisa.com"],"url":"https:\/\/prensapaisa.com\/index.php\/author\/prensapaisagmail-com\/"}]}},"_links":{"self":[{"href":"https:\/\/prensapaisa.com\/index.php\/wp-json\/wp\/v2\/posts\/13233","targetHints":{"allow":["GET"]}}],"collection":[{"href":"https:\/\/prensapaisa.com\/index.php\/wp-json\/wp\/v2\/posts"}],"about":[{"href":"https:\/\/prensapaisa.com\/index.php\/wp-json\/wp\/v2\/types\/post"}],"author":[{"embeddable":true,"href":"https:\/\/prensapaisa.com\/index.php\/wp-json\/wp\/v2\/users\/1"}],"replies":[{"embeddable":true,"href":"https:\/\/prensapaisa.com\/index.php\/wp-json\/wp\/v2\/comments?post=13233"}],"version-history":[{"count":1,"href":"https:\/\/prensapaisa.com\/index.php\/wp-json\/wp\/v2\/posts\/13233\/revisions"}],"predecessor-version":[{"id":13237,"href":"https:\/\/prensapaisa.com\/index.php\/wp-json\/wp\/v2\/posts\/13233\/revisions\/13237"}],"wp:featuredmedia":[{"embeddable":true,"href":"https:\/\/prensapaisa.com\/index.php\/wp-json\/wp\/v2\/media\/13235"}],"wp:attachment":[{"href":"https:\/\/prensapaisa.com\/index.php\/wp-json\/wp\/v2\/media?parent=13233"}],"wp:term":[{"taxonomy":"category","embeddable":true,"href":"https:\/\/prensapaisa.com\/index.php\/wp-json\/wp\/v2\/categories?post=13233"},{"taxonomy":"post_tag","embeddable":true,"href":"https:\/\/prensapaisa.com\/index.php\/wp-json\/wp\/v2\/tags?post=13233"}],"curies":[{"name":"wp","href":"https:\/\/api.w.org\/{rel}","templated":true}]}}