{"id":13228,"date":"2024-08-01T14:42:17","date_gmt":"2024-08-01T19:42:17","guid":{"rendered":"https:\/\/prensapaisa.com\/?p=13228"},"modified":"2024-08-01T14:42:18","modified_gmt":"2024-08-01T19:42:18","slug":"fiesta-termino-en-tragedia-adolescente-de-17-anos-fue-asesinado-por-otro-menor-de-edad","status":"publish","type":"post","link":"https:\/\/prensapaisa.com\/index.php\/2024\/08\/01\/fiesta-termino-en-tragedia-adolescente-de-17-anos-fue-asesinado-por-otro-menor-de-edad\/","title":{"rendered":"Fiesta termin\u00f3 en tragedia: adolescente de 17 a\u00f1os fue asesinado por otro menor de edad"},"content":{"rendered":"\n<p>Lo que parec\u00eda ser una noche de fiesta de adolescentes termin\u00f3 siendo el d\u00eda de la muerte para D\u00faber de Jes\u00fas Arrroyo Robledo, de 17 a\u00f1os de edad, quien en la madrugada de este domingo falleci\u00f3 tras ser atacado en plena v\u00eda p\u00fablica de Medell\u00edn.<\/p>\n\n\n\n<p>Seg\u00fan el reporte de las autoridades de Medell\u00edn, los hechos se presentaron en el barrio Manrique, exactamente en la calle 71B con carrera 24D, donde <a><\/a>Arroyo Robledo tuvo una ri\u00f1a con otro menor de 15 a\u00f1os de edad, con quien, adem\u00e1s, ya hab\u00eda tenido otras peleas d\u00edas antes, cuando coincidieron en la calle. Esto, luego de encontrarse en un establecimiento nocturno de este sector.<\/p>\n\n\n\n<p>Con una herida en el t\u00f3rax por arma cortopunzante, el joven fue trasladado por sus familiares y por sus propios medios a la Unidad Intermedia La Piloto en Manrique, donde lleg\u00f3 sin signos vitales.<\/p>\n\n\n\n<p>Las autoridades aprehendieron al menor de edad, presunto responsable de los hechos, y fue puesto a disposici\u00f3n de la Unidad de Infancia y Adolescencia de la Fiscal\u00eda.<\/p>\n\n\n\n<p>Seg\u00fan el reporte, fue la misma comunidad la que abord\u00f3 al cuadrante de la zona para denunciar la situaci\u00f3n, y al se\u00f1alar al menor de edad, fue que las autoridades procedieron.<\/p>\n\n\n\n<p>Este caso, al parecer de intolerancia, es uno de los 42 que se han registrado en Medell\u00edn este a\u00f1o, con un aumento del 11 % frente al mismo per\u00edodo del 2023, seg\u00fan el Sistema de Informaci\u00f3n para la Seguridad y la Convivencia (Sisc).<\/p>\n\n\n\n<figure class=\"wp-block-image size-full\"><img fetchpriority=\"high\" decoding=\"async\" width=\"308\" height=\"600\" src=\"https:\/\/prensapaisa.com\/wp-content\/uploads\/2024\/08\/453408591_523079643620361_7396555823259927410_n.jpg\" alt=\"\" class=\"wp-image-13231\" srcset=\"https:\/\/prensapaisa.com\/wp-content\/uploads\/2024\/08\/453408591_523079643620361_7396555823259927410_n.jpg 308w, https:\/\/prensapaisa.com\/wp-content\/uploads\/2024\/08\/453408591_523079643620361_7396555823259927410_n-154x300.jpg 154w\" sizes=\"(max-width: 308px) 100vw, 308px\" \/><\/figure>\n\n\n\n<figure class=\"wp-block-image size-large\"><img decoding=\"async\" width=\"770\" height=\"1024\" src=\"https:\/\/prensapaisa.com\/wp-content\/uploads\/2024\/08\/453351276_523079700287022_6753318770200656203_n-770x1024.jpg\" alt=\"\" class=\"wp-image-13230\" srcset=\"https:\/\/prensapaisa.com\/wp-content\/uploads\/2024\/08\/453351276_523079700287022_6753318770200656203_n-770x1024.jpg 770w, https:\/\/prensapaisa.com\/wp-content\/uploads\/2024\/08\/453351276_523079700287022_6753318770200656203_n-226x300.jpg 226w, https:\/\/prensapaisa.com\/wp-content\/uploads\/2024\/08\/453351276_523079700287022_6753318770200656203_n-768x1022.jpg 768w, https:\/\/prensapaisa.com\/wp-content\/uploads\/2024\/08\/453351276_523079700287022_6753318770200656203_n-1155x1536.jpg 1155w, https:\/\/prensapaisa.com\/wp-content\/uploads\/2024\/08\/453351276_523079700287022_6753318770200656203_n-1170x1556.jpg 1170w, https:\/\/prensapaisa.com\/wp-content\/uploads\/2024\/08\/453351276_523079700287022_6753318770200656203_n-585x778.jpg 585w, https:\/\/prensapaisa.com\/wp-content\/uploads\/2024\/08\/453351276_523079700287022_6753318770200656203_n.jpg 1290w\" sizes=\"(max-width: 770px) 100vw, 770px\" \/><\/figure>\n\n\n\n<figure class=\"wp-block-image size-large\"><img decoding=\"async\" width=\"770\" height=\"1024\" src=\"https:\/\/prensapaisa.com\/wp-content\/uploads\/2024\/08\/453383140_523079863620339_4778917365201106667_n-770x1024.jpg\" alt=\"\" class=\"wp-image-13229\" srcset=\"https:\/\/prensapaisa.com\/wp-content\/uploads\/2024\/08\/453383140_523079863620339_4778917365201106667_n-770x1024.jpg 770w, https:\/\/prensapaisa.com\/wp-content\/uploads\/2024\/08\/453383140_523079863620339_4778917365201106667_n-226x300.jpg 226w, https:\/\/prensapaisa.com\/wp-content\/uploads\/2024\/08\/453383140_523079863620339_4778917365201106667_n-768x1022.jpg 768w, https:\/\/prensapaisa.com\/wp-content\/uploads\/2024\/08\/453383140_523079863620339_4778917365201106667_n-1155x1536.jpg 1155w, https:\/\/prensapaisa.com\/wp-content\/uploads\/2024\/08\/453383140_523079863620339_4778917365201106667_n-1170x1556.jpg 1170w, https:\/\/prensapaisa.com\/wp-content\/uploads\/2024\/08\/453383140_523079863620339_4778917365201106667_n-585x778.jpg 585w, https:\/\/prensapaisa.com\/wp-content\/uploads\/2024\/08\/453383140_523079863620339_4778917365201106667_n.jpg 1290w\" sizes=\"(max-width: 770px) 100vw, 770px\" \/><\/figure>\n","protected":false},"excerpt":{"rendered":"<p>Lo que parec\u00eda ser una noche de fiesta de adolescentes termin\u00f3 siendo el d\u00eda de la muerte para D\u00faber de Jes\u00fas Arrroyo Robledo, de 17 a\u00f1os de edad, quien en&hellip;<\/p>\n","protected":false},"author":1,"featured_media":13229,"comment_status":"open","ping_status":"open","sticky":false,"template":"","format":"standard","meta":{"footnotes":""},"categories":[43,16,1,47,46],"tags":[],"class_list":["post-13228","post","type-post","status-publish","format-standard","has-post-thumbnail","hentry","category-fallecidos","category-municipios","category-noticias","category-orden-publico","category-redes-sociales"],"yoast_head":"<!-- This site is optimized with the Yoast SEO plugin v27.4 - https:\/\/yoast.com\/product\/yoast-seo-wordpress\/ -->\n<title>Fiesta termin\u00f3 en tragedia: adolescente de 17 a\u00f1os fue asesinado por otro menor de edad - PRENSA PAISA<\/title>\n<meta name=\"robots\" content=\"index, follow, max-snippet:-1, max-image-preview:large, max-video-preview:-1\" \/>\n<link rel=\"canonical\" href=\"https:\/\/prensapaisa.com\/index.php\/2024\/08\/01\/fiesta-termino-en-tragedia-adolescente-de-17-anos-fue-asesinado-por-otro-menor-de-edad\/\" \/>\n<meta property=\"og:locale\" content=\"es_ES\" \/>\n<meta property=\"og:type\" content=\"article\" \/>\n<meta property=\"og:title\" content=\"Fiesta termin\u00f3 en tragedia: adolescente de 17 a\u00f1os fue asesinado por otro menor de edad - PRENSA PAISA\" \/>\n<meta property=\"og:description\" content=\"Lo que parec\u00eda ser una noche de fiesta de adolescentes termin\u00f3 siendo el d\u00eda de la muerte para D\u00faber de Jes\u00fas Arrroyo Robledo, de 17 a\u00f1os de edad, quien en&hellip;\" \/>\n<meta property=\"og:url\" content=\"https:\/\/prensapaisa.com\/index.php\/2024\/08\/01\/fiesta-termino-en-tragedia-adolescente-de-17-anos-fue-asesinado-por-otro-menor-de-edad\/\" \/>\n<meta property=\"og:site_name\" content=\"PRENSA PAISA\" \/>\n<meta property=\"article:published_time\" content=\"2024-08-01T19:42:17+00:00\" \/>\n<meta property=\"article:modified_time\" content=\"2024-08-01T19:42:18+00:00\" \/>\n<meta property=\"og:image\" content=\"https:\/\/prensapaisa.com\/wp-content\/uploads\/2024\/08\/453383140_523079863620339_4778917365201106667_n.jpg\" \/>\n\t<meta property=\"og:image:width\" content=\"1290\" \/>\n\t<meta property=\"og:image:height\" content=\"1716\" \/>\n\t<meta property=\"og:image:type\" content=\"image\/jpeg\" \/>\n<meta name=\"author\" content=\"noticias@prensapaisa.com\" \/>\n<meta name=\"twitter:card\" content=\"summary_large_image\" \/>\n<meta name=\"twitter:label1\" content=\"Escrito por\" \/>\n\t<meta name=\"twitter:data1\" content=\"noticias@prensapaisa.com\" \/>\n\t<meta name=\"twitter:label2\" content=\"Tiempo de lectura\" \/>\n\t<meta name=\"twitter:data2\" content=\"2 minutos\" \/>\n<script type=\"application\/ld+json\" class=\"yoast-schema-graph\">{\"@context\":\"https:\\\/\\\/schema.org\",\"@graph\":[{\"@type\":\"Article\",\"@id\":\"https:\\\/\\\/prensapaisa.com\\\/index.php\\\/2024\\\/08\\\/01\\\/fiesta-termino-en-tragedia-adolescente-de-17-anos-fue-asesinado-por-otro-menor-de-edad\\\/#article\",\"isPartOf\":{\"@id\":\"https:\\\/\\\/prensapaisa.com\\\/index.php\\\/2024\\\/08\\\/01\\\/fiesta-termino-en-tragedia-adolescente-de-17-anos-fue-asesinado-por-otro-menor-de-edad\\\/\"},\"author\":{\"name\":\"noticias@prensapaisa.com\",\"@id\":\"https:\\\/\\\/prensapaisa.com\\\/#\\\/schema\\\/person\\\/c5899b8b285dbcd70faec88a7c1579f6\"},\"headline\":\"Fiesta termin\u00f3 en tragedia: adolescente de 17 a\u00f1os fue asesinado por otro menor de edad\",\"datePublished\":\"2024-08-01T19:42:17+00:00\",\"dateModified\":\"2024-08-01T19:42:18+00:00\",\"mainEntityOfPage\":{\"@id\":\"https:\\\/\\\/prensapaisa.com\\\/index.php\\\/2024\\\/08\\\/01\\\/fiesta-termino-en-tragedia-adolescente-de-17-anos-fue-asesinado-por-otro-menor-de-edad\\\/\"},\"wordCount\":279,\"commentCount\":0,\"publisher\":{\"@id\":\"https:\\\/\\\/prensapaisa.com\\\/#organization\"},\"image\":{\"@id\":\"https:\\\/\\\/prensapaisa.com\\\/index.php\\\/2024\\\/08\\\/01\\\/fiesta-termino-en-tragedia-adolescente-de-17-anos-fue-asesinado-por-otro-menor-de-edad\\\/#primaryimage\"},\"thumbnailUrl\":\"https:\\\/\\\/prensapaisa.com\\\/wp-content\\\/uploads\\\/2024\\\/08\\\/453383140_523079863620339_4778917365201106667_n.jpg\",\"articleSection\":[\"Fallecidos\",\"Municipios\",\"Noticias\",\"Orden Publico\",\"Redes Sociales\"],\"inLanguage\":\"es-CO\",\"potentialAction\":[{\"@type\":\"CommentAction\",\"name\":\"Comment\",\"target\":[\"https:\\\/\\\/prensapaisa.com\\\/index.php\\\/2024\\\/08\\\/01\\\/fiesta-termino-en-tragedia-adolescente-de-17-anos-fue-asesinado-por-otro-menor-de-edad\\\/#respond\"]}]},{\"@type\":\"WebPage\",\"@id\":\"https:\\\/\\\/prensapaisa.com\\\/index.php\\\/2024\\\/08\\\/01\\\/fiesta-termino-en-tragedia-adolescente-de-17-anos-fue-asesinado-por-otro-menor-de-edad\\\/\",\"url\":\"https:\\\/\\\/prensapaisa.com\\\/index.php\\\/2024\\\/08\\\/01\\\/fiesta-termino-en-tragedia-adolescente-de-17-anos-fue-asesinado-por-otro-menor-de-edad\\\/\",\"name\":\"Fiesta termin\u00f3 en tragedia: adolescente de 17 a\u00f1os fue asesinado por otro menor de edad - PRENSA PAISA\",\"isPartOf\":{\"@id\":\"https:\\\/\\\/prensapaisa.com\\\/#website\"},\"primaryImageOfPage\":{\"@id\":\"https:\\\/\\\/prensapaisa.com\\\/index.php\\\/2024\\\/08\\\/01\\\/fiesta-termino-en-tragedia-adolescente-de-17-anos-fue-asesinado-por-otro-menor-de-edad\\\/#primaryimage\"},\"image\":{\"@id\":\"https:\\\/\\\/prensapaisa.com\\\/index.php\\\/2024\\\/08\\\/01\\\/fiesta-termino-en-tragedia-adolescente-de-17-anos-fue-asesinado-por-otro-menor-de-edad\\\/#primaryimage\"},\"thumbnailUrl\":\"https:\\\/\\\/prensapaisa.com\\\/wp-content\\\/uploads\\\/2024\\\/08\\\/453383140_523079863620339_4778917365201106667_n.jpg\",\"datePublished\":\"2024-08-01T19:42:17+00:00\",\"dateModified\":\"2024-08-01T19:42:18+00:00\",\"breadcrumb\":{\"@id\":\"https:\\\/\\\/prensapaisa.com\\\/index.php\\\/2024\\\/08\\\/01\\\/fiesta-termino-en-tragedia-adolescente-de-17-anos-fue-asesinado-por-otro-menor-de-edad\\\/#breadcrumb\"},\"inLanguage\":\"es-CO\",\"potentialAction\":[{\"@type\":\"ReadAction\",\"target\":[\"https:\\\/\\\/prensapaisa.com\\\/index.php\\\/2024\\\/08\\\/01\\\/fiesta-termino-en-tragedia-adolescente-de-17-anos-fue-asesinado-por-otro-menor-de-edad\\\/\"]}]},{\"@type\":\"ImageObject\",\"inLanguage\":\"es-CO\",\"@id\":\"https:\\\/\\\/prensapaisa.com\\\/index.php\\\/2024\\\/08\\\/01\\\/fiesta-termino-en-tragedia-adolescente-de-17-anos-fue-asesinado-por-otro-menor-de-edad\\\/#primaryimage\",\"url\":\"https:\\\/\\\/prensapaisa.com\\\/wp-content\\\/uploads\\\/2024\\\/08\\\/453383140_523079863620339_4778917365201106667_n.jpg\",\"contentUrl\":\"https:\\\/\\\/prensapaisa.com\\\/wp-content\\\/uploads\\\/2024\\\/08\\\/453383140_523079863620339_4778917365201106667_n.jpg\",\"width\":1290,\"height\":1716},{\"@type\":\"BreadcrumbList\",\"@id\":\"https:\\\/\\\/prensapaisa.com\\\/index.php\\\/2024\\\/08\\\/01\\\/fiesta-termino-en-tragedia-adolescente-de-17-anos-fue-asesinado-por-otro-menor-de-edad\\\/#breadcrumb\",\"itemListElement\":[{\"@type\":\"ListItem\",\"position\":1,\"name\":\"Inicio\",\"item\":\"https:\\\/\\\/prensapaisa.com\\\/\"},{\"@type\":\"ListItem\",\"position\":2,\"name\":\"Fiesta termin\u00f3 en tragedia: adolescente de 17 a\u00f1os fue asesinado por otro menor de edad\"}]},{\"@type\":\"WebSite\",\"@id\":\"https:\\\/\\\/prensapaisa.com\\\/#website\",\"url\":\"https:\\\/\\\/prensapaisa.com\\\/\",\"name\":\"PRENSA PAISA\",\"description\":\"Prensa Paisa la Original | Noticias de Medell\u00edn, Antioquia\",\"publisher\":{\"@id\":\"https:\\\/\\\/prensapaisa.com\\\/#organization\"},\"potentialAction\":[{\"@type\":\"SearchAction\",\"target\":{\"@type\":\"EntryPoint\",\"urlTemplate\":\"https:\\\/\\\/prensapaisa.com\\\/?s={search_term_string}\"},\"query-input\":{\"@type\":\"PropertyValueSpecification\",\"valueRequired\":true,\"valueName\":\"search_term_string\"}}],\"inLanguage\":\"es-CO\"},{\"@type\":\"Organization\",\"@id\":\"https:\\\/\\\/prensapaisa.com\\\/#organization\",\"name\":\"PRENSA PAISA\",\"url\":\"https:\\\/\\\/prensapaisa.com\\\/\",\"logo\":{\"@type\":\"ImageObject\",\"inLanguage\":\"es-CO\",\"@id\":\"https:\\\/\\\/prensapaisa.com\\\/#\\\/schema\\\/logo\\\/image\\\/\",\"url\":\"https:\\\/\\\/prensapaisa.com\\\/wp-content\\\/uploads\\\/2022\\\/05\\\/cropped-cropped-prensa.png\",\"contentUrl\":\"https:\\\/\\\/prensapaisa.com\\\/wp-content\\\/uploads\\\/2022\\\/05\\\/cropped-cropped-prensa.png\",\"width\":784,\"height\":524,\"caption\":\"PRENSA PAISA\"},\"image\":{\"@id\":\"https:\\\/\\\/prensapaisa.com\\\/#\\\/schema\\\/logo\\\/image\\\/\"}},{\"@type\":\"Person\",\"@id\":\"https:\\\/\\\/prensapaisa.com\\\/#\\\/schema\\\/person\\\/c5899b8b285dbcd70faec88a7c1579f6\",\"name\":\"noticias@prensapaisa.com\",\"image\":{\"@type\":\"ImageObject\",\"inLanguage\":\"es-CO\",\"@id\":\"https:\\\/\\\/secure.gravatar.com\\\/avatar\\\/ca2b49c1df14b84557c567431f045ea69c8ea5da2da50309fd4de9b811da0433?s=96&d=mm&r=g\",\"url\":\"https:\\\/\\\/secure.gravatar.com\\\/avatar\\\/ca2b49c1df14b84557c567431f045ea69c8ea5da2da50309fd4de9b811da0433?s=96&d=mm&r=g\",\"contentUrl\":\"https:\\\/\\\/secure.gravatar.com\\\/avatar\\\/ca2b49c1df14b84557c567431f045ea69c8ea5da2da50309fd4de9b811da0433?s=96&d=mm&r=g\",\"caption\":\"noticias@prensapaisa.com\"},\"sameAs\":[\"http:\\\/\\\/prensapaisa.com\"],\"url\":\"https:\\\/\\\/prensapaisa.com\\\/index.php\\\/author\\\/prensapaisagmail-com\\\/\"}]}<\/script>\n<!-- \/ Yoast SEO plugin. -->","yoast_head_json":{"title":"Fiesta termin\u00f3 en tragedia: adolescente de 17 a\u00f1os fue asesinado por otro menor de edad - PRENSA PAISA","robots":{"index":"index","follow":"follow","max-snippet":"max-snippet:-1","max-image-preview":"max-image-preview:large","max-video-preview":"max-video-preview:-1"},"canonical":"https:\/\/prensapaisa.com\/index.php\/2024\/08\/01\/fiesta-termino-en-tragedia-adolescente-de-17-anos-fue-asesinado-por-otro-menor-de-edad\/","og_locale":"es_ES","og_type":"article","og_title":"Fiesta termin\u00f3 en tragedia: adolescente de 17 a\u00f1os fue asesinado por otro menor de edad - PRENSA PAISA","og_description":"Lo que parec\u00eda ser una noche de fiesta de adolescentes termin\u00f3 siendo el d\u00eda de la muerte para D\u00faber de Jes\u00fas Arrroyo Robledo, de 17 a\u00f1os de edad, quien en&hellip;","og_url":"https:\/\/prensapaisa.com\/index.php\/2024\/08\/01\/fiesta-termino-en-tragedia-adolescente-de-17-anos-fue-asesinado-por-otro-menor-de-edad\/","og_site_name":"PRENSA PAISA","article_published_time":"2024-08-01T19:42:17+00:00","article_modified_time":"2024-08-01T19:42:18+00:00","og_image":[{"width":1290,"height":1716,"url":"https:\/\/prensapaisa.com\/wp-content\/uploads\/2024\/08\/453383140_523079863620339_4778917365201106667_n.jpg","type":"image\/jpeg"}],"author":"noticias@prensapaisa.com","twitter_card":"summary_large_image","twitter_misc":{"Escrito por":"noticias@prensapaisa.com","Tiempo de lectura":"2 minutos"},"schema":{"@context":"https:\/\/schema.org","@graph":[{"@type":"Article","@id":"https:\/\/prensapaisa.com\/index.php\/2024\/08\/01\/fiesta-termino-en-tragedia-adolescente-de-17-anos-fue-asesinado-por-otro-menor-de-edad\/#article","isPartOf":{"@id":"https:\/\/prensapaisa.com\/index.php\/2024\/08\/01\/fiesta-termino-en-tragedia-adolescente-de-17-anos-fue-asesinado-por-otro-menor-de-edad\/"},"author":{"name":"noticias@prensapaisa.com","@id":"https:\/\/prensapaisa.com\/#\/schema\/person\/c5899b8b285dbcd70faec88a7c1579f6"},"headline":"Fiesta termin\u00f3 en tragedia: adolescente de 17 a\u00f1os fue asesinado por otro menor de edad","datePublished":"2024-08-01T19:42:17+00:00","dateModified":"2024-08-01T19:42:18+00:00","mainEntityOfPage":{"@id":"https:\/\/prensapaisa.com\/index.php\/2024\/08\/01\/fiesta-termino-en-tragedia-adolescente-de-17-anos-fue-asesinado-por-otro-menor-de-edad\/"},"wordCount":279,"commentCount":0,"publisher":{"@id":"https:\/\/prensapaisa.com\/#organization"},"image":{"@id":"https:\/\/prensapaisa.com\/index.php\/2024\/08\/01\/fiesta-termino-en-tragedia-adolescente-de-17-anos-fue-asesinado-por-otro-menor-de-edad\/#primaryimage"},"thumbnailUrl":"https:\/\/prensapaisa.com\/wp-content\/uploads\/2024\/08\/453383140_523079863620339_4778917365201106667_n.jpg","articleSection":["Fallecidos","Municipios","Noticias","Orden Publico","Redes Sociales"],"inLanguage":"es-CO","potentialAction":[{"@type":"CommentAction","name":"Comment","target":["https:\/\/prensapaisa.com\/index.php\/2024\/08\/01\/fiesta-termino-en-tragedia-adolescente-de-17-anos-fue-asesinado-por-otro-menor-de-edad\/#respond"]}]},{"@type":"WebPage","@id":"https:\/\/prensapaisa.com\/index.php\/2024\/08\/01\/fiesta-termino-en-tragedia-adolescente-de-17-anos-fue-asesinado-por-otro-menor-de-edad\/","url":"https:\/\/prensapaisa.com\/index.php\/2024\/08\/01\/fiesta-termino-en-tragedia-adolescente-de-17-anos-fue-asesinado-por-otro-menor-de-edad\/","name":"Fiesta termin\u00f3 en tragedia: adolescente de 17 a\u00f1os fue asesinado por otro menor de edad - PRENSA PAISA","isPartOf":{"@id":"https:\/\/prensapaisa.com\/#website"},"primaryImageOfPage":{"@id":"https:\/\/prensapaisa.com\/index.php\/2024\/08\/01\/fiesta-termino-en-tragedia-adolescente-de-17-anos-fue-asesinado-por-otro-menor-de-edad\/#primaryimage"},"image":{"@id":"https:\/\/prensapaisa.com\/index.php\/2024\/08\/01\/fiesta-termino-en-tragedia-adolescente-de-17-anos-fue-asesinado-por-otro-menor-de-edad\/#primaryimage"},"thumbnailUrl":"https:\/\/prensapaisa.com\/wp-content\/uploads\/2024\/08\/453383140_523079863620339_4778917365201106667_n.jpg","datePublished":"2024-08-01T19:42:17+00:00","dateModified":"2024-08-01T19:42:18+00:00","breadcrumb":{"@id":"https:\/\/prensapaisa.com\/index.php\/2024\/08\/01\/fiesta-termino-en-tragedia-adolescente-de-17-anos-fue-asesinado-por-otro-menor-de-edad\/#breadcrumb"},"inLanguage":"es-CO","potentialAction":[{"@type":"ReadAction","target":["https:\/\/prensapaisa.com\/index.php\/2024\/08\/01\/fiesta-termino-en-tragedia-adolescente-de-17-anos-fue-asesinado-por-otro-menor-de-edad\/"]}]},{"@type":"ImageObject","inLanguage":"es-CO","@id":"https:\/\/prensapaisa.com\/index.php\/2024\/08\/01\/fiesta-termino-en-tragedia-adolescente-de-17-anos-fue-asesinado-por-otro-menor-de-edad\/#primaryimage","url":"https:\/\/prensapaisa.com\/wp-content\/uploads\/2024\/08\/453383140_523079863620339_4778917365201106667_n.jpg","contentUrl":"https:\/\/prensapaisa.com\/wp-content\/uploads\/2024\/08\/453383140_523079863620339_4778917365201106667_n.jpg","width":1290,"height":1716},{"@type":"BreadcrumbList","@id":"https:\/\/prensapaisa.com\/index.php\/2024\/08\/01\/fiesta-termino-en-tragedia-adolescente-de-17-anos-fue-asesinado-por-otro-menor-de-edad\/#breadcrumb","itemListElement":[{"@type":"ListItem","position":1,"name":"Inicio","item":"https:\/\/prensapaisa.com\/"},{"@type":"ListItem","position":2,"name":"Fiesta termin\u00f3 en tragedia: adolescente de 17 a\u00f1os fue asesinado por otro menor de edad"}]},{"@type":"WebSite","@id":"https:\/\/prensapaisa.com\/#website","url":"https:\/\/prensapaisa.com\/","name":"PRENSA PAISA","description":"Prensa Paisa la Original | Noticias de Medell\u00edn, Antioquia","publisher":{"@id":"https:\/\/prensapaisa.com\/#organization"},"potentialAction":[{"@type":"SearchAction","target":{"@type":"EntryPoint","urlTemplate":"https:\/\/prensapaisa.com\/?s={search_term_string}"},"query-input":{"@type":"PropertyValueSpecification","valueRequired":true,"valueName":"search_term_string"}}],"inLanguage":"es-CO"},{"@type":"Organization","@id":"https:\/\/prensapaisa.com\/#organization","name":"PRENSA PAISA","url":"https:\/\/prensapaisa.com\/","logo":{"@type":"ImageObject","inLanguage":"es-CO","@id":"https:\/\/prensapaisa.com\/#\/schema\/logo\/image\/","url":"https:\/\/prensapaisa.com\/wp-content\/uploads\/2022\/05\/cropped-cropped-prensa.png","contentUrl":"https:\/\/prensapaisa.com\/wp-content\/uploads\/2022\/05\/cropped-cropped-prensa.png","width":784,"height":524,"caption":"PRENSA PAISA"},"image":{"@id":"https:\/\/prensapaisa.com\/#\/schema\/logo\/image\/"}},{"@type":"Person","@id":"https:\/\/prensapaisa.com\/#\/schema\/person\/c5899b8b285dbcd70faec88a7c1579f6","name":"noticias@prensapaisa.com","image":{"@type":"ImageObject","inLanguage":"es-CO","@id":"https:\/\/secure.gravatar.com\/avatar\/ca2b49c1df14b84557c567431f045ea69c8ea5da2da50309fd4de9b811da0433?s=96&d=mm&r=g","url":"https:\/\/secure.gravatar.com\/avatar\/ca2b49c1df14b84557c567431f045ea69c8ea5da2da50309fd4de9b811da0433?s=96&d=mm&r=g","contentUrl":"https:\/\/secure.gravatar.com\/avatar\/ca2b49c1df14b84557c567431f045ea69c8ea5da2da50309fd4de9b811da0433?s=96&d=mm&r=g","caption":"noticias@prensapaisa.com"},"sameAs":["http:\/\/prensapaisa.com"],"url":"https:\/\/prensapaisa.com\/index.php\/author\/prensapaisagmail-com\/"}]}},"_links":{"self":[{"href":"https:\/\/prensapaisa.com\/index.php\/wp-json\/wp\/v2\/posts\/13228","targetHints":{"allow":["GET"]}}],"collection":[{"href":"https:\/\/prensapaisa.com\/index.php\/wp-json\/wp\/v2\/posts"}],"about":[{"href":"https:\/\/prensapaisa.com\/index.php\/wp-json\/wp\/v2\/types\/post"}],"author":[{"embeddable":true,"href":"https:\/\/prensapaisa.com\/index.php\/wp-json\/wp\/v2\/users\/1"}],"replies":[{"embeddable":true,"href":"https:\/\/prensapaisa.com\/index.php\/wp-json\/wp\/v2\/comments?post=13228"}],"version-history":[{"count":1,"href":"https:\/\/prensapaisa.com\/index.php\/wp-json\/wp\/v2\/posts\/13228\/revisions"}],"predecessor-version":[{"id":13232,"href":"https:\/\/prensapaisa.com\/index.php\/wp-json\/wp\/v2\/posts\/13228\/revisions\/13232"}],"wp:featuredmedia":[{"embeddable":true,"href":"https:\/\/prensapaisa.com\/index.php\/wp-json\/wp\/v2\/media\/13229"}],"wp:attachment":[{"href":"https:\/\/prensapaisa.com\/index.php\/wp-json\/wp\/v2\/media?parent=13228"}],"wp:term":[{"taxonomy":"category","embeddable":true,"href":"https:\/\/prensapaisa.com\/index.php\/wp-json\/wp\/v2\/categories?post=13228"},{"taxonomy":"post_tag","embeddable":true,"href":"https:\/\/prensapaisa.com\/index.php\/wp-json\/wp\/v2\/tags?post=13228"}],"curies":[{"name":"wp","href":"https:\/\/api.w.org\/{rel}","templated":true}]}}