{"id":12073,"date":"2024-02-06T13:35:31","date_gmt":"2024-02-06T18:35:31","guid":{"rendered":"https:\/\/prensapaisa.com\/?p=12073"},"modified":"2024-02-06T13:55:04","modified_gmt":"2024-02-06T18:55:04","slug":"cuidado-al-salir-en-su-vehiculo-cambio-el-pico-y-placa-en-medellin-y-en-los-municipios-del-valle-de-aburra","status":"publish","type":"post","link":"https:\/\/prensapaisa.com\/index.php\/2024\/02\/06\/cuidado-al-salir-en-su-vehiculo-cambio-el-pico-y-placa-en-medellin-y-en-los-municipios-del-valle-de-aburra\/","title":{"rendered":"\u00a1Cuidado al salir en su veh\u00edculo! Cambi\u00f3 el Pico y Placa en Medell\u00edn y en los municipios del Valle de Aburr\u00e1"},"content":{"rendered":"\n<p><a href=\"https:\/\/prensapaisa.com\/?fbclid=IwAR04G5CDZYwx4N2B5dOhW-_WJgUUSwaOU5c58ruXU-NKjvQIWmCBjCUJQ9Q\" rel=\"noreferrer noopener\" target=\"_blank\">Prensapaisa.com<\/a><\/p>\n\n\n\n<p>&#8220;A partir del 5 de febrero, en Medell\u00edn, hay una nueva rotaci\u00f3n del Pico y Placa para carros, motos y taxis, para el primer semestre del a\u00f1o&#8221;.<\/p>\n\n\n\n<p>La <a><\/a>norma se implementar\u00e1 de lunes a viernes entre las 5:00 a. m. y las 8:00 p. m. El periodo de los nuevos d\u00edgitos se extender\u00e1 hasta el 5 de julio y se exonerar\u00e1n las v\u00edas de conexi\u00f3n regional y nacional: la Avenida Regional, Las Palmas y la v\u00eda a Occidente. En todas las v\u00edas de los barrios regir\u00e1 normalmente, incluidos los corregimientos.<\/p>\n\n\n\n<p>La primera semana, es decir entre el 5 y el 11 de febrero, la medida ser\u00e1 pedag\u00f3gica y a partir del 12 de febrero ser\u00e1 sancionatoria. El incumplimiento genera una multa de 15 salarios m\u00ednimos diarios legales vigentes y la inmovilizaci\u00f3n del veh\u00edculo.<\/p>\n\n\n\n<p>La restricci\u00f3n incluye camperos, motocarros y cuatrimotos, y se har\u00e1 seg\u00fan el \u00faltimo d\u00edgito de la placa.<\/p>\n\n\n\n<p>Para motos, mototriciclos, tricimotos y ciclomotores de dos y cuatro tiempos aplicar\u00e1 con el primer n\u00famero de la placa.<\/p>\n\n\n\n<p>La rotaci\u00f3n para veh\u00edculos particulares queda as\u00ed:<\/p>\n\n\n\n<p>\u2022Lunes: 5 y 8 \u2022Martes: 1 y 4 \u2022Mi\u00e9rcoles: 2 y 0 \u2022Jueves: 3 y 6 \u2022Viernes: 7 y 9.<\/p>\n\n\n\n<p>Los carros el\u00e9ctricos, h\u00edbridos y a gas natural que cuenten con licencia de tr\u00e1nsito actualizada, no tendr\u00e1n que solicitar de nuevo autorizaci\u00f3n escrita para la exoneraci\u00f3n y quedan autom\u00e1ticamente por fuera ella, toda vez que la Secretar\u00eda de Movilidad tiene conexi\u00f3n con el Registro \u00danico Nacional de Tr\u00e1nsito (RUNT).<\/p>\n\n\n\n<p>Esto restar\u00e1 unas 66.000 solicitudes de exenci\u00f3n, es decir un 36,83 % de las realizadas.<\/p>\n\n\n\n<p>Para la rotaci\u00f3n del Pico y Placa en la modalidad de Transporte P\u00fablico Individual, es decir taxis, se mantendr\u00e1 el acuerdo con el gremio sobre la metodolog\u00eda de rotaci\u00f3n quincenal, variando el d\u00eda de la semana por mes, teniendo en cuenta solo d\u00edas h\u00e1biles y continuando la secuencia que se trae desde el a\u00f1o 2016\u201d.<\/p>\n\n\n\n<figure class=\"wp-block-image size-large\"><img fetchpriority=\"high\" decoding=\"async\" width=\"1024\" height=\"1024\" src=\"https:\/\/prensapaisa.com\/wp-content\/uploads\/2024\/02\/426308317_417047687556891_607982462431166583_n-1024x1024.jpg\" alt=\"\" class=\"wp-image-12074\" srcset=\"https:\/\/prensapaisa.com\/wp-content\/uploads\/2024\/02\/426308317_417047687556891_607982462431166583_n-1024x1024.jpg 1024w, https:\/\/prensapaisa.com\/wp-content\/uploads\/2024\/02\/426308317_417047687556891_607982462431166583_n-300x300.jpg 300w, https:\/\/prensapaisa.com\/wp-content\/uploads\/2024\/02\/426308317_417047687556891_607982462431166583_n-150x150.jpg 150w, https:\/\/prensapaisa.com\/wp-content\/uploads\/2024\/02\/426308317_417047687556891_607982462431166583_n-768x768.jpg 768w, https:\/\/prensapaisa.com\/wp-content\/uploads\/2024\/02\/426308317_417047687556891_607982462431166583_n-585x585.jpg 585w, https:\/\/prensapaisa.com\/wp-content\/uploads\/2024\/02\/426308317_417047687556891_607982462431166583_n.jpg 1080w\" sizes=\"(max-width: 1024px) 100vw, 1024px\" \/><\/figure>\n","protected":false},"excerpt":{"rendered":"<p>Prensapaisa.com &#8220;A partir del 5 de febrero, en Medell\u00edn, hay una nueva rotaci\u00f3n del Pico y Placa para carros, motos y taxis, para el primer semestre del a\u00f1o&#8221;. La norma&hellip;<\/p>\n","protected":false},"author":1,"featured_media":12074,"comment_status":"open","ping_status":"open","sticky":false,"template":"","format":"standard","meta":{"footnotes":""},"categories":[1,52],"tags":[],"class_list":["post-12073","post","type-post","status-publish","format-standard","has-post-thumbnail","hentry","category-noticias","category-pico-y-placa"],"yoast_head":"<!-- This site is optimized with the Yoast SEO plugin v27.5 - https:\/\/yoast.com\/product\/yoast-seo-wordpress\/ -->\n<title>\u00a1Cuidado al salir en su veh\u00edculo! Cambi\u00f3 el Pico y Placa en Medell\u00edn y en los municipios del Valle de Aburr\u00e1 - PRENSA PAISA<\/title>\n<meta name=\"robots\" content=\"index, follow, max-snippet:-1, max-image-preview:large, max-video-preview:-1\" \/>\n<link rel=\"canonical\" href=\"https:\/\/prensapaisa.com\/index.php\/2024\/02\/06\/cuidado-al-salir-en-su-vehiculo-cambio-el-pico-y-placa-en-medellin-y-en-los-municipios-del-valle-de-aburra\/\" \/>\n<meta property=\"og:locale\" content=\"es_ES\" \/>\n<meta property=\"og:type\" content=\"article\" \/>\n<meta property=\"og:title\" content=\"\u00a1Cuidado al salir en su veh\u00edculo! Cambi\u00f3 el Pico y Placa en Medell\u00edn y en los municipios del Valle de Aburr\u00e1 - PRENSA PAISA\" \/>\n<meta property=\"og:description\" content=\"Prensapaisa.com &#8220;A partir del 5 de febrero, en Medell\u00edn, hay una nueva rotaci\u00f3n del Pico y Placa para carros, motos y taxis, para el primer semestre del a\u00f1o&#8221;. La norma&hellip;\" \/>\n<meta property=\"og:url\" content=\"https:\/\/prensapaisa.com\/index.php\/2024\/02\/06\/cuidado-al-salir-en-su-vehiculo-cambio-el-pico-y-placa-en-medellin-y-en-los-municipios-del-valle-de-aburra\/\" \/>\n<meta property=\"og:site_name\" content=\"PRENSA PAISA\" \/>\n<meta property=\"article:published_time\" content=\"2024-02-06T18:35:31+00:00\" \/>\n<meta property=\"article:modified_time\" content=\"2024-02-06T18:55:04+00:00\" \/>\n<meta property=\"og:image\" content=\"https:\/\/prensapaisa.com\/wp-content\/uploads\/2024\/02\/426308317_417047687556891_607982462431166583_n.jpg\" \/>\n\t<meta property=\"og:image:width\" content=\"1080\" \/>\n\t<meta property=\"og:image:height\" content=\"1080\" \/>\n\t<meta property=\"og:image:type\" content=\"image\/jpeg\" \/>\n<meta name=\"author\" content=\"noticias@prensapaisa.com\" \/>\n<meta name=\"twitter:card\" content=\"summary_large_image\" \/>\n<meta name=\"twitter:label1\" content=\"Escrito por\" \/>\n\t<meta name=\"twitter:data1\" content=\"noticias@prensapaisa.com\" \/>\n\t<meta name=\"twitter:label2\" content=\"Tiempo de lectura\" \/>\n\t<meta name=\"twitter:data2\" content=\"2 minutos\" \/>\n<script type=\"application\/ld+json\" class=\"yoast-schema-graph\">{\"@context\":\"https:\\\/\\\/schema.org\",\"@graph\":[{\"@type\":\"Article\",\"@id\":\"https:\\\/\\\/prensapaisa.com\\\/index.php\\\/2024\\\/02\\\/06\\\/cuidado-al-salir-en-su-vehiculo-cambio-el-pico-y-placa-en-medellin-y-en-los-municipios-del-valle-de-aburra\\\/#article\",\"isPartOf\":{\"@id\":\"https:\\\/\\\/prensapaisa.com\\\/index.php\\\/2024\\\/02\\\/06\\\/cuidado-al-salir-en-su-vehiculo-cambio-el-pico-y-placa-en-medellin-y-en-los-municipios-del-valle-de-aburra\\\/\"},\"author\":{\"name\":\"noticias@prensapaisa.com\",\"@id\":\"https:\\\/\\\/prensapaisa.com\\\/#\\\/schema\\\/person\\\/c5899b8b285dbcd70faec88a7c1579f6\"},\"headline\":\"\u00a1Cuidado al salir en su veh\u00edculo! Cambi\u00f3 el Pico y Placa en Medell\u00edn y en los municipios del Valle de Aburr\u00e1\",\"datePublished\":\"2024-02-06T18:35:31+00:00\",\"dateModified\":\"2024-02-06T18:55:04+00:00\",\"mainEntityOfPage\":{\"@id\":\"https:\\\/\\\/prensapaisa.com\\\/index.php\\\/2024\\\/02\\\/06\\\/cuidado-al-salir-en-su-vehiculo-cambio-el-pico-y-placa-en-medellin-y-en-los-municipios-del-valle-de-aburra\\\/\"},\"wordCount\":357,\"commentCount\":0,\"publisher\":{\"@id\":\"https:\\\/\\\/prensapaisa.com\\\/#organization\"},\"image\":{\"@id\":\"https:\\\/\\\/prensapaisa.com\\\/index.php\\\/2024\\\/02\\\/06\\\/cuidado-al-salir-en-su-vehiculo-cambio-el-pico-y-placa-en-medellin-y-en-los-municipios-del-valle-de-aburra\\\/#primaryimage\"},\"thumbnailUrl\":\"https:\\\/\\\/prensapaisa.com\\\/wp-content\\\/uploads\\\/2024\\\/02\\\/426308317_417047687556891_607982462431166583_n.jpg\",\"articleSection\":[\"Noticias\",\"Pico y Placa\"],\"inLanguage\":\"es-CO\",\"potentialAction\":[{\"@type\":\"CommentAction\",\"name\":\"Comment\",\"target\":[\"https:\\\/\\\/prensapaisa.com\\\/index.php\\\/2024\\\/02\\\/06\\\/cuidado-al-salir-en-su-vehiculo-cambio-el-pico-y-placa-en-medellin-y-en-los-municipios-del-valle-de-aburra\\\/#respond\"]}]},{\"@type\":\"WebPage\",\"@id\":\"https:\\\/\\\/prensapaisa.com\\\/index.php\\\/2024\\\/02\\\/06\\\/cuidado-al-salir-en-su-vehiculo-cambio-el-pico-y-placa-en-medellin-y-en-los-municipios-del-valle-de-aburra\\\/\",\"url\":\"https:\\\/\\\/prensapaisa.com\\\/index.php\\\/2024\\\/02\\\/06\\\/cuidado-al-salir-en-su-vehiculo-cambio-el-pico-y-placa-en-medellin-y-en-los-municipios-del-valle-de-aburra\\\/\",\"name\":\"\u00a1Cuidado al salir en su veh\u00edculo! Cambi\u00f3 el Pico y Placa en Medell\u00edn y en los municipios del Valle de Aburr\u00e1 - PRENSA PAISA\",\"isPartOf\":{\"@id\":\"https:\\\/\\\/prensapaisa.com\\\/#website\"},\"primaryImageOfPage\":{\"@id\":\"https:\\\/\\\/prensapaisa.com\\\/index.php\\\/2024\\\/02\\\/06\\\/cuidado-al-salir-en-su-vehiculo-cambio-el-pico-y-placa-en-medellin-y-en-los-municipios-del-valle-de-aburra\\\/#primaryimage\"},\"image\":{\"@id\":\"https:\\\/\\\/prensapaisa.com\\\/index.php\\\/2024\\\/02\\\/06\\\/cuidado-al-salir-en-su-vehiculo-cambio-el-pico-y-placa-en-medellin-y-en-los-municipios-del-valle-de-aburra\\\/#primaryimage\"},\"thumbnailUrl\":\"https:\\\/\\\/prensapaisa.com\\\/wp-content\\\/uploads\\\/2024\\\/02\\\/426308317_417047687556891_607982462431166583_n.jpg\",\"datePublished\":\"2024-02-06T18:35:31+00:00\",\"dateModified\":\"2024-02-06T18:55:04+00:00\",\"breadcrumb\":{\"@id\":\"https:\\\/\\\/prensapaisa.com\\\/index.php\\\/2024\\\/02\\\/06\\\/cuidado-al-salir-en-su-vehiculo-cambio-el-pico-y-placa-en-medellin-y-en-los-municipios-del-valle-de-aburra\\\/#breadcrumb\"},\"inLanguage\":\"es-CO\",\"potentialAction\":[{\"@type\":\"ReadAction\",\"target\":[\"https:\\\/\\\/prensapaisa.com\\\/index.php\\\/2024\\\/02\\\/06\\\/cuidado-al-salir-en-su-vehiculo-cambio-el-pico-y-placa-en-medellin-y-en-los-municipios-del-valle-de-aburra\\\/\"]}]},{\"@type\":\"ImageObject\",\"inLanguage\":\"es-CO\",\"@id\":\"https:\\\/\\\/prensapaisa.com\\\/index.php\\\/2024\\\/02\\\/06\\\/cuidado-al-salir-en-su-vehiculo-cambio-el-pico-y-placa-en-medellin-y-en-los-municipios-del-valle-de-aburra\\\/#primaryimage\",\"url\":\"https:\\\/\\\/prensapaisa.com\\\/wp-content\\\/uploads\\\/2024\\\/02\\\/426308317_417047687556891_607982462431166583_n.jpg\",\"contentUrl\":\"https:\\\/\\\/prensapaisa.com\\\/wp-content\\\/uploads\\\/2024\\\/02\\\/426308317_417047687556891_607982462431166583_n.jpg\",\"width\":1080,\"height\":1080},{\"@type\":\"BreadcrumbList\",\"@id\":\"https:\\\/\\\/prensapaisa.com\\\/index.php\\\/2024\\\/02\\\/06\\\/cuidado-al-salir-en-su-vehiculo-cambio-el-pico-y-placa-en-medellin-y-en-los-municipios-del-valle-de-aburra\\\/#breadcrumb\",\"itemListElement\":[{\"@type\":\"ListItem\",\"position\":1,\"name\":\"Inicio\",\"item\":\"https:\\\/\\\/prensapaisa.com\\\/\"},{\"@type\":\"ListItem\",\"position\":2,\"name\":\"\u00a1Cuidado al salir en su veh\u00edculo! Cambi\u00f3 el Pico y Placa en Medell\u00edn y en los municipios del Valle de Aburr\u00e1\"}]},{\"@type\":\"WebSite\",\"@id\":\"https:\\\/\\\/prensapaisa.com\\\/#website\",\"url\":\"https:\\\/\\\/prensapaisa.com\\\/\",\"name\":\"PRENSA PAISA\",\"description\":\"Prensa Paisa la Original | Noticias de Medell\u00edn, Antioquia\",\"publisher\":{\"@id\":\"https:\\\/\\\/prensapaisa.com\\\/#organization\"},\"potentialAction\":[{\"@type\":\"SearchAction\",\"target\":{\"@type\":\"EntryPoint\",\"urlTemplate\":\"https:\\\/\\\/prensapaisa.com\\\/?s={search_term_string}\"},\"query-input\":{\"@type\":\"PropertyValueSpecification\",\"valueRequired\":true,\"valueName\":\"search_term_string\"}}],\"inLanguage\":\"es-CO\"},{\"@type\":\"Organization\",\"@id\":\"https:\\\/\\\/prensapaisa.com\\\/#organization\",\"name\":\"PRENSA PAISA\",\"url\":\"https:\\\/\\\/prensapaisa.com\\\/\",\"logo\":{\"@type\":\"ImageObject\",\"inLanguage\":\"es-CO\",\"@id\":\"https:\\\/\\\/prensapaisa.com\\\/#\\\/schema\\\/logo\\\/image\\\/\",\"url\":\"https:\\\/\\\/prensapaisa.com\\\/wp-content\\\/uploads\\\/2022\\\/05\\\/cropped-cropped-prensa.png\",\"contentUrl\":\"https:\\\/\\\/prensapaisa.com\\\/wp-content\\\/uploads\\\/2022\\\/05\\\/cropped-cropped-prensa.png\",\"width\":784,\"height\":524,\"caption\":\"PRENSA PAISA\"},\"image\":{\"@id\":\"https:\\\/\\\/prensapaisa.com\\\/#\\\/schema\\\/logo\\\/image\\\/\"}},{\"@type\":\"Person\",\"@id\":\"https:\\\/\\\/prensapaisa.com\\\/#\\\/schema\\\/person\\\/c5899b8b285dbcd70faec88a7c1579f6\",\"name\":\"noticias@prensapaisa.com\",\"image\":{\"@type\":\"ImageObject\",\"inLanguage\":\"es-CO\",\"@id\":\"https:\\\/\\\/secure.gravatar.com\\\/avatar\\\/ca2b49c1df14b84557c567431f045ea69c8ea5da2da50309fd4de9b811da0433?s=96&d=mm&r=g\",\"url\":\"https:\\\/\\\/secure.gravatar.com\\\/avatar\\\/ca2b49c1df14b84557c567431f045ea69c8ea5da2da50309fd4de9b811da0433?s=96&d=mm&r=g\",\"contentUrl\":\"https:\\\/\\\/secure.gravatar.com\\\/avatar\\\/ca2b49c1df14b84557c567431f045ea69c8ea5da2da50309fd4de9b811da0433?s=96&d=mm&r=g\",\"caption\":\"noticias@prensapaisa.com\"},\"sameAs\":[\"http:\\\/\\\/prensapaisa.com\"],\"url\":\"https:\\\/\\\/prensapaisa.com\\\/index.php\\\/author\\\/prensapaisagmail-com\\\/\"}]}<\/script>\n<!-- \/ Yoast SEO plugin. -->","yoast_head_json":{"title":"\u00a1Cuidado al salir en su veh\u00edculo! Cambi\u00f3 el Pico y Placa en Medell\u00edn y en los municipios del Valle de Aburr\u00e1 - PRENSA PAISA","robots":{"index":"index","follow":"follow","max-snippet":"max-snippet:-1","max-image-preview":"max-image-preview:large","max-video-preview":"max-video-preview:-1"},"canonical":"https:\/\/prensapaisa.com\/index.php\/2024\/02\/06\/cuidado-al-salir-en-su-vehiculo-cambio-el-pico-y-placa-en-medellin-y-en-los-municipios-del-valle-de-aburra\/","og_locale":"es_ES","og_type":"article","og_title":"\u00a1Cuidado al salir en su veh\u00edculo! Cambi\u00f3 el Pico y Placa en Medell\u00edn y en los municipios del Valle de Aburr\u00e1 - PRENSA PAISA","og_description":"Prensapaisa.com &#8220;A partir del 5 de febrero, en Medell\u00edn, hay una nueva rotaci\u00f3n del Pico y Placa para carros, motos y taxis, para el primer semestre del a\u00f1o&#8221;. La norma&hellip;","og_url":"https:\/\/prensapaisa.com\/index.php\/2024\/02\/06\/cuidado-al-salir-en-su-vehiculo-cambio-el-pico-y-placa-en-medellin-y-en-los-municipios-del-valle-de-aburra\/","og_site_name":"PRENSA PAISA","article_published_time":"2024-02-06T18:35:31+00:00","article_modified_time":"2024-02-06T18:55:04+00:00","og_image":[{"width":1080,"height":1080,"url":"https:\/\/prensapaisa.com\/wp-content\/uploads\/2024\/02\/426308317_417047687556891_607982462431166583_n.jpg","type":"image\/jpeg"}],"author":"noticias@prensapaisa.com","twitter_card":"summary_large_image","twitter_misc":{"Escrito por":"noticias@prensapaisa.com","Tiempo de lectura":"2 minutos"},"schema":{"@context":"https:\/\/schema.org","@graph":[{"@type":"Article","@id":"https:\/\/prensapaisa.com\/index.php\/2024\/02\/06\/cuidado-al-salir-en-su-vehiculo-cambio-el-pico-y-placa-en-medellin-y-en-los-municipios-del-valle-de-aburra\/#article","isPartOf":{"@id":"https:\/\/prensapaisa.com\/index.php\/2024\/02\/06\/cuidado-al-salir-en-su-vehiculo-cambio-el-pico-y-placa-en-medellin-y-en-los-municipios-del-valle-de-aburra\/"},"author":{"name":"noticias@prensapaisa.com","@id":"https:\/\/prensapaisa.com\/#\/schema\/person\/c5899b8b285dbcd70faec88a7c1579f6"},"headline":"\u00a1Cuidado al salir en su veh\u00edculo! Cambi\u00f3 el Pico y Placa en Medell\u00edn y en los municipios del Valle de Aburr\u00e1","datePublished":"2024-02-06T18:35:31+00:00","dateModified":"2024-02-06T18:55:04+00:00","mainEntityOfPage":{"@id":"https:\/\/prensapaisa.com\/index.php\/2024\/02\/06\/cuidado-al-salir-en-su-vehiculo-cambio-el-pico-y-placa-en-medellin-y-en-los-municipios-del-valle-de-aburra\/"},"wordCount":357,"commentCount":0,"publisher":{"@id":"https:\/\/prensapaisa.com\/#organization"},"image":{"@id":"https:\/\/prensapaisa.com\/index.php\/2024\/02\/06\/cuidado-al-salir-en-su-vehiculo-cambio-el-pico-y-placa-en-medellin-y-en-los-municipios-del-valle-de-aburra\/#primaryimage"},"thumbnailUrl":"https:\/\/prensapaisa.com\/wp-content\/uploads\/2024\/02\/426308317_417047687556891_607982462431166583_n.jpg","articleSection":["Noticias","Pico y Placa"],"inLanguage":"es-CO","potentialAction":[{"@type":"CommentAction","name":"Comment","target":["https:\/\/prensapaisa.com\/index.php\/2024\/02\/06\/cuidado-al-salir-en-su-vehiculo-cambio-el-pico-y-placa-en-medellin-y-en-los-municipios-del-valle-de-aburra\/#respond"]}]},{"@type":"WebPage","@id":"https:\/\/prensapaisa.com\/index.php\/2024\/02\/06\/cuidado-al-salir-en-su-vehiculo-cambio-el-pico-y-placa-en-medellin-y-en-los-municipios-del-valle-de-aburra\/","url":"https:\/\/prensapaisa.com\/index.php\/2024\/02\/06\/cuidado-al-salir-en-su-vehiculo-cambio-el-pico-y-placa-en-medellin-y-en-los-municipios-del-valle-de-aburra\/","name":"\u00a1Cuidado al salir en su veh\u00edculo! Cambi\u00f3 el Pico y Placa en Medell\u00edn y en los municipios del Valle de Aburr\u00e1 - PRENSA PAISA","isPartOf":{"@id":"https:\/\/prensapaisa.com\/#website"},"primaryImageOfPage":{"@id":"https:\/\/prensapaisa.com\/index.php\/2024\/02\/06\/cuidado-al-salir-en-su-vehiculo-cambio-el-pico-y-placa-en-medellin-y-en-los-municipios-del-valle-de-aburra\/#primaryimage"},"image":{"@id":"https:\/\/prensapaisa.com\/index.php\/2024\/02\/06\/cuidado-al-salir-en-su-vehiculo-cambio-el-pico-y-placa-en-medellin-y-en-los-municipios-del-valle-de-aburra\/#primaryimage"},"thumbnailUrl":"https:\/\/prensapaisa.com\/wp-content\/uploads\/2024\/02\/426308317_417047687556891_607982462431166583_n.jpg","datePublished":"2024-02-06T18:35:31+00:00","dateModified":"2024-02-06T18:55:04+00:00","breadcrumb":{"@id":"https:\/\/prensapaisa.com\/index.php\/2024\/02\/06\/cuidado-al-salir-en-su-vehiculo-cambio-el-pico-y-placa-en-medellin-y-en-los-municipios-del-valle-de-aburra\/#breadcrumb"},"inLanguage":"es-CO","potentialAction":[{"@type":"ReadAction","target":["https:\/\/prensapaisa.com\/index.php\/2024\/02\/06\/cuidado-al-salir-en-su-vehiculo-cambio-el-pico-y-placa-en-medellin-y-en-los-municipios-del-valle-de-aburra\/"]}]},{"@type":"ImageObject","inLanguage":"es-CO","@id":"https:\/\/prensapaisa.com\/index.php\/2024\/02\/06\/cuidado-al-salir-en-su-vehiculo-cambio-el-pico-y-placa-en-medellin-y-en-los-municipios-del-valle-de-aburra\/#primaryimage","url":"https:\/\/prensapaisa.com\/wp-content\/uploads\/2024\/02\/426308317_417047687556891_607982462431166583_n.jpg","contentUrl":"https:\/\/prensapaisa.com\/wp-content\/uploads\/2024\/02\/426308317_417047687556891_607982462431166583_n.jpg","width":1080,"height":1080},{"@type":"BreadcrumbList","@id":"https:\/\/prensapaisa.com\/index.php\/2024\/02\/06\/cuidado-al-salir-en-su-vehiculo-cambio-el-pico-y-placa-en-medellin-y-en-los-municipios-del-valle-de-aburra\/#breadcrumb","itemListElement":[{"@type":"ListItem","position":1,"name":"Inicio","item":"https:\/\/prensapaisa.com\/"},{"@type":"ListItem","position":2,"name":"\u00a1Cuidado al salir en su veh\u00edculo! Cambi\u00f3 el Pico y Placa en Medell\u00edn y en los municipios del Valle de Aburr\u00e1"}]},{"@type":"WebSite","@id":"https:\/\/prensapaisa.com\/#website","url":"https:\/\/prensapaisa.com\/","name":"PRENSA PAISA","description":"Prensa Paisa la Original | Noticias de Medell\u00edn, Antioquia","publisher":{"@id":"https:\/\/prensapaisa.com\/#organization"},"potentialAction":[{"@type":"SearchAction","target":{"@type":"EntryPoint","urlTemplate":"https:\/\/prensapaisa.com\/?s={search_term_string}"},"query-input":{"@type":"PropertyValueSpecification","valueRequired":true,"valueName":"search_term_string"}}],"inLanguage":"es-CO"},{"@type":"Organization","@id":"https:\/\/prensapaisa.com\/#organization","name":"PRENSA PAISA","url":"https:\/\/prensapaisa.com\/","logo":{"@type":"ImageObject","inLanguage":"es-CO","@id":"https:\/\/prensapaisa.com\/#\/schema\/logo\/image\/","url":"https:\/\/prensapaisa.com\/wp-content\/uploads\/2022\/05\/cropped-cropped-prensa.png","contentUrl":"https:\/\/prensapaisa.com\/wp-content\/uploads\/2022\/05\/cropped-cropped-prensa.png","width":784,"height":524,"caption":"PRENSA PAISA"},"image":{"@id":"https:\/\/prensapaisa.com\/#\/schema\/logo\/image\/"}},{"@type":"Person","@id":"https:\/\/prensapaisa.com\/#\/schema\/person\/c5899b8b285dbcd70faec88a7c1579f6","name":"noticias@prensapaisa.com","image":{"@type":"ImageObject","inLanguage":"es-CO","@id":"https:\/\/secure.gravatar.com\/avatar\/ca2b49c1df14b84557c567431f045ea69c8ea5da2da50309fd4de9b811da0433?s=96&d=mm&r=g","url":"https:\/\/secure.gravatar.com\/avatar\/ca2b49c1df14b84557c567431f045ea69c8ea5da2da50309fd4de9b811da0433?s=96&d=mm&r=g","contentUrl":"https:\/\/secure.gravatar.com\/avatar\/ca2b49c1df14b84557c567431f045ea69c8ea5da2da50309fd4de9b811da0433?s=96&d=mm&r=g","caption":"noticias@prensapaisa.com"},"sameAs":["http:\/\/prensapaisa.com"],"url":"https:\/\/prensapaisa.com\/index.php\/author\/prensapaisagmail-com\/"}]}},"_links":{"self":[{"href":"https:\/\/prensapaisa.com\/index.php\/wp-json\/wp\/v2\/posts\/12073","targetHints":{"allow":["GET"]}}],"collection":[{"href":"https:\/\/prensapaisa.com\/index.php\/wp-json\/wp\/v2\/posts"}],"about":[{"href":"https:\/\/prensapaisa.com\/index.php\/wp-json\/wp\/v2\/types\/post"}],"author":[{"embeddable":true,"href":"https:\/\/prensapaisa.com\/index.php\/wp-json\/wp\/v2\/users\/1"}],"replies":[{"embeddable":true,"href":"https:\/\/prensapaisa.com\/index.php\/wp-json\/wp\/v2\/comments?post=12073"}],"version-history":[{"count":1,"href":"https:\/\/prensapaisa.com\/index.php\/wp-json\/wp\/v2\/posts\/12073\/revisions"}],"predecessor-version":[{"id":12075,"href":"https:\/\/prensapaisa.com\/index.php\/wp-json\/wp\/v2\/posts\/12073\/revisions\/12075"}],"wp:featuredmedia":[{"embeddable":true,"href":"https:\/\/prensapaisa.com\/index.php\/wp-json\/wp\/v2\/media\/12074"}],"wp:attachment":[{"href":"https:\/\/prensapaisa.com\/index.php\/wp-json\/wp\/v2\/media?parent=12073"}],"wp:term":[{"taxonomy":"category","embeddable":true,"href":"https:\/\/prensapaisa.com\/index.php\/wp-json\/wp\/v2\/categories?post=12073"},{"taxonomy":"post_tag","embeddable":true,"href":"https:\/\/prensapaisa.com\/index.php\/wp-json\/wp\/v2\/tags?post=12073"}],"curies":[{"name":"wp","href":"https:\/\/api.w.org\/{rel}","templated":true}]}}