{"id":11485,"date":"2023-10-11T13:03:04","date_gmt":"2023-10-11T18:03:04","guid":{"rendered":"https:\/\/prensapaisa.com\/?p=11485"},"modified":"2023-10-15T13:03:15","modified_gmt":"2023-10-15T18:03:15","slug":"paisas-estan-felices-con-el-nuevo-alcalde-de-medellin-oscar-hurtado-porque-apoya-a-la-gente-pobre-y-a-los-venteros-informales-en-la-ciudad","status":"publish","type":"post","link":"https:\/\/prensapaisa.com\/index.php\/2023\/10\/11\/paisas-estan-felices-con-el-nuevo-alcalde-de-medellin-oscar-hurtado-porque-apoya-a-la-gente-pobre-y-a-los-venteros-informales-en-la-ciudad\/","title":{"rendered":"Paisas est\u00e1n felices con el nuevo alcalde de Medell\u00edn, \u00d3scar hurtado, porque apoya a la gente pobre y a los venteros informales en la ciudad"},"content":{"rendered":"\n<p>&#8220;La <a><\/a>Alcald\u00eda Distrital de Medell\u00edn lider\u00f3 una nueva edici\u00f3n del D\u00eda del Ventero Informal Regulado, el cual reconoce y resalta el papel de esta poblaci\u00f3n en el proceso de construcci\u00f3n de ciudad y de ciudadan\u00eda. Este evento exalt\u00f3 a los l\u00edderes de este gremio y reuni\u00f3 a m\u00e1s de 3.000 de ellos alrededor de la alegr\u00eda en su celebraci\u00f3n anual.<\/p>\n\n\n\n<p>La celebraci\u00f3n se realiz\u00f3 en Plaza Mayor y cont\u00f3 con 10 presentaciones musicales y art\u00edsticas, adem\u00e1s del reconocimiento especial a 32 l\u00edderes, todos vinculados con los procesos que se adelantan dentro de los 16 territorios de las comunas y cinco corregimientos que abarcan el Espacio P\u00fablico de la ciudad.<\/p>\n\n\n\n<p>En el evento se destac\u00f3 la labor de los venteros informales de la ciudad y a trav\u00e9s de la pedagog\u00eda y sensibilizaci\u00f3n en su manera de actuar frente a la construcci\u00f3n de la Medell\u00edn futuro. Se da un reconocimiento a aquellas personas que con su testimonio de vida han transformado espacios y son reconocidos en su entorno por su tenacidad y pujanza pese a las adversidades.<\/p>\n\n\n\n<p>Se estima que Medell\u00edn tiene unos 35.000 venteros informales. La cifra puede variar debido al aumento de actividades informales entre la poblaci\u00f3n migrante y v\u00edctimas del conflicto, as\u00ed como por el desempleo que se gener\u00f3 a causa de la pandemia.<\/p>\n\n\n\n<p>Las licencias para uso del espacio p\u00fablico estaban congeladas desde 2012 y, mediante resoluci\u00f3n, esto fue ratificado en 2017. En esta administraci\u00f3n, las autorizaciones se reactivaron para favorecer a quienes trabajan en la informalidad.De esta manera, pueden desarrollar su actividad de manera organizada y regulada, despu\u00e9s de un proceso de m\u00e1s de dos a\u00f1os, en los que fueron seleccionados por su vulnerabilidad, su permanencia en las capacitaciones en formalizaci\u00f3n y emprendimiento y su disposici\u00f3n como aliados de la institucionalidad en el cuidado y fortalecimiento del espacio p\u00fablico&#8221;.<\/p>\n\n\n\n<figure class=\"wp-block-embed is-type-video is-provider-youtube wp-block-embed-youtube wp-embed-aspect-16-9 wp-has-aspect-ratio\"><div class=\"wp-block-embed__wrapper\">\n<iframe title=\"politica\" width=\"1170\" height=\"658\" src=\"https:\/\/www.youtube.com\/embed\/CH5bdAOG__o?feature=oembed\" frameborder=\"0\" allow=\"accelerometer; autoplay; clipboard-write; encrypted-media; gyroscope; picture-in-picture; web-share\" allowfullscreen><\/iframe>\n<\/div><\/figure>\n","protected":false},"excerpt":{"rendered":"<p>&#8220;La Alcald\u00eda Distrital de Medell\u00edn lider\u00f3 una nueva edici\u00f3n del D\u00eda del Ventero Informal Regulado, el cual reconoce y resalta el papel de esta poblaci\u00f3n en el proceso de construcci\u00f3n&hellip;<\/p>\n","protected":false},"author":1,"featured_media":11492,"comment_status":"open","ping_status":"open","sticky":false,"template":"","format":"standard","meta":{"footnotes":""},"categories":[1],"tags":[],"class_list":["post-11485","post","type-post","status-publish","format-standard","has-post-thumbnail","hentry","category-noticias"],"yoast_head":"<!-- This site is optimized with the Yoast SEO plugin v27.4 - https:\/\/yoast.com\/product\/yoast-seo-wordpress\/ -->\n<title>Paisas est\u00e1n felices con el nuevo alcalde de Medell\u00edn, \u00d3scar hurtado, porque apoya a la gente pobre y a los venteros informales en la ciudad - PRENSA PAISA<\/title>\n<meta name=\"robots\" content=\"index, follow, max-snippet:-1, max-image-preview:large, max-video-preview:-1\" \/>\n<link rel=\"canonical\" href=\"https:\/\/prensapaisa.com\/index.php\/2023\/10\/11\/paisas-estan-felices-con-el-nuevo-alcalde-de-medellin-oscar-hurtado-porque-apoya-a-la-gente-pobre-y-a-los-venteros-informales-en-la-ciudad\/\" \/>\n<meta property=\"og:locale\" content=\"es_ES\" \/>\n<meta property=\"og:type\" content=\"article\" \/>\n<meta property=\"og:title\" content=\"Paisas est\u00e1n felices con el nuevo alcalde de Medell\u00edn, \u00d3scar hurtado, porque apoya a la gente pobre y a los venteros informales en la ciudad - PRENSA PAISA\" \/>\n<meta property=\"og:description\" content=\"&#8220;La Alcald\u00eda Distrital de Medell\u00edn lider\u00f3 una nueva edici\u00f3n del D\u00eda del Ventero Informal Regulado, el cual reconoce y resalta el papel de esta poblaci\u00f3n en el proceso de construcci\u00f3n&hellip;\" \/>\n<meta property=\"og:url\" content=\"https:\/\/prensapaisa.com\/index.php\/2023\/10\/11\/paisas-estan-felices-con-el-nuevo-alcalde-de-medellin-oscar-hurtado-porque-apoya-a-la-gente-pobre-y-a-los-venteros-informales-en-la-ciudad\/\" \/>\n<meta property=\"og:site_name\" content=\"PRENSA PAISA\" \/>\n<meta property=\"article:published_time\" content=\"2023-10-11T18:03:04+00:00\" \/>\n<meta property=\"article:modified_time\" content=\"2023-10-15T18:03:15+00:00\" \/>\n<meta property=\"og:image\" content=\"https:\/\/prensapaisa.com\/wp-content\/uploads\/2023\/10\/00000001-copia-29.jpg\" \/>\n\t<meta property=\"og:image:width\" content=\"1280\" \/>\n\t<meta property=\"og:image:height\" content=\"927\" \/>\n\t<meta property=\"og:image:type\" content=\"image\/jpeg\" \/>\n<meta name=\"author\" content=\"noticias@prensapaisa.com\" \/>\n<meta name=\"twitter:card\" content=\"summary_large_image\" \/>\n<meta name=\"twitter:label1\" content=\"Escrito por\" \/>\n\t<meta name=\"twitter:data1\" content=\"noticias@prensapaisa.com\" \/>\n\t<meta name=\"twitter:label2\" content=\"Tiempo de lectura\" \/>\n\t<meta name=\"twitter:data2\" content=\"2 minutos\" \/>\n<script type=\"application\/ld+json\" class=\"yoast-schema-graph\">{\"@context\":\"https:\\\/\\\/schema.org\",\"@graph\":[{\"@type\":\"Article\",\"@id\":\"https:\\\/\\\/prensapaisa.com\\\/index.php\\\/2023\\\/10\\\/11\\\/paisas-estan-felices-con-el-nuevo-alcalde-de-medellin-oscar-hurtado-porque-apoya-a-la-gente-pobre-y-a-los-venteros-informales-en-la-ciudad\\\/#article\",\"isPartOf\":{\"@id\":\"https:\\\/\\\/prensapaisa.com\\\/index.php\\\/2023\\\/10\\\/11\\\/paisas-estan-felices-con-el-nuevo-alcalde-de-medellin-oscar-hurtado-porque-apoya-a-la-gente-pobre-y-a-los-venteros-informales-en-la-ciudad\\\/\"},\"author\":{\"name\":\"noticias@prensapaisa.com\",\"@id\":\"https:\\\/\\\/prensapaisa.com\\\/#\\\/schema\\\/person\\\/c5899b8b285dbcd70faec88a7c1579f6\"},\"headline\":\"Paisas est\u00e1n felices con el nuevo alcalde de Medell\u00edn, \u00d3scar hurtado, porque apoya a la gente pobre y a los venteros informales en la ciudad\",\"datePublished\":\"2023-10-11T18:03:04+00:00\",\"dateModified\":\"2023-10-15T18:03:15+00:00\",\"mainEntityOfPage\":{\"@id\":\"https:\\\/\\\/prensapaisa.com\\\/index.php\\\/2023\\\/10\\\/11\\\/paisas-estan-felices-con-el-nuevo-alcalde-de-medellin-oscar-hurtado-porque-apoya-a-la-gente-pobre-y-a-los-venteros-informales-en-la-ciudad\\\/\"},\"wordCount\":362,\"commentCount\":0,\"publisher\":{\"@id\":\"https:\\\/\\\/prensapaisa.com\\\/#organization\"},\"image\":{\"@id\":\"https:\\\/\\\/prensapaisa.com\\\/index.php\\\/2023\\\/10\\\/11\\\/paisas-estan-felices-con-el-nuevo-alcalde-de-medellin-oscar-hurtado-porque-apoya-a-la-gente-pobre-y-a-los-venteros-informales-en-la-ciudad\\\/#primaryimage\"},\"thumbnailUrl\":\"https:\\\/\\\/prensapaisa.com\\\/wp-content\\\/uploads\\\/2023\\\/10\\\/00000001-copia-29.jpg\",\"articleSection\":[\"Noticias\"],\"inLanguage\":\"es-CO\",\"potentialAction\":[{\"@type\":\"CommentAction\",\"name\":\"Comment\",\"target\":[\"https:\\\/\\\/prensapaisa.com\\\/index.php\\\/2023\\\/10\\\/11\\\/paisas-estan-felices-con-el-nuevo-alcalde-de-medellin-oscar-hurtado-porque-apoya-a-la-gente-pobre-y-a-los-venteros-informales-en-la-ciudad\\\/#respond\"]}]},{\"@type\":\"WebPage\",\"@id\":\"https:\\\/\\\/prensapaisa.com\\\/index.php\\\/2023\\\/10\\\/11\\\/paisas-estan-felices-con-el-nuevo-alcalde-de-medellin-oscar-hurtado-porque-apoya-a-la-gente-pobre-y-a-los-venteros-informales-en-la-ciudad\\\/\",\"url\":\"https:\\\/\\\/prensapaisa.com\\\/index.php\\\/2023\\\/10\\\/11\\\/paisas-estan-felices-con-el-nuevo-alcalde-de-medellin-oscar-hurtado-porque-apoya-a-la-gente-pobre-y-a-los-venteros-informales-en-la-ciudad\\\/\",\"name\":\"Paisas est\u00e1n felices con el nuevo alcalde de Medell\u00edn, \u00d3scar hurtado, porque apoya a la gente pobre y a los venteros informales en la ciudad - PRENSA PAISA\",\"isPartOf\":{\"@id\":\"https:\\\/\\\/prensapaisa.com\\\/#website\"},\"primaryImageOfPage\":{\"@id\":\"https:\\\/\\\/prensapaisa.com\\\/index.php\\\/2023\\\/10\\\/11\\\/paisas-estan-felices-con-el-nuevo-alcalde-de-medellin-oscar-hurtado-porque-apoya-a-la-gente-pobre-y-a-los-venteros-informales-en-la-ciudad\\\/#primaryimage\"},\"image\":{\"@id\":\"https:\\\/\\\/prensapaisa.com\\\/index.php\\\/2023\\\/10\\\/11\\\/paisas-estan-felices-con-el-nuevo-alcalde-de-medellin-oscar-hurtado-porque-apoya-a-la-gente-pobre-y-a-los-venteros-informales-en-la-ciudad\\\/#primaryimage\"},\"thumbnailUrl\":\"https:\\\/\\\/prensapaisa.com\\\/wp-content\\\/uploads\\\/2023\\\/10\\\/00000001-copia-29.jpg\",\"datePublished\":\"2023-10-11T18:03:04+00:00\",\"dateModified\":\"2023-10-15T18:03:15+00:00\",\"breadcrumb\":{\"@id\":\"https:\\\/\\\/prensapaisa.com\\\/index.php\\\/2023\\\/10\\\/11\\\/paisas-estan-felices-con-el-nuevo-alcalde-de-medellin-oscar-hurtado-porque-apoya-a-la-gente-pobre-y-a-los-venteros-informales-en-la-ciudad\\\/#breadcrumb\"},\"inLanguage\":\"es-CO\",\"potentialAction\":[{\"@type\":\"ReadAction\",\"target\":[\"https:\\\/\\\/prensapaisa.com\\\/index.php\\\/2023\\\/10\\\/11\\\/paisas-estan-felices-con-el-nuevo-alcalde-de-medellin-oscar-hurtado-porque-apoya-a-la-gente-pobre-y-a-los-venteros-informales-en-la-ciudad\\\/\"]}]},{\"@type\":\"ImageObject\",\"inLanguage\":\"es-CO\",\"@id\":\"https:\\\/\\\/prensapaisa.com\\\/index.php\\\/2023\\\/10\\\/11\\\/paisas-estan-felices-con-el-nuevo-alcalde-de-medellin-oscar-hurtado-porque-apoya-a-la-gente-pobre-y-a-los-venteros-informales-en-la-ciudad\\\/#primaryimage\",\"url\":\"https:\\\/\\\/prensapaisa.com\\\/wp-content\\\/uploads\\\/2023\\\/10\\\/00000001-copia-29.jpg\",\"contentUrl\":\"https:\\\/\\\/prensapaisa.com\\\/wp-content\\\/uploads\\\/2023\\\/10\\\/00000001-copia-29.jpg\",\"width\":1280,\"height\":927},{\"@type\":\"BreadcrumbList\",\"@id\":\"https:\\\/\\\/prensapaisa.com\\\/index.php\\\/2023\\\/10\\\/11\\\/paisas-estan-felices-con-el-nuevo-alcalde-de-medellin-oscar-hurtado-porque-apoya-a-la-gente-pobre-y-a-los-venteros-informales-en-la-ciudad\\\/#breadcrumb\",\"itemListElement\":[{\"@type\":\"ListItem\",\"position\":1,\"name\":\"Inicio\",\"item\":\"https:\\\/\\\/prensapaisa.com\\\/\"},{\"@type\":\"ListItem\",\"position\":2,\"name\":\"Paisas est\u00e1n felices con el nuevo alcalde de Medell\u00edn, \u00d3scar hurtado, porque apoya a la gente pobre y a los venteros informales en la ciudad\"}]},{\"@type\":\"WebSite\",\"@id\":\"https:\\\/\\\/prensapaisa.com\\\/#website\",\"url\":\"https:\\\/\\\/prensapaisa.com\\\/\",\"name\":\"PRENSA PAISA\",\"description\":\"Prensa Paisa la Original | Noticias de Medell\u00edn, Antioquia\",\"publisher\":{\"@id\":\"https:\\\/\\\/prensapaisa.com\\\/#organization\"},\"potentialAction\":[{\"@type\":\"SearchAction\",\"target\":{\"@type\":\"EntryPoint\",\"urlTemplate\":\"https:\\\/\\\/prensapaisa.com\\\/?s={search_term_string}\"},\"query-input\":{\"@type\":\"PropertyValueSpecification\",\"valueRequired\":true,\"valueName\":\"search_term_string\"}}],\"inLanguage\":\"es-CO\"},{\"@type\":\"Organization\",\"@id\":\"https:\\\/\\\/prensapaisa.com\\\/#organization\",\"name\":\"PRENSA PAISA\",\"url\":\"https:\\\/\\\/prensapaisa.com\\\/\",\"logo\":{\"@type\":\"ImageObject\",\"inLanguage\":\"es-CO\",\"@id\":\"https:\\\/\\\/prensapaisa.com\\\/#\\\/schema\\\/logo\\\/image\\\/\",\"url\":\"https:\\\/\\\/prensapaisa.com\\\/wp-content\\\/uploads\\\/2022\\\/05\\\/cropped-cropped-prensa.png\",\"contentUrl\":\"https:\\\/\\\/prensapaisa.com\\\/wp-content\\\/uploads\\\/2022\\\/05\\\/cropped-cropped-prensa.png\",\"width\":784,\"height\":524,\"caption\":\"PRENSA PAISA\"},\"image\":{\"@id\":\"https:\\\/\\\/prensapaisa.com\\\/#\\\/schema\\\/logo\\\/image\\\/\"}},{\"@type\":\"Person\",\"@id\":\"https:\\\/\\\/prensapaisa.com\\\/#\\\/schema\\\/person\\\/c5899b8b285dbcd70faec88a7c1579f6\",\"name\":\"noticias@prensapaisa.com\",\"image\":{\"@type\":\"ImageObject\",\"inLanguage\":\"es-CO\",\"@id\":\"https:\\\/\\\/secure.gravatar.com\\\/avatar\\\/ca2b49c1df14b84557c567431f045ea69c8ea5da2da50309fd4de9b811da0433?s=96&d=mm&r=g\",\"url\":\"https:\\\/\\\/secure.gravatar.com\\\/avatar\\\/ca2b49c1df14b84557c567431f045ea69c8ea5da2da50309fd4de9b811da0433?s=96&d=mm&r=g\",\"contentUrl\":\"https:\\\/\\\/secure.gravatar.com\\\/avatar\\\/ca2b49c1df14b84557c567431f045ea69c8ea5da2da50309fd4de9b811da0433?s=96&d=mm&r=g\",\"caption\":\"noticias@prensapaisa.com\"},\"sameAs\":[\"http:\\\/\\\/prensapaisa.com\"],\"url\":\"https:\\\/\\\/prensapaisa.com\\\/index.php\\\/author\\\/prensapaisagmail-com\\\/\"}]}<\/script>\n<!-- \/ Yoast SEO plugin. -->","yoast_head_json":{"title":"Paisas est\u00e1n felices con el nuevo alcalde de Medell\u00edn, \u00d3scar hurtado, porque apoya a la gente pobre y a los venteros informales en la ciudad - PRENSA PAISA","robots":{"index":"index","follow":"follow","max-snippet":"max-snippet:-1","max-image-preview":"max-image-preview:large","max-video-preview":"max-video-preview:-1"},"canonical":"https:\/\/prensapaisa.com\/index.php\/2023\/10\/11\/paisas-estan-felices-con-el-nuevo-alcalde-de-medellin-oscar-hurtado-porque-apoya-a-la-gente-pobre-y-a-los-venteros-informales-en-la-ciudad\/","og_locale":"es_ES","og_type":"article","og_title":"Paisas est\u00e1n felices con el nuevo alcalde de Medell\u00edn, \u00d3scar hurtado, porque apoya a la gente pobre y a los venteros informales en la ciudad - PRENSA PAISA","og_description":"&#8220;La Alcald\u00eda Distrital de Medell\u00edn lider\u00f3 una nueva edici\u00f3n del D\u00eda del Ventero Informal Regulado, el cual reconoce y resalta el papel de esta poblaci\u00f3n en el proceso de construcci\u00f3n&hellip;","og_url":"https:\/\/prensapaisa.com\/index.php\/2023\/10\/11\/paisas-estan-felices-con-el-nuevo-alcalde-de-medellin-oscar-hurtado-porque-apoya-a-la-gente-pobre-y-a-los-venteros-informales-en-la-ciudad\/","og_site_name":"PRENSA PAISA","article_published_time":"2023-10-11T18:03:04+00:00","article_modified_time":"2023-10-15T18:03:15+00:00","og_image":[{"width":1280,"height":927,"url":"https:\/\/prensapaisa.com\/wp-content\/uploads\/2023\/10\/00000001-copia-29.jpg","type":"image\/jpeg"}],"author":"noticias@prensapaisa.com","twitter_card":"summary_large_image","twitter_misc":{"Escrito por":"noticias@prensapaisa.com","Tiempo de lectura":"2 minutos"},"schema":{"@context":"https:\/\/schema.org","@graph":[{"@type":"Article","@id":"https:\/\/prensapaisa.com\/index.php\/2023\/10\/11\/paisas-estan-felices-con-el-nuevo-alcalde-de-medellin-oscar-hurtado-porque-apoya-a-la-gente-pobre-y-a-los-venteros-informales-en-la-ciudad\/#article","isPartOf":{"@id":"https:\/\/prensapaisa.com\/index.php\/2023\/10\/11\/paisas-estan-felices-con-el-nuevo-alcalde-de-medellin-oscar-hurtado-porque-apoya-a-la-gente-pobre-y-a-los-venteros-informales-en-la-ciudad\/"},"author":{"name":"noticias@prensapaisa.com","@id":"https:\/\/prensapaisa.com\/#\/schema\/person\/c5899b8b285dbcd70faec88a7c1579f6"},"headline":"Paisas est\u00e1n felices con el nuevo alcalde de Medell\u00edn, \u00d3scar hurtado, porque apoya a la gente pobre y a los venteros informales en la ciudad","datePublished":"2023-10-11T18:03:04+00:00","dateModified":"2023-10-15T18:03:15+00:00","mainEntityOfPage":{"@id":"https:\/\/prensapaisa.com\/index.php\/2023\/10\/11\/paisas-estan-felices-con-el-nuevo-alcalde-de-medellin-oscar-hurtado-porque-apoya-a-la-gente-pobre-y-a-los-venteros-informales-en-la-ciudad\/"},"wordCount":362,"commentCount":0,"publisher":{"@id":"https:\/\/prensapaisa.com\/#organization"},"image":{"@id":"https:\/\/prensapaisa.com\/index.php\/2023\/10\/11\/paisas-estan-felices-con-el-nuevo-alcalde-de-medellin-oscar-hurtado-porque-apoya-a-la-gente-pobre-y-a-los-venteros-informales-en-la-ciudad\/#primaryimage"},"thumbnailUrl":"https:\/\/prensapaisa.com\/wp-content\/uploads\/2023\/10\/00000001-copia-29.jpg","articleSection":["Noticias"],"inLanguage":"es-CO","potentialAction":[{"@type":"CommentAction","name":"Comment","target":["https:\/\/prensapaisa.com\/index.php\/2023\/10\/11\/paisas-estan-felices-con-el-nuevo-alcalde-de-medellin-oscar-hurtado-porque-apoya-a-la-gente-pobre-y-a-los-venteros-informales-en-la-ciudad\/#respond"]}]},{"@type":"WebPage","@id":"https:\/\/prensapaisa.com\/index.php\/2023\/10\/11\/paisas-estan-felices-con-el-nuevo-alcalde-de-medellin-oscar-hurtado-porque-apoya-a-la-gente-pobre-y-a-los-venteros-informales-en-la-ciudad\/","url":"https:\/\/prensapaisa.com\/index.php\/2023\/10\/11\/paisas-estan-felices-con-el-nuevo-alcalde-de-medellin-oscar-hurtado-porque-apoya-a-la-gente-pobre-y-a-los-venteros-informales-en-la-ciudad\/","name":"Paisas est\u00e1n felices con el nuevo alcalde de Medell\u00edn, \u00d3scar hurtado, porque apoya a la gente pobre y a los venteros informales en la ciudad - PRENSA PAISA","isPartOf":{"@id":"https:\/\/prensapaisa.com\/#website"},"primaryImageOfPage":{"@id":"https:\/\/prensapaisa.com\/index.php\/2023\/10\/11\/paisas-estan-felices-con-el-nuevo-alcalde-de-medellin-oscar-hurtado-porque-apoya-a-la-gente-pobre-y-a-los-venteros-informales-en-la-ciudad\/#primaryimage"},"image":{"@id":"https:\/\/prensapaisa.com\/index.php\/2023\/10\/11\/paisas-estan-felices-con-el-nuevo-alcalde-de-medellin-oscar-hurtado-porque-apoya-a-la-gente-pobre-y-a-los-venteros-informales-en-la-ciudad\/#primaryimage"},"thumbnailUrl":"https:\/\/prensapaisa.com\/wp-content\/uploads\/2023\/10\/00000001-copia-29.jpg","datePublished":"2023-10-11T18:03:04+00:00","dateModified":"2023-10-15T18:03:15+00:00","breadcrumb":{"@id":"https:\/\/prensapaisa.com\/index.php\/2023\/10\/11\/paisas-estan-felices-con-el-nuevo-alcalde-de-medellin-oscar-hurtado-porque-apoya-a-la-gente-pobre-y-a-los-venteros-informales-en-la-ciudad\/#breadcrumb"},"inLanguage":"es-CO","potentialAction":[{"@type":"ReadAction","target":["https:\/\/prensapaisa.com\/index.php\/2023\/10\/11\/paisas-estan-felices-con-el-nuevo-alcalde-de-medellin-oscar-hurtado-porque-apoya-a-la-gente-pobre-y-a-los-venteros-informales-en-la-ciudad\/"]}]},{"@type":"ImageObject","inLanguage":"es-CO","@id":"https:\/\/prensapaisa.com\/index.php\/2023\/10\/11\/paisas-estan-felices-con-el-nuevo-alcalde-de-medellin-oscar-hurtado-porque-apoya-a-la-gente-pobre-y-a-los-venteros-informales-en-la-ciudad\/#primaryimage","url":"https:\/\/prensapaisa.com\/wp-content\/uploads\/2023\/10\/00000001-copia-29.jpg","contentUrl":"https:\/\/prensapaisa.com\/wp-content\/uploads\/2023\/10\/00000001-copia-29.jpg","width":1280,"height":927},{"@type":"BreadcrumbList","@id":"https:\/\/prensapaisa.com\/index.php\/2023\/10\/11\/paisas-estan-felices-con-el-nuevo-alcalde-de-medellin-oscar-hurtado-porque-apoya-a-la-gente-pobre-y-a-los-venteros-informales-en-la-ciudad\/#breadcrumb","itemListElement":[{"@type":"ListItem","position":1,"name":"Inicio","item":"https:\/\/prensapaisa.com\/"},{"@type":"ListItem","position":2,"name":"Paisas est\u00e1n felices con el nuevo alcalde de Medell\u00edn, \u00d3scar hurtado, porque apoya a la gente pobre y a los venteros informales en la ciudad"}]},{"@type":"WebSite","@id":"https:\/\/prensapaisa.com\/#website","url":"https:\/\/prensapaisa.com\/","name":"PRENSA PAISA","description":"Prensa Paisa la Original | Noticias de Medell\u00edn, Antioquia","publisher":{"@id":"https:\/\/prensapaisa.com\/#organization"},"potentialAction":[{"@type":"SearchAction","target":{"@type":"EntryPoint","urlTemplate":"https:\/\/prensapaisa.com\/?s={search_term_string}"},"query-input":{"@type":"PropertyValueSpecification","valueRequired":true,"valueName":"search_term_string"}}],"inLanguage":"es-CO"},{"@type":"Organization","@id":"https:\/\/prensapaisa.com\/#organization","name":"PRENSA PAISA","url":"https:\/\/prensapaisa.com\/","logo":{"@type":"ImageObject","inLanguage":"es-CO","@id":"https:\/\/prensapaisa.com\/#\/schema\/logo\/image\/","url":"https:\/\/prensapaisa.com\/wp-content\/uploads\/2022\/05\/cropped-cropped-prensa.png","contentUrl":"https:\/\/prensapaisa.com\/wp-content\/uploads\/2022\/05\/cropped-cropped-prensa.png","width":784,"height":524,"caption":"PRENSA PAISA"},"image":{"@id":"https:\/\/prensapaisa.com\/#\/schema\/logo\/image\/"}},{"@type":"Person","@id":"https:\/\/prensapaisa.com\/#\/schema\/person\/c5899b8b285dbcd70faec88a7c1579f6","name":"noticias@prensapaisa.com","image":{"@type":"ImageObject","inLanguage":"es-CO","@id":"https:\/\/secure.gravatar.com\/avatar\/ca2b49c1df14b84557c567431f045ea69c8ea5da2da50309fd4de9b811da0433?s=96&d=mm&r=g","url":"https:\/\/secure.gravatar.com\/avatar\/ca2b49c1df14b84557c567431f045ea69c8ea5da2da50309fd4de9b811da0433?s=96&d=mm&r=g","contentUrl":"https:\/\/secure.gravatar.com\/avatar\/ca2b49c1df14b84557c567431f045ea69c8ea5da2da50309fd4de9b811da0433?s=96&d=mm&r=g","caption":"noticias@prensapaisa.com"},"sameAs":["http:\/\/prensapaisa.com"],"url":"https:\/\/prensapaisa.com\/index.php\/author\/prensapaisagmail-com\/"}]}},"_links":{"self":[{"href":"https:\/\/prensapaisa.com\/index.php\/wp-json\/wp\/v2\/posts\/11485","targetHints":{"allow":["GET"]}}],"collection":[{"href":"https:\/\/prensapaisa.com\/index.php\/wp-json\/wp\/v2\/posts"}],"about":[{"href":"https:\/\/prensapaisa.com\/index.php\/wp-json\/wp\/v2\/types\/post"}],"author":[{"embeddable":true,"href":"https:\/\/prensapaisa.com\/index.php\/wp-json\/wp\/v2\/users\/1"}],"replies":[{"embeddable":true,"href":"https:\/\/prensapaisa.com\/index.php\/wp-json\/wp\/v2\/comments?post=11485"}],"version-history":[{"count":1,"href":"https:\/\/prensapaisa.com\/index.php\/wp-json\/wp\/v2\/posts\/11485\/revisions"}],"predecessor-version":[{"id":11493,"href":"https:\/\/prensapaisa.com\/index.php\/wp-json\/wp\/v2\/posts\/11485\/revisions\/11493"}],"wp:featuredmedia":[{"embeddable":true,"href":"https:\/\/prensapaisa.com\/index.php\/wp-json\/wp\/v2\/media\/11492"}],"wp:attachment":[{"href":"https:\/\/prensapaisa.com\/index.php\/wp-json\/wp\/v2\/media?parent=11485"}],"wp:term":[{"taxonomy":"category","embeddable":true,"href":"https:\/\/prensapaisa.com\/index.php\/wp-json\/wp\/v2\/categories?post=11485"},{"taxonomy":"post_tag","embeddable":true,"href":"https:\/\/prensapaisa.com\/index.php\/wp-json\/wp\/v2\/tags?post=11485"}],"curies":[{"name":"wp","href":"https:\/\/api.w.org\/{rel}","templated":true}]}}