{"id":10854,"date":"2023-06-04T12:50:43","date_gmt":"2023-06-04T17:50:43","guid":{"rendered":"https:\/\/prensapaisa.com\/?p=10854"},"modified":"2023-06-04T12:50:44","modified_gmt":"2023-06-04T17:50:44","slug":"accidente-de-transito-durante-la-manana-del-4-de-junio-entre-un-motociclista-y-un-conductor-de-un-vehiculo-particular-en-el-sector-ruta-n-de-medellin","status":"publish","type":"post","link":"https:\/\/prensapaisa.com\/index.php\/2023\/06\/04\/accidente-de-transito-durante-la-manana-del-4-de-junio-entre-un-motociclista-y-un-conductor-de-un-vehiculo-particular-en-el-sector-ruta-n-de-medellin\/","title":{"rendered":"Accidente de tr\u00e1nsito durante la ma\u00f1ana del 4 de junio, entre un motociclista y un conductor de un veh\u00edculo particular, en el sector Ruta N de Medell\u00edn"},"content":{"rendered":"\n<p><\/p>\n\n\n\n<figure class=\"wp-block-gallery has-nested-images columns-default is-cropped wp-block-gallery-1 is-layout-flex wp-block-gallery-is-layout-flex\">\n<figure class=\"wp-block-image size-large\"><img fetchpriority=\"high\" decoding=\"async\" width=\"362\" height=\"600\" data-id=\"10859\" src=\"https:\/\/prensapaisa.com\/wp-content\/uploads\/2023\/06\/00000001-copia.jpg\" alt=\"\" class=\"wp-image-10859\" srcset=\"https:\/\/prensapaisa.com\/wp-content\/uploads\/2023\/06\/00000001-copia.jpg 362w, https:\/\/prensapaisa.com\/wp-content\/uploads\/2023\/06\/00000001-copia-181x300.jpg 181w\" sizes=\"(max-width: 362px) 100vw, 362px\" \/><\/figure>\n\n\n\n<figure class=\"wp-block-image size-large\"><img decoding=\"async\" width=\"1024\" height=\"576\" data-id=\"10862\" src=\"https:\/\/prensapaisa.com\/wp-content\/uploads\/2023\/06\/1-copia-1024x576.jpg\" alt=\"\" class=\"wp-image-10862\" srcset=\"https:\/\/prensapaisa.com\/wp-content\/uploads\/2023\/06\/1-copia-1024x576.jpg 1024w, https:\/\/prensapaisa.com\/wp-content\/uploads\/2023\/06\/1-copia-300x169.jpg 300w, https:\/\/prensapaisa.com\/wp-content\/uploads\/2023\/06\/1-copia-768x432.jpg 768w, https:\/\/prensapaisa.com\/wp-content\/uploads\/2023\/06\/1-copia-1170x658.jpg 1170w, https:\/\/prensapaisa.com\/wp-content\/uploads\/2023\/06\/1-copia-585x329.jpg 585w, https:\/\/prensapaisa.com\/wp-content\/uploads\/2023\/06\/1-copia.jpg 1280w\" sizes=\"(max-width: 1024px) 100vw, 1024px\" \/><\/figure>\n\n\n\n<figure class=\"wp-block-image size-large\"><img decoding=\"async\" width=\"613\" height=\"1024\" data-id=\"10863\" src=\"https:\/\/prensapaisa.com\/wp-content\/uploads\/2023\/06\/2-613x1024.jpg\" alt=\"\" class=\"wp-image-10863\" srcset=\"https:\/\/prensapaisa.com\/wp-content\/uploads\/2023\/06\/2-613x1024.jpg 613w, https:\/\/prensapaisa.com\/wp-content\/uploads\/2023\/06\/2-180x300.jpg 180w, https:\/\/prensapaisa.com\/wp-content\/uploads\/2023\/06\/2-768x1282.jpg 768w, https:\/\/prensapaisa.com\/wp-content\/uploads\/2023\/06\/2-920x1536.jpg 920w, https:\/\/prensapaisa.com\/wp-content\/uploads\/2023\/06\/2-585x977.jpg 585w, https:\/\/prensapaisa.com\/wp-content\/uploads\/2023\/06\/2.jpg 1080w\" sizes=\"(max-width: 613px) 100vw, 613px\" \/><\/figure>\n\n\n\n<figure class=\"wp-block-image size-large\"><img loading=\"lazy\" decoding=\"async\" width=\"1024\" height=\"576\" data-id=\"10861\" src=\"https:\/\/prensapaisa.com\/wp-content\/uploads\/2023\/06\/3-copia-1024x576.jpg\" alt=\"\" class=\"wp-image-10861\" srcset=\"https:\/\/prensapaisa.com\/wp-content\/uploads\/2023\/06\/3-copia-1024x576.jpg 1024w, https:\/\/prensapaisa.com\/wp-content\/uploads\/2023\/06\/3-copia-300x169.jpg 300w, https:\/\/prensapaisa.com\/wp-content\/uploads\/2023\/06\/3-copia-768x432.jpg 768w, https:\/\/prensapaisa.com\/wp-content\/uploads\/2023\/06\/3-copia-1170x658.jpg 1170w, https:\/\/prensapaisa.com\/wp-content\/uploads\/2023\/06\/3-copia-585x329.jpg 585w, https:\/\/prensapaisa.com\/wp-content\/uploads\/2023\/06\/3-copia.jpg 1280w\" sizes=\"(max-width: 1024px) 100vw, 1024px\" \/><\/figure>\n\n\n\n<figure class=\"wp-block-image size-large\"><img loading=\"lazy\" decoding=\"async\" width=\"1024\" height=\"699\" data-id=\"10860\" src=\"https:\/\/prensapaisa.com\/wp-content\/uploads\/2023\/06\/3-1024x699.jpg\" alt=\"\" class=\"wp-image-10860\" srcset=\"https:\/\/prensapaisa.com\/wp-content\/uploads\/2023\/06\/3-1024x699.jpg 1024w, https:\/\/prensapaisa.com\/wp-content\/uploads\/2023\/06\/3-300x205.jpg 300w, https:\/\/prensapaisa.com\/wp-content\/uploads\/2023\/06\/3-768x524.jpg 768w, https:\/\/prensapaisa.com\/wp-content\/uploads\/2023\/06\/3-585x399.jpg 585w, https:\/\/prensapaisa.com\/wp-content\/uploads\/2023\/06\/3.jpg 1080w\" sizes=\"(max-width: 1024px) 100vw, 1024px\" \/><\/figure>\n<\/figure>\n","protected":false},"excerpt":{"rendered":"","protected":false},"author":1,"featured_media":10858,"comment_status":"open","ping_status":"open","sticky":false,"template":"","format":"standard","meta":{"footnotes":""},"categories":[45],"tags":[],"class_list":["post-10854","post","type-post","status-publish","format-standard","has-post-thumbnail","hentry","category-accidentes"],"yoast_head":"<!-- This site is optimized with the Yoast SEO plugin v27.4 - https:\/\/yoast.com\/product\/yoast-seo-wordpress\/ -->\n<title>Accidente de tr\u00e1nsito durante la ma\u00f1ana del 4 de junio, entre un motociclista y un conductor de un veh\u00edculo particular, en el sector Ruta N de Medell\u00edn - PRENSA PAISA<\/title>\n<meta name=\"robots\" content=\"index, follow, max-snippet:-1, max-image-preview:large, max-video-preview:-1\" \/>\n<link rel=\"canonical\" href=\"https:\/\/prensapaisa.com\/index.php\/2023\/06\/04\/accidente-de-transito-durante-la-manana-del-4-de-junio-entre-un-motociclista-y-un-conductor-de-un-vehiculo-particular-en-el-sector-ruta-n-de-medellin\/\" \/>\n<meta property=\"og:locale\" content=\"es_ES\" \/>\n<meta property=\"og:type\" content=\"article\" \/>\n<meta property=\"og:title\" content=\"Accidente de tr\u00e1nsito durante la ma\u00f1ana del 4 de junio, entre un motociclista y un conductor de un veh\u00edculo particular, en el sector Ruta N de Medell\u00edn - PRENSA PAISA\" \/>\n<meta property=\"og:url\" content=\"https:\/\/prensapaisa.com\/index.php\/2023\/06\/04\/accidente-de-transito-durante-la-manana-del-4-de-junio-entre-un-motociclista-y-un-conductor-de-un-vehiculo-particular-en-el-sector-ruta-n-de-medellin\/\" \/>\n<meta property=\"og:site_name\" content=\"PRENSA PAISA\" \/>\n<meta property=\"article:published_time\" content=\"2023-06-04T17:50:43+00:00\" \/>\n<meta property=\"article:modified_time\" content=\"2023-06-04T17:50:44+00:00\" \/>\n<meta property=\"og:image\" content=\"https:\/\/prensapaisa.com\/wp-content\/uploads\/2023\/06\/1.jpg\" \/>\n\t<meta property=\"og:image:width\" content=\"945\" \/>\n\t<meta property=\"og:image:height\" content=\"1432\" \/>\n\t<meta property=\"og:image:type\" content=\"image\/jpeg\" \/>\n<meta name=\"author\" content=\"noticias@prensapaisa.com\" \/>\n<meta name=\"twitter:card\" content=\"summary_large_image\" \/>\n<meta name=\"twitter:label1\" content=\"Escrito por\" \/>\n\t<meta name=\"twitter:data1\" content=\"noticias@prensapaisa.com\" \/>\n\t<meta name=\"twitter:label2\" content=\"Tiempo de lectura\" \/>\n\t<meta name=\"twitter:data2\" content=\"1 minuto\" \/>\n<script type=\"application\/ld+json\" class=\"yoast-schema-graph\">{\"@context\":\"https:\\\/\\\/schema.org\",\"@graph\":[{\"@type\":\"Article\",\"@id\":\"https:\\\/\\\/prensapaisa.com\\\/index.php\\\/2023\\\/06\\\/04\\\/accidente-de-transito-durante-la-manana-del-4-de-junio-entre-un-motociclista-y-un-conductor-de-un-vehiculo-particular-en-el-sector-ruta-n-de-medellin\\\/#article\",\"isPartOf\":{\"@id\":\"https:\\\/\\\/prensapaisa.com\\\/index.php\\\/2023\\\/06\\\/04\\\/accidente-de-transito-durante-la-manana-del-4-de-junio-entre-un-motociclista-y-un-conductor-de-un-vehiculo-particular-en-el-sector-ruta-n-de-medellin\\\/\"},\"author\":{\"name\":\"noticias@prensapaisa.com\",\"@id\":\"https:\\\/\\\/prensapaisa.com\\\/#\\\/schema\\\/person\\\/c5899b8b285dbcd70faec88a7c1579f6\"},\"headline\":\"Accidente de tr\u00e1nsito durante la ma\u00f1ana del 4 de junio, entre un motociclista y un conductor de un veh\u00edculo particular, en el sector Ruta N de Medell\u00edn\",\"datePublished\":\"2023-06-04T17:50:43+00:00\",\"dateModified\":\"2023-06-04T17:50:44+00:00\",\"mainEntityOfPage\":{\"@id\":\"https:\\\/\\\/prensapaisa.com\\\/index.php\\\/2023\\\/06\\\/04\\\/accidente-de-transito-durante-la-manana-del-4-de-junio-entre-un-motociclista-y-un-conductor-de-un-vehiculo-particular-en-el-sector-ruta-n-de-medellin\\\/\"},\"wordCount\":30,\"commentCount\":0,\"publisher\":{\"@id\":\"https:\\\/\\\/prensapaisa.com\\\/#organization\"},\"image\":{\"@id\":\"https:\\\/\\\/prensapaisa.com\\\/index.php\\\/2023\\\/06\\\/04\\\/accidente-de-transito-durante-la-manana-del-4-de-junio-entre-un-motociclista-y-un-conductor-de-un-vehiculo-particular-en-el-sector-ruta-n-de-medellin\\\/#primaryimage\"},\"thumbnailUrl\":\"https:\\\/\\\/prensapaisa.com\\\/wp-content\\\/uploads\\\/2023\\\/06\\\/1.jpg\",\"articleSection\":[\"Accidentes\"],\"inLanguage\":\"es-CO\",\"potentialAction\":[{\"@type\":\"CommentAction\",\"name\":\"Comment\",\"target\":[\"https:\\\/\\\/prensapaisa.com\\\/index.php\\\/2023\\\/06\\\/04\\\/accidente-de-transito-durante-la-manana-del-4-de-junio-entre-un-motociclista-y-un-conductor-de-un-vehiculo-particular-en-el-sector-ruta-n-de-medellin\\\/#respond\"]}]},{\"@type\":\"WebPage\",\"@id\":\"https:\\\/\\\/prensapaisa.com\\\/index.php\\\/2023\\\/06\\\/04\\\/accidente-de-transito-durante-la-manana-del-4-de-junio-entre-un-motociclista-y-un-conductor-de-un-vehiculo-particular-en-el-sector-ruta-n-de-medellin\\\/\",\"url\":\"https:\\\/\\\/prensapaisa.com\\\/index.php\\\/2023\\\/06\\\/04\\\/accidente-de-transito-durante-la-manana-del-4-de-junio-entre-un-motociclista-y-un-conductor-de-un-vehiculo-particular-en-el-sector-ruta-n-de-medellin\\\/\",\"name\":\"Accidente de tr\u00e1nsito durante la ma\u00f1ana del 4 de junio, entre un motociclista y un conductor de un veh\u00edculo particular, en el sector Ruta N de Medell\u00edn - PRENSA PAISA\",\"isPartOf\":{\"@id\":\"https:\\\/\\\/prensapaisa.com\\\/#website\"},\"primaryImageOfPage\":{\"@id\":\"https:\\\/\\\/prensapaisa.com\\\/index.php\\\/2023\\\/06\\\/04\\\/accidente-de-transito-durante-la-manana-del-4-de-junio-entre-un-motociclista-y-un-conductor-de-un-vehiculo-particular-en-el-sector-ruta-n-de-medellin\\\/#primaryimage\"},\"image\":{\"@id\":\"https:\\\/\\\/prensapaisa.com\\\/index.php\\\/2023\\\/06\\\/04\\\/accidente-de-transito-durante-la-manana-del-4-de-junio-entre-un-motociclista-y-un-conductor-de-un-vehiculo-particular-en-el-sector-ruta-n-de-medellin\\\/#primaryimage\"},\"thumbnailUrl\":\"https:\\\/\\\/prensapaisa.com\\\/wp-content\\\/uploads\\\/2023\\\/06\\\/1.jpg\",\"datePublished\":\"2023-06-04T17:50:43+00:00\",\"dateModified\":\"2023-06-04T17:50:44+00:00\",\"breadcrumb\":{\"@id\":\"https:\\\/\\\/prensapaisa.com\\\/index.php\\\/2023\\\/06\\\/04\\\/accidente-de-transito-durante-la-manana-del-4-de-junio-entre-un-motociclista-y-un-conductor-de-un-vehiculo-particular-en-el-sector-ruta-n-de-medellin\\\/#breadcrumb\"},\"inLanguage\":\"es-CO\",\"potentialAction\":[{\"@type\":\"ReadAction\",\"target\":[\"https:\\\/\\\/prensapaisa.com\\\/index.php\\\/2023\\\/06\\\/04\\\/accidente-de-transito-durante-la-manana-del-4-de-junio-entre-un-motociclista-y-un-conductor-de-un-vehiculo-particular-en-el-sector-ruta-n-de-medellin\\\/\"]}]},{\"@type\":\"ImageObject\",\"inLanguage\":\"es-CO\",\"@id\":\"https:\\\/\\\/prensapaisa.com\\\/index.php\\\/2023\\\/06\\\/04\\\/accidente-de-transito-durante-la-manana-del-4-de-junio-entre-un-motociclista-y-un-conductor-de-un-vehiculo-particular-en-el-sector-ruta-n-de-medellin\\\/#primaryimage\",\"url\":\"https:\\\/\\\/prensapaisa.com\\\/wp-content\\\/uploads\\\/2023\\\/06\\\/1.jpg\",\"contentUrl\":\"https:\\\/\\\/prensapaisa.com\\\/wp-content\\\/uploads\\\/2023\\\/06\\\/1.jpg\",\"width\":945,\"height\":1432},{\"@type\":\"BreadcrumbList\",\"@id\":\"https:\\\/\\\/prensapaisa.com\\\/index.php\\\/2023\\\/06\\\/04\\\/accidente-de-transito-durante-la-manana-del-4-de-junio-entre-un-motociclista-y-un-conductor-de-un-vehiculo-particular-en-el-sector-ruta-n-de-medellin\\\/#breadcrumb\",\"itemListElement\":[{\"@type\":\"ListItem\",\"position\":1,\"name\":\"Inicio\",\"item\":\"https:\\\/\\\/prensapaisa.com\\\/\"},{\"@type\":\"ListItem\",\"position\":2,\"name\":\"Accidente de tr\u00e1nsito durante la ma\u00f1ana del 4 de junio, entre un motociclista y un conductor de un veh\u00edculo particular, en el sector Ruta N de Medell\u00edn\"}]},{\"@type\":\"WebSite\",\"@id\":\"https:\\\/\\\/prensapaisa.com\\\/#website\",\"url\":\"https:\\\/\\\/prensapaisa.com\\\/\",\"name\":\"PRENSA PAISA\",\"description\":\"Prensa Paisa la Original | Noticias de Medell\u00edn, Antioquia\",\"publisher\":{\"@id\":\"https:\\\/\\\/prensapaisa.com\\\/#organization\"},\"potentialAction\":[{\"@type\":\"SearchAction\",\"target\":{\"@type\":\"EntryPoint\",\"urlTemplate\":\"https:\\\/\\\/prensapaisa.com\\\/?s={search_term_string}\"},\"query-input\":{\"@type\":\"PropertyValueSpecification\",\"valueRequired\":true,\"valueName\":\"search_term_string\"}}],\"inLanguage\":\"es-CO\"},{\"@type\":\"Organization\",\"@id\":\"https:\\\/\\\/prensapaisa.com\\\/#organization\",\"name\":\"PRENSA PAISA\",\"url\":\"https:\\\/\\\/prensapaisa.com\\\/\",\"logo\":{\"@type\":\"ImageObject\",\"inLanguage\":\"es-CO\",\"@id\":\"https:\\\/\\\/prensapaisa.com\\\/#\\\/schema\\\/logo\\\/image\\\/\",\"url\":\"https:\\\/\\\/prensapaisa.com\\\/wp-content\\\/uploads\\\/2022\\\/05\\\/cropped-cropped-prensa.png\",\"contentUrl\":\"https:\\\/\\\/prensapaisa.com\\\/wp-content\\\/uploads\\\/2022\\\/05\\\/cropped-cropped-prensa.png\",\"width\":784,\"height\":524,\"caption\":\"PRENSA PAISA\"},\"image\":{\"@id\":\"https:\\\/\\\/prensapaisa.com\\\/#\\\/schema\\\/logo\\\/image\\\/\"}},{\"@type\":\"Person\",\"@id\":\"https:\\\/\\\/prensapaisa.com\\\/#\\\/schema\\\/person\\\/c5899b8b285dbcd70faec88a7c1579f6\",\"name\":\"noticias@prensapaisa.com\",\"image\":{\"@type\":\"ImageObject\",\"inLanguage\":\"es-CO\",\"@id\":\"https:\\\/\\\/secure.gravatar.com\\\/avatar\\\/ca2b49c1df14b84557c567431f045ea69c8ea5da2da50309fd4de9b811da0433?s=96&d=mm&r=g\",\"url\":\"https:\\\/\\\/secure.gravatar.com\\\/avatar\\\/ca2b49c1df14b84557c567431f045ea69c8ea5da2da50309fd4de9b811da0433?s=96&d=mm&r=g\",\"contentUrl\":\"https:\\\/\\\/secure.gravatar.com\\\/avatar\\\/ca2b49c1df14b84557c567431f045ea69c8ea5da2da50309fd4de9b811da0433?s=96&d=mm&r=g\",\"caption\":\"noticias@prensapaisa.com\"},\"sameAs\":[\"http:\\\/\\\/prensapaisa.com\"],\"url\":\"https:\\\/\\\/prensapaisa.com\\\/index.php\\\/author\\\/prensapaisagmail-com\\\/\"}]}<\/script>\n<!-- \/ Yoast SEO plugin. -->","yoast_head_json":{"title":"Accidente de tr\u00e1nsito durante la ma\u00f1ana del 4 de junio, entre un motociclista y un conductor de un veh\u00edculo particular, en el sector Ruta N de Medell\u00edn - PRENSA PAISA","robots":{"index":"index","follow":"follow","max-snippet":"max-snippet:-1","max-image-preview":"max-image-preview:large","max-video-preview":"max-video-preview:-1"},"canonical":"https:\/\/prensapaisa.com\/index.php\/2023\/06\/04\/accidente-de-transito-durante-la-manana-del-4-de-junio-entre-un-motociclista-y-un-conductor-de-un-vehiculo-particular-en-el-sector-ruta-n-de-medellin\/","og_locale":"es_ES","og_type":"article","og_title":"Accidente de tr\u00e1nsito durante la ma\u00f1ana del 4 de junio, entre un motociclista y un conductor de un veh\u00edculo particular, en el sector Ruta N de Medell\u00edn - PRENSA PAISA","og_url":"https:\/\/prensapaisa.com\/index.php\/2023\/06\/04\/accidente-de-transito-durante-la-manana-del-4-de-junio-entre-un-motociclista-y-un-conductor-de-un-vehiculo-particular-en-el-sector-ruta-n-de-medellin\/","og_site_name":"PRENSA PAISA","article_published_time":"2023-06-04T17:50:43+00:00","article_modified_time":"2023-06-04T17:50:44+00:00","og_image":[{"width":945,"height":1432,"url":"https:\/\/prensapaisa.com\/wp-content\/uploads\/2023\/06\/1.jpg","type":"image\/jpeg"}],"author":"noticias@prensapaisa.com","twitter_card":"summary_large_image","twitter_misc":{"Escrito por":"noticias@prensapaisa.com","Tiempo de lectura":"1 minuto"},"schema":{"@context":"https:\/\/schema.org","@graph":[{"@type":"Article","@id":"https:\/\/prensapaisa.com\/index.php\/2023\/06\/04\/accidente-de-transito-durante-la-manana-del-4-de-junio-entre-un-motociclista-y-un-conductor-de-un-vehiculo-particular-en-el-sector-ruta-n-de-medellin\/#article","isPartOf":{"@id":"https:\/\/prensapaisa.com\/index.php\/2023\/06\/04\/accidente-de-transito-durante-la-manana-del-4-de-junio-entre-un-motociclista-y-un-conductor-de-un-vehiculo-particular-en-el-sector-ruta-n-de-medellin\/"},"author":{"name":"noticias@prensapaisa.com","@id":"https:\/\/prensapaisa.com\/#\/schema\/person\/c5899b8b285dbcd70faec88a7c1579f6"},"headline":"Accidente de tr\u00e1nsito durante la ma\u00f1ana del 4 de junio, entre un motociclista y un conductor de un veh\u00edculo particular, en el sector Ruta N de Medell\u00edn","datePublished":"2023-06-04T17:50:43+00:00","dateModified":"2023-06-04T17:50:44+00:00","mainEntityOfPage":{"@id":"https:\/\/prensapaisa.com\/index.php\/2023\/06\/04\/accidente-de-transito-durante-la-manana-del-4-de-junio-entre-un-motociclista-y-un-conductor-de-un-vehiculo-particular-en-el-sector-ruta-n-de-medellin\/"},"wordCount":30,"commentCount":0,"publisher":{"@id":"https:\/\/prensapaisa.com\/#organization"},"image":{"@id":"https:\/\/prensapaisa.com\/index.php\/2023\/06\/04\/accidente-de-transito-durante-la-manana-del-4-de-junio-entre-un-motociclista-y-un-conductor-de-un-vehiculo-particular-en-el-sector-ruta-n-de-medellin\/#primaryimage"},"thumbnailUrl":"https:\/\/prensapaisa.com\/wp-content\/uploads\/2023\/06\/1.jpg","articleSection":["Accidentes"],"inLanguage":"es-CO","potentialAction":[{"@type":"CommentAction","name":"Comment","target":["https:\/\/prensapaisa.com\/index.php\/2023\/06\/04\/accidente-de-transito-durante-la-manana-del-4-de-junio-entre-un-motociclista-y-un-conductor-de-un-vehiculo-particular-en-el-sector-ruta-n-de-medellin\/#respond"]}]},{"@type":"WebPage","@id":"https:\/\/prensapaisa.com\/index.php\/2023\/06\/04\/accidente-de-transito-durante-la-manana-del-4-de-junio-entre-un-motociclista-y-un-conductor-de-un-vehiculo-particular-en-el-sector-ruta-n-de-medellin\/","url":"https:\/\/prensapaisa.com\/index.php\/2023\/06\/04\/accidente-de-transito-durante-la-manana-del-4-de-junio-entre-un-motociclista-y-un-conductor-de-un-vehiculo-particular-en-el-sector-ruta-n-de-medellin\/","name":"Accidente de tr\u00e1nsito durante la ma\u00f1ana del 4 de junio, entre un motociclista y un conductor de un veh\u00edculo particular, en el sector Ruta N de Medell\u00edn - PRENSA PAISA","isPartOf":{"@id":"https:\/\/prensapaisa.com\/#website"},"primaryImageOfPage":{"@id":"https:\/\/prensapaisa.com\/index.php\/2023\/06\/04\/accidente-de-transito-durante-la-manana-del-4-de-junio-entre-un-motociclista-y-un-conductor-de-un-vehiculo-particular-en-el-sector-ruta-n-de-medellin\/#primaryimage"},"image":{"@id":"https:\/\/prensapaisa.com\/index.php\/2023\/06\/04\/accidente-de-transito-durante-la-manana-del-4-de-junio-entre-un-motociclista-y-un-conductor-de-un-vehiculo-particular-en-el-sector-ruta-n-de-medellin\/#primaryimage"},"thumbnailUrl":"https:\/\/prensapaisa.com\/wp-content\/uploads\/2023\/06\/1.jpg","datePublished":"2023-06-04T17:50:43+00:00","dateModified":"2023-06-04T17:50:44+00:00","breadcrumb":{"@id":"https:\/\/prensapaisa.com\/index.php\/2023\/06\/04\/accidente-de-transito-durante-la-manana-del-4-de-junio-entre-un-motociclista-y-un-conductor-de-un-vehiculo-particular-en-el-sector-ruta-n-de-medellin\/#breadcrumb"},"inLanguage":"es-CO","potentialAction":[{"@type":"ReadAction","target":["https:\/\/prensapaisa.com\/index.php\/2023\/06\/04\/accidente-de-transito-durante-la-manana-del-4-de-junio-entre-un-motociclista-y-un-conductor-de-un-vehiculo-particular-en-el-sector-ruta-n-de-medellin\/"]}]},{"@type":"ImageObject","inLanguage":"es-CO","@id":"https:\/\/prensapaisa.com\/index.php\/2023\/06\/04\/accidente-de-transito-durante-la-manana-del-4-de-junio-entre-un-motociclista-y-un-conductor-de-un-vehiculo-particular-en-el-sector-ruta-n-de-medellin\/#primaryimage","url":"https:\/\/prensapaisa.com\/wp-content\/uploads\/2023\/06\/1.jpg","contentUrl":"https:\/\/prensapaisa.com\/wp-content\/uploads\/2023\/06\/1.jpg","width":945,"height":1432},{"@type":"BreadcrumbList","@id":"https:\/\/prensapaisa.com\/index.php\/2023\/06\/04\/accidente-de-transito-durante-la-manana-del-4-de-junio-entre-un-motociclista-y-un-conductor-de-un-vehiculo-particular-en-el-sector-ruta-n-de-medellin\/#breadcrumb","itemListElement":[{"@type":"ListItem","position":1,"name":"Inicio","item":"https:\/\/prensapaisa.com\/"},{"@type":"ListItem","position":2,"name":"Accidente de tr\u00e1nsito durante la ma\u00f1ana del 4 de junio, entre un motociclista y un conductor de un veh\u00edculo particular, en el sector Ruta N de Medell\u00edn"}]},{"@type":"WebSite","@id":"https:\/\/prensapaisa.com\/#website","url":"https:\/\/prensapaisa.com\/","name":"PRENSA PAISA","description":"Prensa Paisa la Original | Noticias de Medell\u00edn, Antioquia","publisher":{"@id":"https:\/\/prensapaisa.com\/#organization"},"potentialAction":[{"@type":"SearchAction","target":{"@type":"EntryPoint","urlTemplate":"https:\/\/prensapaisa.com\/?s={search_term_string}"},"query-input":{"@type":"PropertyValueSpecification","valueRequired":true,"valueName":"search_term_string"}}],"inLanguage":"es-CO"},{"@type":"Organization","@id":"https:\/\/prensapaisa.com\/#organization","name":"PRENSA PAISA","url":"https:\/\/prensapaisa.com\/","logo":{"@type":"ImageObject","inLanguage":"es-CO","@id":"https:\/\/prensapaisa.com\/#\/schema\/logo\/image\/","url":"https:\/\/prensapaisa.com\/wp-content\/uploads\/2022\/05\/cropped-cropped-prensa.png","contentUrl":"https:\/\/prensapaisa.com\/wp-content\/uploads\/2022\/05\/cropped-cropped-prensa.png","width":784,"height":524,"caption":"PRENSA PAISA"},"image":{"@id":"https:\/\/prensapaisa.com\/#\/schema\/logo\/image\/"}},{"@type":"Person","@id":"https:\/\/prensapaisa.com\/#\/schema\/person\/c5899b8b285dbcd70faec88a7c1579f6","name":"noticias@prensapaisa.com","image":{"@type":"ImageObject","inLanguage":"es-CO","@id":"https:\/\/secure.gravatar.com\/avatar\/ca2b49c1df14b84557c567431f045ea69c8ea5da2da50309fd4de9b811da0433?s=96&d=mm&r=g","url":"https:\/\/secure.gravatar.com\/avatar\/ca2b49c1df14b84557c567431f045ea69c8ea5da2da50309fd4de9b811da0433?s=96&d=mm&r=g","contentUrl":"https:\/\/secure.gravatar.com\/avatar\/ca2b49c1df14b84557c567431f045ea69c8ea5da2da50309fd4de9b811da0433?s=96&d=mm&r=g","caption":"noticias@prensapaisa.com"},"sameAs":["http:\/\/prensapaisa.com"],"url":"https:\/\/prensapaisa.com\/index.php\/author\/prensapaisagmail-com\/"}]}},"_links":{"self":[{"href":"https:\/\/prensapaisa.com\/index.php\/wp-json\/wp\/v2\/posts\/10854","targetHints":{"allow":["GET"]}}],"collection":[{"href":"https:\/\/prensapaisa.com\/index.php\/wp-json\/wp\/v2\/posts"}],"about":[{"href":"https:\/\/prensapaisa.com\/index.php\/wp-json\/wp\/v2\/types\/post"}],"author":[{"embeddable":true,"href":"https:\/\/prensapaisa.com\/index.php\/wp-json\/wp\/v2\/users\/1"}],"replies":[{"embeddable":true,"href":"https:\/\/prensapaisa.com\/index.php\/wp-json\/wp\/v2\/comments?post=10854"}],"version-history":[{"count":1,"href":"https:\/\/prensapaisa.com\/index.php\/wp-json\/wp\/v2\/posts\/10854\/revisions"}],"predecessor-version":[{"id":10864,"href":"https:\/\/prensapaisa.com\/index.php\/wp-json\/wp\/v2\/posts\/10854\/revisions\/10864"}],"wp:featuredmedia":[{"embeddable":true,"href":"https:\/\/prensapaisa.com\/index.php\/wp-json\/wp\/v2\/media\/10858"}],"wp:attachment":[{"href":"https:\/\/prensapaisa.com\/index.php\/wp-json\/wp\/v2\/media?parent=10854"}],"wp:term":[{"taxonomy":"category","embeddable":true,"href":"https:\/\/prensapaisa.com\/index.php\/wp-json\/wp\/v2\/categories?post=10854"},{"taxonomy":"post_tag","embeddable":true,"href":"https:\/\/prensapaisa.com\/index.php\/wp-json\/wp\/v2\/tags?post=10854"}],"curies":[{"name":"wp","href":"https:\/\/api.w.org\/{rel}","templated":true}]}}