{"id":10656,"date":"2023-04-13T03:35:14","date_gmt":"2023-04-13T08:35:14","guid":{"rendered":"https:\/\/prensapaisa.com\/?p=10656"},"modified":"2023-04-13T03:35:15","modified_gmt":"2023-04-13T08:35:15","slug":"enviaron-a-prision-a-la-pulga-por-un-secuestro-en-medellin","status":"publish","type":"post","link":"https:\/\/prensapaisa.com\/index.php\/2023\/04\/13\/enviaron-a-prision-a-la-pulga-por-un-secuestro-en-medellin\/","title":{"rendered":"Enviaron a prisi\u00f3n a la &#8220;pulga&#8221; por un secuestro en Medell\u00edn"},"content":{"rendered":"\n<p>&#8220;Una dama, Estefan\u00eda \u00c1lvarez Bol\u00edvar, fue enviada a la c\u00e1rcel como presunta integrante de una banda criminal que habr\u00eda secuestrado y torturado a un hombre, de 19 a\u00f1os de edad, en la Comuna Trece de la Capital antioque\u00f1a.<\/p>\n\n\n\n<p>Los <a><\/a>hechos investigados ocurrieron el 29 de agosto de 2020 en el barrio Olaya Herrera de la capital antioque\u00f1a, donde la v\u00edctima habr\u00eda sido interceptada por varias personas armadas, quienes la llevaron por la fuerza hasta una caba\u00f1a abandonada del sector; all\u00ed le habr\u00edan quemado la espalda y las manos con cucharas calientes y cigarrillos.<\/p>\n\n\n\n<p>Al parecer, tambi\u00e9n le introdujeron la cabeza en un balde con agua y le aplicaron descargas el\u00e9ctricas. Luego de tres d\u00edas sin agua y comida, el joven fue rescatado por servidores de la Polic\u00eda Nacional que lo encontraron amarrado y deshidratado.<\/p>\n\n\n\n<p>Seg\u00fan la informaci\u00f3n obtenida por los investigadores, desde el a\u00f1o 2017 \u00c1lvarez Bol\u00edvar, conocida como la &#8220;pulga&#8221; o la &#8220;mona&#8221; har\u00eda parte del grupo de delincuencia com\u00fan organizada Los Paracos, con injerencia en las Comunas 7 y 13 de Medell\u00edn.<\/p>\n\n\n\n<p>La capturada no acept\u00f3 los cargos imputados por un fiscal especializado de Medell\u00edn por los delitos de concierto para delinquir agravado, secuestro simple agravado y tortura.<\/p>\n\n\n\n<p>Por estos hechos ya fue sentenciado uno de sus compinches, Lluanes Makensy Bol\u00edvar G\u00f3mez, a 15 a\u00f1os de prisi\u00f3n&#8221;.<\/p>\n","protected":false},"excerpt":{"rendered":"<p>&#8220;Una dama, Estefan\u00eda \u00c1lvarez Bol\u00edvar, fue enviada a la c\u00e1rcel como presunta integrante de una banda criminal que habr\u00eda secuestrado y torturado a un hombre, de 19 a\u00f1os de edad,&hellip;<\/p>\n","protected":false},"author":1,"featured_media":10659,"comment_status":"open","ping_status":"open","sticky":false,"template":"","format":"standard","meta":{"footnotes":""},"categories":[49,1],"tags":[],"class_list":["post-10656","post","type-post","status-publish","format-standard","has-post-thumbnail","hentry","category-capturas","category-noticias"],"yoast_head":"<!-- This site is optimized with the Yoast SEO plugin v27.4 - https:\/\/yoast.com\/product\/yoast-seo-wordpress\/ -->\n<title>Enviaron a prisi\u00f3n a la &quot;pulga&quot; por un secuestro en Medell\u00edn - PRENSA PAISA<\/title>\n<meta name=\"robots\" content=\"index, follow, max-snippet:-1, max-image-preview:large, max-video-preview:-1\" \/>\n<link rel=\"canonical\" href=\"https:\/\/prensapaisa.com\/index.php\/2023\/04\/13\/enviaron-a-prision-a-la-pulga-por-un-secuestro-en-medellin\/\" \/>\n<meta property=\"og:locale\" content=\"es_ES\" \/>\n<meta property=\"og:type\" content=\"article\" \/>\n<meta property=\"og:title\" content=\"Enviaron a prisi\u00f3n a la &quot;pulga&quot; por un secuestro en Medell\u00edn - PRENSA PAISA\" \/>\n<meta property=\"og:description\" content=\"&#8220;Una dama, Estefan\u00eda \u00c1lvarez Bol\u00edvar, fue enviada a la c\u00e1rcel como presunta integrante de una banda criminal que habr\u00eda secuestrado y torturado a un hombre, de 19 a\u00f1os de edad,&hellip;\" \/>\n<meta property=\"og:url\" content=\"https:\/\/prensapaisa.com\/index.php\/2023\/04\/13\/enviaron-a-prision-a-la-pulga-por-un-secuestro-en-medellin\/\" \/>\n<meta property=\"og:site_name\" content=\"PRENSA PAISA\" \/>\n<meta property=\"article:published_time\" content=\"2023-04-13T08:35:14+00:00\" \/>\n<meta property=\"article:modified_time\" content=\"2023-04-13T08:35:15+00:00\" \/>\n<meta property=\"og:image\" content=\"https:\/\/prensapaisa.com\/wp-content\/uploads\/2023\/04\/00000001-copia-20.jpg\" \/>\n\t<meta property=\"og:image:width\" content=\"960\" \/>\n\t<meta property=\"og:image:height\" content=\"727\" \/>\n\t<meta property=\"og:image:type\" content=\"image\/jpeg\" \/>\n<meta name=\"author\" content=\"noticias@prensapaisa.com\" \/>\n<meta name=\"twitter:card\" content=\"summary_large_image\" \/>\n<meta name=\"twitter:label1\" content=\"Escrito por\" \/>\n\t<meta name=\"twitter:data1\" content=\"noticias@prensapaisa.com\" \/>\n\t<meta name=\"twitter:label2\" content=\"Tiempo de lectura\" \/>\n\t<meta name=\"twitter:data2\" content=\"2 minutos\" \/>\n<script type=\"application\/ld+json\" class=\"yoast-schema-graph\">{\"@context\":\"https:\\\/\\\/schema.org\",\"@graph\":[{\"@type\":\"Article\",\"@id\":\"https:\\\/\\\/prensapaisa.com\\\/index.php\\\/2023\\\/04\\\/13\\\/enviaron-a-prision-a-la-pulga-por-un-secuestro-en-medellin\\\/#article\",\"isPartOf\":{\"@id\":\"https:\\\/\\\/prensapaisa.com\\\/index.php\\\/2023\\\/04\\\/13\\\/enviaron-a-prision-a-la-pulga-por-un-secuestro-en-medellin\\\/\"},\"author\":{\"name\":\"noticias@prensapaisa.com\",\"@id\":\"https:\\\/\\\/prensapaisa.com\\\/#\\\/schema\\\/person\\\/c5899b8b285dbcd70faec88a7c1579f6\"},\"headline\":\"Enviaron a prisi\u00f3n a la &#8220;pulga&#8221; por un secuestro en Medell\u00edn\",\"datePublished\":\"2023-04-13T08:35:14+00:00\",\"dateModified\":\"2023-04-13T08:35:15+00:00\",\"mainEntityOfPage\":{\"@id\":\"https:\\\/\\\/prensapaisa.com\\\/index.php\\\/2023\\\/04\\\/13\\\/enviaron-a-prision-a-la-pulga-por-un-secuestro-en-medellin\\\/\"},\"wordCount\":252,\"commentCount\":0,\"publisher\":{\"@id\":\"https:\\\/\\\/prensapaisa.com\\\/#organization\"},\"image\":{\"@id\":\"https:\\\/\\\/prensapaisa.com\\\/index.php\\\/2023\\\/04\\\/13\\\/enviaron-a-prision-a-la-pulga-por-un-secuestro-en-medellin\\\/#primaryimage\"},\"thumbnailUrl\":\"https:\\\/\\\/prensapaisa.com\\\/wp-content\\\/uploads\\\/2023\\\/04\\\/00000001-copia-20.jpg\",\"articleSection\":[\"Capturas\",\"Noticias\"],\"inLanguage\":\"es-CO\",\"potentialAction\":[{\"@type\":\"CommentAction\",\"name\":\"Comment\",\"target\":[\"https:\\\/\\\/prensapaisa.com\\\/index.php\\\/2023\\\/04\\\/13\\\/enviaron-a-prision-a-la-pulga-por-un-secuestro-en-medellin\\\/#respond\"]}]},{\"@type\":\"WebPage\",\"@id\":\"https:\\\/\\\/prensapaisa.com\\\/index.php\\\/2023\\\/04\\\/13\\\/enviaron-a-prision-a-la-pulga-por-un-secuestro-en-medellin\\\/\",\"url\":\"https:\\\/\\\/prensapaisa.com\\\/index.php\\\/2023\\\/04\\\/13\\\/enviaron-a-prision-a-la-pulga-por-un-secuestro-en-medellin\\\/\",\"name\":\"Enviaron a prisi\u00f3n a la \\\"pulga\\\" por un secuestro en Medell\u00edn - PRENSA PAISA\",\"isPartOf\":{\"@id\":\"https:\\\/\\\/prensapaisa.com\\\/#website\"},\"primaryImageOfPage\":{\"@id\":\"https:\\\/\\\/prensapaisa.com\\\/index.php\\\/2023\\\/04\\\/13\\\/enviaron-a-prision-a-la-pulga-por-un-secuestro-en-medellin\\\/#primaryimage\"},\"image\":{\"@id\":\"https:\\\/\\\/prensapaisa.com\\\/index.php\\\/2023\\\/04\\\/13\\\/enviaron-a-prision-a-la-pulga-por-un-secuestro-en-medellin\\\/#primaryimage\"},\"thumbnailUrl\":\"https:\\\/\\\/prensapaisa.com\\\/wp-content\\\/uploads\\\/2023\\\/04\\\/00000001-copia-20.jpg\",\"datePublished\":\"2023-04-13T08:35:14+00:00\",\"dateModified\":\"2023-04-13T08:35:15+00:00\",\"breadcrumb\":{\"@id\":\"https:\\\/\\\/prensapaisa.com\\\/index.php\\\/2023\\\/04\\\/13\\\/enviaron-a-prision-a-la-pulga-por-un-secuestro-en-medellin\\\/#breadcrumb\"},\"inLanguage\":\"es-CO\",\"potentialAction\":[{\"@type\":\"ReadAction\",\"target\":[\"https:\\\/\\\/prensapaisa.com\\\/index.php\\\/2023\\\/04\\\/13\\\/enviaron-a-prision-a-la-pulga-por-un-secuestro-en-medellin\\\/\"]}]},{\"@type\":\"ImageObject\",\"inLanguage\":\"es-CO\",\"@id\":\"https:\\\/\\\/prensapaisa.com\\\/index.php\\\/2023\\\/04\\\/13\\\/enviaron-a-prision-a-la-pulga-por-un-secuestro-en-medellin\\\/#primaryimage\",\"url\":\"https:\\\/\\\/prensapaisa.com\\\/wp-content\\\/uploads\\\/2023\\\/04\\\/00000001-copia-20.jpg\",\"contentUrl\":\"https:\\\/\\\/prensapaisa.com\\\/wp-content\\\/uploads\\\/2023\\\/04\\\/00000001-copia-20.jpg\",\"width\":960,\"height\":727},{\"@type\":\"BreadcrumbList\",\"@id\":\"https:\\\/\\\/prensapaisa.com\\\/index.php\\\/2023\\\/04\\\/13\\\/enviaron-a-prision-a-la-pulga-por-un-secuestro-en-medellin\\\/#breadcrumb\",\"itemListElement\":[{\"@type\":\"ListItem\",\"position\":1,\"name\":\"Inicio\",\"item\":\"https:\\\/\\\/prensapaisa.com\\\/\"},{\"@type\":\"ListItem\",\"position\":2,\"name\":\"Enviaron a prisi\u00f3n a la &#8220;pulga&#8221; por un secuestro en Medell\u00edn\"}]},{\"@type\":\"WebSite\",\"@id\":\"https:\\\/\\\/prensapaisa.com\\\/#website\",\"url\":\"https:\\\/\\\/prensapaisa.com\\\/\",\"name\":\"PRENSA PAISA\",\"description\":\"Prensa Paisa la Original | Noticias de Medell\u00edn, Antioquia\",\"publisher\":{\"@id\":\"https:\\\/\\\/prensapaisa.com\\\/#organization\"},\"potentialAction\":[{\"@type\":\"SearchAction\",\"target\":{\"@type\":\"EntryPoint\",\"urlTemplate\":\"https:\\\/\\\/prensapaisa.com\\\/?s={search_term_string}\"},\"query-input\":{\"@type\":\"PropertyValueSpecification\",\"valueRequired\":true,\"valueName\":\"search_term_string\"}}],\"inLanguage\":\"es-CO\"},{\"@type\":\"Organization\",\"@id\":\"https:\\\/\\\/prensapaisa.com\\\/#organization\",\"name\":\"PRENSA PAISA\",\"url\":\"https:\\\/\\\/prensapaisa.com\\\/\",\"logo\":{\"@type\":\"ImageObject\",\"inLanguage\":\"es-CO\",\"@id\":\"https:\\\/\\\/prensapaisa.com\\\/#\\\/schema\\\/logo\\\/image\\\/\",\"url\":\"https:\\\/\\\/prensapaisa.com\\\/wp-content\\\/uploads\\\/2022\\\/05\\\/cropped-cropped-prensa.png\",\"contentUrl\":\"https:\\\/\\\/prensapaisa.com\\\/wp-content\\\/uploads\\\/2022\\\/05\\\/cropped-cropped-prensa.png\",\"width\":784,\"height\":524,\"caption\":\"PRENSA PAISA\"},\"image\":{\"@id\":\"https:\\\/\\\/prensapaisa.com\\\/#\\\/schema\\\/logo\\\/image\\\/\"}},{\"@type\":\"Person\",\"@id\":\"https:\\\/\\\/prensapaisa.com\\\/#\\\/schema\\\/person\\\/c5899b8b285dbcd70faec88a7c1579f6\",\"name\":\"noticias@prensapaisa.com\",\"image\":{\"@type\":\"ImageObject\",\"inLanguage\":\"es-CO\",\"@id\":\"https:\\\/\\\/secure.gravatar.com\\\/avatar\\\/ca2b49c1df14b84557c567431f045ea69c8ea5da2da50309fd4de9b811da0433?s=96&d=mm&r=g\",\"url\":\"https:\\\/\\\/secure.gravatar.com\\\/avatar\\\/ca2b49c1df14b84557c567431f045ea69c8ea5da2da50309fd4de9b811da0433?s=96&d=mm&r=g\",\"contentUrl\":\"https:\\\/\\\/secure.gravatar.com\\\/avatar\\\/ca2b49c1df14b84557c567431f045ea69c8ea5da2da50309fd4de9b811da0433?s=96&d=mm&r=g\",\"caption\":\"noticias@prensapaisa.com\"},\"sameAs\":[\"http:\\\/\\\/prensapaisa.com\"],\"url\":\"https:\\\/\\\/prensapaisa.com\\\/index.php\\\/author\\\/prensapaisagmail-com\\\/\"}]}<\/script>\n<!-- \/ Yoast SEO plugin. -->","yoast_head_json":{"title":"Enviaron a prisi\u00f3n a la \"pulga\" por un secuestro en Medell\u00edn - PRENSA PAISA","robots":{"index":"index","follow":"follow","max-snippet":"max-snippet:-1","max-image-preview":"max-image-preview:large","max-video-preview":"max-video-preview:-1"},"canonical":"https:\/\/prensapaisa.com\/index.php\/2023\/04\/13\/enviaron-a-prision-a-la-pulga-por-un-secuestro-en-medellin\/","og_locale":"es_ES","og_type":"article","og_title":"Enviaron a prisi\u00f3n a la \"pulga\" por un secuestro en Medell\u00edn - PRENSA PAISA","og_description":"&#8220;Una dama, Estefan\u00eda \u00c1lvarez Bol\u00edvar, fue enviada a la c\u00e1rcel como presunta integrante de una banda criminal que habr\u00eda secuestrado y torturado a un hombre, de 19 a\u00f1os de edad,&hellip;","og_url":"https:\/\/prensapaisa.com\/index.php\/2023\/04\/13\/enviaron-a-prision-a-la-pulga-por-un-secuestro-en-medellin\/","og_site_name":"PRENSA PAISA","article_published_time":"2023-04-13T08:35:14+00:00","article_modified_time":"2023-04-13T08:35:15+00:00","og_image":[{"width":960,"height":727,"url":"https:\/\/prensapaisa.com\/wp-content\/uploads\/2023\/04\/00000001-copia-20.jpg","type":"image\/jpeg"}],"author":"noticias@prensapaisa.com","twitter_card":"summary_large_image","twitter_misc":{"Escrito por":"noticias@prensapaisa.com","Tiempo de lectura":"2 minutos"},"schema":{"@context":"https:\/\/schema.org","@graph":[{"@type":"Article","@id":"https:\/\/prensapaisa.com\/index.php\/2023\/04\/13\/enviaron-a-prision-a-la-pulga-por-un-secuestro-en-medellin\/#article","isPartOf":{"@id":"https:\/\/prensapaisa.com\/index.php\/2023\/04\/13\/enviaron-a-prision-a-la-pulga-por-un-secuestro-en-medellin\/"},"author":{"name":"noticias@prensapaisa.com","@id":"https:\/\/prensapaisa.com\/#\/schema\/person\/c5899b8b285dbcd70faec88a7c1579f6"},"headline":"Enviaron a prisi\u00f3n a la &#8220;pulga&#8221; por un secuestro en Medell\u00edn","datePublished":"2023-04-13T08:35:14+00:00","dateModified":"2023-04-13T08:35:15+00:00","mainEntityOfPage":{"@id":"https:\/\/prensapaisa.com\/index.php\/2023\/04\/13\/enviaron-a-prision-a-la-pulga-por-un-secuestro-en-medellin\/"},"wordCount":252,"commentCount":0,"publisher":{"@id":"https:\/\/prensapaisa.com\/#organization"},"image":{"@id":"https:\/\/prensapaisa.com\/index.php\/2023\/04\/13\/enviaron-a-prision-a-la-pulga-por-un-secuestro-en-medellin\/#primaryimage"},"thumbnailUrl":"https:\/\/prensapaisa.com\/wp-content\/uploads\/2023\/04\/00000001-copia-20.jpg","articleSection":["Capturas","Noticias"],"inLanguage":"es-CO","potentialAction":[{"@type":"CommentAction","name":"Comment","target":["https:\/\/prensapaisa.com\/index.php\/2023\/04\/13\/enviaron-a-prision-a-la-pulga-por-un-secuestro-en-medellin\/#respond"]}]},{"@type":"WebPage","@id":"https:\/\/prensapaisa.com\/index.php\/2023\/04\/13\/enviaron-a-prision-a-la-pulga-por-un-secuestro-en-medellin\/","url":"https:\/\/prensapaisa.com\/index.php\/2023\/04\/13\/enviaron-a-prision-a-la-pulga-por-un-secuestro-en-medellin\/","name":"Enviaron a prisi\u00f3n a la \"pulga\" por un secuestro en Medell\u00edn - PRENSA PAISA","isPartOf":{"@id":"https:\/\/prensapaisa.com\/#website"},"primaryImageOfPage":{"@id":"https:\/\/prensapaisa.com\/index.php\/2023\/04\/13\/enviaron-a-prision-a-la-pulga-por-un-secuestro-en-medellin\/#primaryimage"},"image":{"@id":"https:\/\/prensapaisa.com\/index.php\/2023\/04\/13\/enviaron-a-prision-a-la-pulga-por-un-secuestro-en-medellin\/#primaryimage"},"thumbnailUrl":"https:\/\/prensapaisa.com\/wp-content\/uploads\/2023\/04\/00000001-copia-20.jpg","datePublished":"2023-04-13T08:35:14+00:00","dateModified":"2023-04-13T08:35:15+00:00","breadcrumb":{"@id":"https:\/\/prensapaisa.com\/index.php\/2023\/04\/13\/enviaron-a-prision-a-la-pulga-por-un-secuestro-en-medellin\/#breadcrumb"},"inLanguage":"es-CO","potentialAction":[{"@type":"ReadAction","target":["https:\/\/prensapaisa.com\/index.php\/2023\/04\/13\/enviaron-a-prision-a-la-pulga-por-un-secuestro-en-medellin\/"]}]},{"@type":"ImageObject","inLanguage":"es-CO","@id":"https:\/\/prensapaisa.com\/index.php\/2023\/04\/13\/enviaron-a-prision-a-la-pulga-por-un-secuestro-en-medellin\/#primaryimage","url":"https:\/\/prensapaisa.com\/wp-content\/uploads\/2023\/04\/00000001-copia-20.jpg","contentUrl":"https:\/\/prensapaisa.com\/wp-content\/uploads\/2023\/04\/00000001-copia-20.jpg","width":960,"height":727},{"@type":"BreadcrumbList","@id":"https:\/\/prensapaisa.com\/index.php\/2023\/04\/13\/enviaron-a-prision-a-la-pulga-por-un-secuestro-en-medellin\/#breadcrumb","itemListElement":[{"@type":"ListItem","position":1,"name":"Inicio","item":"https:\/\/prensapaisa.com\/"},{"@type":"ListItem","position":2,"name":"Enviaron a prisi\u00f3n a la &#8220;pulga&#8221; por un secuestro en Medell\u00edn"}]},{"@type":"WebSite","@id":"https:\/\/prensapaisa.com\/#website","url":"https:\/\/prensapaisa.com\/","name":"PRENSA PAISA","description":"Prensa Paisa la Original | Noticias de Medell\u00edn, Antioquia","publisher":{"@id":"https:\/\/prensapaisa.com\/#organization"},"potentialAction":[{"@type":"SearchAction","target":{"@type":"EntryPoint","urlTemplate":"https:\/\/prensapaisa.com\/?s={search_term_string}"},"query-input":{"@type":"PropertyValueSpecification","valueRequired":true,"valueName":"search_term_string"}}],"inLanguage":"es-CO"},{"@type":"Organization","@id":"https:\/\/prensapaisa.com\/#organization","name":"PRENSA PAISA","url":"https:\/\/prensapaisa.com\/","logo":{"@type":"ImageObject","inLanguage":"es-CO","@id":"https:\/\/prensapaisa.com\/#\/schema\/logo\/image\/","url":"https:\/\/prensapaisa.com\/wp-content\/uploads\/2022\/05\/cropped-cropped-prensa.png","contentUrl":"https:\/\/prensapaisa.com\/wp-content\/uploads\/2022\/05\/cropped-cropped-prensa.png","width":784,"height":524,"caption":"PRENSA PAISA"},"image":{"@id":"https:\/\/prensapaisa.com\/#\/schema\/logo\/image\/"}},{"@type":"Person","@id":"https:\/\/prensapaisa.com\/#\/schema\/person\/c5899b8b285dbcd70faec88a7c1579f6","name":"noticias@prensapaisa.com","image":{"@type":"ImageObject","inLanguage":"es-CO","@id":"https:\/\/secure.gravatar.com\/avatar\/ca2b49c1df14b84557c567431f045ea69c8ea5da2da50309fd4de9b811da0433?s=96&d=mm&r=g","url":"https:\/\/secure.gravatar.com\/avatar\/ca2b49c1df14b84557c567431f045ea69c8ea5da2da50309fd4de9b811da0433?s=96&d=mm&r=g","contentUrl":"https:\/\/secure.gravatar.com\/avatar\/ca2b49c1df14b84557c567431f045ea69c8ea5da2da50309fd4de9b811da0433?s=96&d=mm&r=g","caption":"noticias@prensapaisa.com"},"sameAs":["http:\/\/prensapaisa.com"],"url":"https:\/\/prensapaisa.com\/index.php\/author\/prensapaisagmail-com\/"}]}},"_links":{"self":[{"href":"https:\/\/prensapaisa.com\/index.php\/wp-json\/wp\/v2\/posts\/10656","targetHints":{"allow":["GET"]}}],"collection":[{"href":"https:\/\/prensapaisa.com\/index.php\/wp-json\/wp\/v2\/posts"}],"about":[{"href":"https:\/\/prensapaisa.com\/index.php\/wp-json\/wp\/v2\/types\/post"}],"author":[{"embeddable":true,"href":"https:\/\/prensapaisa.com\/index.php\/wp-json\/wp\/v2\/users\/1"}],"replies":[{"embeddable":true,"href":"https:\/\/prensapaisa.com\/index.php\/wp-json\/wp\/v2\/comments?post=10656"}],"version-history":[{"count":1,"href":"https:\/\/prensapaisa.com\/index.php\/wp-json\/wp\/v2\/posts\/10656\/revisions"}],"predecessor-version":[{"id":10660,"href":"https:\/\/prensapaisa.com\/index.php\/wp-json\/wp\/v2\/posts\/10656\/revisions\/10660"}],"wp:featuredmedia":[{"embeddable":true,"href":"https:\/\/prensapaisa.com\/index.php\/wp-json\/wp\/v2\/media\/10659"}],"wp:attachment":[{"href":"https:\/\/prensapaisa.com\/index.php\/wp-json\/wp\/v2\/media?parent=10656"}],"wp:term":[{"taxonomy":"category","embeddable":true,"href":"https:\/\/prensapaisa.com\/index.php\/wp-json\/wp\/v2\/categories?post=10656"},{"taxonomy":"post_tag","embeddable":true,"href":"https:\/\/prensapaisa.com\/index.php\/wp-json\/wp\/v2\/tags?post=10656"}],"curies":[{"name":"wp","href":"https:\/\/api.w.org\/{rel}","templated":true}]}}